{"id":104162,"date":"2016-12-14T14:39:03","date_gmt":"2016-12-14T16:39:03","guid":{"rendered":"http:\/\/aconteceunovale.com.br\/portal\/?p=104162"},"modified":"2016-12-14T14:39:03","modified_gmt":"2016-12-14T16:39:03","slug":"bandido-envolvido-em-assalto-que-resultou-na-morte-policial-militar-e-preso-em-montes-claros","status":"publish","type":"post","link":"https:\/\/aconteceunovale.com.br\/portal\/?p=104162","title":{"rendered":"Bandido envolvido em assalto que resultou na morte policial militar \u00e9 preso em Montes Claros"},"content":{"rendered":"<p>A Pol\u00edcia Militar prendeu um dos suspeitos de roubar um cabo da PM dentro de uma oficina em Montes Claros (MG), na tarde dessa ter\u00e7a-feira (13\/12\/2016). Durante o assalto, o PM foi morto por outro policial ap\u00f3s ser confundido como sendo um dos bandidos. O corpo do cabo Ramon Andr\u00e9 Oliveira Ribeiro, de 30 anos, j\u00e1 est\u00e1 sendo velado e deve ser enterrado no final da tarde desta quarta-feira (14).<\/p>\n<p>O suspeito, de 26 anos, foi preso na noite de ter\u00e7a. Com ele, a pol\u00edcia apreendeu a motocicleta utilizada na fuga, al\u00e9m da corrente de ouro e o aparelho celular que haviam sido roubados do cabo da PM.  De acordo com a pol\u00edcia, o assaltante j\u00e1 possui quatro passagens por roubos e furtos. O irm\u00e3o dele, que tamb\u00e9m tem envolvimento no crime, est\u00e1 sendo procurado.<\/p>\n<p>Em nota, a PM esclareceu que o cabo estava sem farda e trocava os pneus do ve\u00edculo dele, quando foi abordado por dois criminosos. Eles anunciaram o roubo e levaram uma corrente de ouro e um telefone celular. Em seguida, o policial atirou nos bandidos para evitar que outras pessoas fossem roubadas; um dos criminosos foi atingido na perna e fugiu com o irm\u00e3o em uma moto. Durante a fuga, o cabo se deslocou para a porta do estabelecimento com a arma em punho.<\/p>\n<p>\u201cNaquele exato momento, trafegava pelo local outro policial fardado, o qual deslocava-se em seu ve\u00edculo particular, ap\u00f3s seu turno de servi\u00e7o, e que, ao se deparar com a cena de um homem armado na porta de um estabelecimento comercial, acreditando ser um risco iminente, efetuou disparos. Assim, o cabo Ramon foi acidentalmente atingido com tr\u00eas tiros nas regi\u00f5es do abdome e pesco\u00e7o\u201d, diz a nota.<\/p>\n<p>Ele foi socorrido pelo pr\u00f3prio colega e encaminhado ao hospital, mas n\u00e3o resistiu aos ferimentos. O policial que atirou se apresentou no 10\u00ba BPM.<\/p>\n<p>Segundo familiares, Ramon Andr\u00e9 completou 30 anos na segunda-feira (12) e participou de um almo\u00e7o com a fam\u00edlia antes de ir para a oficina.<\/p>\n<p><img decoding=\"async\" src=\"http:\/\/aconteceunovale.com.br\/portal\/wp-content\/uploads\/2016\/12\/pm_morto.jpg\" alt=\"\" \/><em>Ramon Andr\u00e9 comemorou o anivers\u00e1rio de 30 anos nessa segunda (Foto: Arquivo Pessoal)<\/em><br \/>\n<\/br><\/p>\n<h4><strong>Nota da 11\u00aa RPM<\/strong><\/h4>\n<p><em>D\u00c9CIMA PRIMEIRA REGI\u00c3O DA POL\u00cdCIA MILITAR<br \/>\nASSESSORIA DE COMUNICA\u00c7\u00c3O ORGANIZACIONAL <\/p>\n<p>NOTA \u00c0 IMPRENSA<\/p>\n<p>FATALIDADE ENVOLVENDO DOIS POLICIAIS MILITARES DA 11\u00aa RPM<\/p>\n<p>O Comando da 11\u00aa RPM vem a p\u00fablico esclarecer o incidente que aconteceu nesta ter\u00e7a, 13 Dez, envolvendo 02 (dois) policiais militares de Montes Claros, por volta das 15 horas, em um estabelecimento comercial situado na Av. Governador Magalh\u00e3es Pinto, bairro Vera Cruz, nesta cidade. <\/p>\n<p>No local, o policial militar, Cb PM Ramon Andr\u00e9 Oliveira Ribeiro, o qual se encontrava em trajes civis, realizando a troca de pneus do seu ve\u00edculo, quando foi abordado por dois infratores que anunciaram um roubo, levando dele uma corrente de ouro e um aparelho de telefone celular. Assim que se achou em condi\u00e7\u00f5es, o militar interveio, a fim de evitar que as outras pessoas tamb\u00e9m fossem roubadas, quando utilizou sua arma de fogo. O disparo atingiu um dos infratores que foi alvejado na perna, mas empreenderam fuga em uma motocicleta, quando o Cb Ramon, ainda de arma em punho, se deslocou para a porta do estabelecimento.<\/p>\n<p>Naquele exato momento, trafegava pelo local um outro policial militar fardado, o qual deslocava-se em seu ve\u00edculo particular, ap\u00f3s seu turno de servi\u00e7o, e que, ao se deparar com a cena de um homem armado na porta de um estabelecimento comercial, acreditando ser um risco iminente a todos os populares que ali estavam, efetuou disparos de arma de fogo, com a certeza de que se encontrava defendendo a comunidade da a\u00e7\u00e3o de infratores.<\/p>\n<p>Assim, o Cb Ramon foi acidentalmente atingido por um seu colega com 03 (tr\u00eas) disparos nas regi\u00f5es do abdome e pesco\u00e7o, ocasionando, ent\u00e3o, uma verdadeira fatalidade.<\/p>\n<p>Ap\u00f3s fazer cessar a a\u00e7\u00e3o do suposto infrator, o pr\u00f3prio militar que efetuou os disparos, de imediato, iniciou a presta\u00e7\u00e3o do socorro, quando veio a descobrir que se tratava de um seu colega. O militar alvejado foi socorrido pelo pr\u00f3prio colega, conduzido em seu ve\u00edculo particular ao HPS, onde deu entrada ainda com vida, j\u00e1 acompanhado por um oficial m\u00e9dico da Pol\u00edcia Militar, contudo, o Cb Ramon, da 11\u00aa Cia PM de Policiamento Especializado, n\u00e3o resistiu aos ferimentos e veio a \u00f3bito.<\/p>\n<p>O outro policial, ap\u00f3s prestar o socorro, apresentou-se no 10\u00ba BPM para ado\u00e7\u00e3o das demais  medidas atinentes \u00e0 Pol\u00edcia Judici\u00e1ria Militar.<\/p>\n<p>O Comandante da 11\u00aa Regi\u00e3o da Pol\u00edcia Militar que se encontrava em Belo Horizonte, lamentou profundamente o ocorrido e, de imediato, n\u00e3o s\u00f3 se deslocou para Montes Claros, como, tamb\u00e9m, determinou apoio \u00e0 fam\u00edlia do policial militar alvejado e tamb\u00e9m ao policial militar que, infelizmente, efetuou os disparos e acreditava estar agindo em desfavor de infratores, recomendando que todos os esfor\u00e7os fossem envidados para localizar e prender os autores do roubo.<\/p>\n<p>Durante o rastreamento, j\u00e1 no per\u00edodo noturno, policiais militares localizaram e prenderam o autor A.T.S.F, de 26 anos, possuidor de 04 (quatro) passagens pelos meios policiais por roubos e furtos, que j\u00e1 cumpriu mandado de pris\u00e3o e havia sido preso, recentemente, em 07\/10\/2016, com libera\u00e7\u00e3o em 25\/11\/2016.<\/p>\n<p>Ainda com esse autor, foi apreendida a motocicleta utilizada no roubo, a corrente de ouro e o aparelho de telefone celular que haviam sido subtra\u00eddos do policial vitimado durante a a\u00e7\u00e3o criminosa.<\/p>\n<p>Os esfor\u00e7os para encontrar o comparsa do autor preso, que seria um seu irm\u00e3o, continuam.<\/p>\n<p>Outras informa\u00e7\u00f5es seguir\u00e3o oportunamente.<\/p>\n<p>Montes Claros\/MG, 13 de dezembro de 2016.<\/p>\n<p>Assessoria de Comunica\u00e7\u00e3o Organizacional da 11\u00aa RPM.<\/em><\/p>\n<p><img decoding=\"async\" src=\"http:\/\/aconteceunovale.com.br\/portal\/wp-content\/uploads\/2016\/12\/baleado_pm_morto_moc.jpg\" alt=\"\" \/><em>Policial foi morto no bairro Vera Cruz (Foto: Reprodu\u00e7\u00e3o\/WhatsApp)<\/em><br \/>\n<\/br><\/p>\n<p><em>(Fonte: G1 Grande Minas e 11\u00aa RPM)<\/em><\/p>\n","protected":false},"excerpt":{"rendered":"<p>A Pol\u00edcia Militar prendeu um dos suspeitos de roubar um cabo da PM dentro de uma oficina em Montes Claros (MG), na tarde dessa ter\u00e7a-feira (13\/12\/2016). Durante o assalto, o PM foi morto por outro policial ap\u00f3s ser confundido como sendo um dos bandidos. O corpo do cabo Ramon Andr\u00e9 Oliveira Ribeiro, de 30 anos, [&hellip;]<\/p>\n","protected":false},"author":1,"featured_media":104163,"comment_status":"open","ping_status":"closed","sticky":false,"template":"","format":"standard","meta":{"amp_status":"","footnotes":""},"categories":[1236],"tags":[130335,130357,130331,130339,130336,130338,130334,210,126336,109550,109549,130337,130340,130341,130333,130332,130330],"class_list":["post-104162","post","type-post","status-publish","format-standard","has-post-thumbnail","hentry","category-norte_de_minas","tag-11a-rpm","tag-bandido-envolvido-em-assalto-que-resultou-na-morte-policial-militar-e-preso-em-montes-claros","tag-cabo-ramon-andre-oliveira-ribeiro","tag-cb-pm-ramon-andre-oliveira-ribeiro","tag-fatalidade-envolvendo-dois-policiais-militares-da-11a-rpm","tag-incidente-policiais-militares-de-montes-claros","tag-militar-morto-em-montes-claros","tag-montes-claros","tag-morto-por-pm-em-montes-claros","tag-pm-assassinado-em-montes-claros","tag-pm-morto-em-montes-claros","tag-policiais-militares-de-montes-claros","tag-policial-militar-e-confundido-com-bandido-e-e-morto-por-colega-de-trabalho-em-montes-claros","tag-policial-militar-e-morto-por-colega-de-farda-ao-ser-confundido-com-bandido-em-montes-claros","tag-policial-militar-morto-em-montes-claros","tag-policial-morto-em-montes-claros","tag-ramon-andre-oliveira-ribeiro"],"_links":{"self":[{"href":"https:\/\/aconteceunovale.com.br\/portal\/index.php?rest_route=\/wp\/v2\/posts\/104162","targetHints":{"allow":["GET"]}}],"collection":[{"href":"https:\/\/aconteceunovale.com.br\/portal\/index.php?rest_route=\/wp\/v2\/posts"}],"about":[{"href":"https:\/\/aconteceunovale.com.br\/portal\/index.php?rest_route=\/wp\/v2\/types\/post"}],"author":[{"embeddable":true,"href":"https:\/\/aconteceunovale.com.br\/portal\/index.php?rest_route=\/wp\/v2\/users\/1"}],"replies":[{"embeddable":true,"href":"https:\/\/aconteceunovale.com.br\/portal\/index.php?rest_route=%2Fwp%2Fv2%2Fcomments&post=104162"}],"version-history":[{"count":0,"href":"https:\/\/aconteceunovale.com.br\/portal\/index.php?rest_route=\/wp\/v2\/posts\/104162\/revisions"}],"wp:featuredmedia":[{"embeddable":true,"href":"https:\/\/aconteceunovale.com.br\/portal\/index.php?rest_route=\/wp\/v2\/media\/104163"}],"wp:attachment":[{"href":"https:\/\/aconteceunovale.com.br\/portal\/index.php?rest_route=%2Fwp%2Fv2%2Fmedia&parent=104162"}],"wp:term":[{"taxonomy":"category","embeddable":true,"href":"https:\/\/aconteceunovale.com.br\/portal\/index.php?rest_route=%2Fwp%2Fv2%2Fcategories&post=104162"},{"taxonomy":"post_tag","embeddable":true,"href":"https:\/\/aconteceunovale.com.br\/portal\/index.php?rest_route=%2Fwp%2Fv2%2Ftags&post=104162"}],"curies":[{"name":"wp","href":"https:\/\/api.w.org\/{rel}","templated":true}]}}