{"id":103839,"date":"2016-12-09T23:52:26","date_gmt":"2016-12-10T01:52:26","guid":{"rendered":"http:\/\/aconteceunovale.com.br\/portal\/?p=103839"},"modified":"2016-12-09T23:52:26","modified_gmt":"2016-12-10T01:52:26","slug":"grande-quantidade-de-drogas-e-apreendida-em-operacao-da-policia-militar-em-montes-claros","status":"publish","type":"post","link":"https:\/\/aconteceunovale.com.br\/portal\/?p=103839","title":{"rendered":"Grande quantidade de drogas \u00e9 apreendida em opera\u00e7\u00e3o da Pol\u00edcia Militar em Montes Claros"},"content":{"rendered":"<p>A Pol\u00edcia Militar (PM) apreendeu 25 quilos de maconha e mais de 7 mil pinos de coca\u00edna durante uma opera\u00e7\u00e3o em Montes Claros, na noite dessa quinta-feira (08\/12\/2016). O material estava em uma casa no Bairro Santa Cec\u00edlia, mas ningu\u00e9m foi preso. No im\u00f3vel, tamb\u00e9m foram encontrados um rev\u00f3lver, muni\u00e7\u00f5es, tr\u00eas balan\u00e7as, pedras de crack e um carro, que era utilizado no transporte da droga.<\/p>\n<p>De acordo com o Tenente \u00c9dson Faustino, o local estava sendo monitorado h\u00e1 cerca de 30 dias ap\u00f3s den\u00fancias an\u00f4nimas e levantamentos da PM. &#8220;A droga seria comercializada na regi\u00e3o e a pol\u00edcia suspeita de que o volume maior seria utilizado nas festas de final de ano&#8221;, disse.<\/p>\n<p>Dois homens estavam na casa no momento da abordagem e conseguiram fugir pulando muros. Eles j\u00e1 foram identificados e est\u00e3o sendo procurados. O material apreendido foi encaminhado \u00e0 delegacia.<\/p>\n<p><img decoding=\"async\" src=\"http:\/\/aconteceunovale.com.br\/portal\/wp-content\/uploads\/2016\/12\/drogas_moc.jpg\" alt=\"\" \/><em>PM apreendeu maconha, coca\u00edna e crack (Foto: Pol\u00edcia Militar\/ divulga\u00e7\u00e3o)<\/em><br \/>\n<\/br><\/p>\n<p><em>(Fonte: G1 Grande Minas)<\/em><\/p>\n","protected":false},"excerpt":{"rendered":"<p>A Pol\u00edcia Militar (PM) apreendeu 25 quilos de maconha e mais de 7 mil pinos de coca\u00edna durante uma opera\u00e7\u00e3o em Montes Claros, na noite dessa quinta-feira (08\/12\/2016). O material estava em uma casa no Bairro Santa Cec\u00edlia, mas ningu\u00e9m foi preso. No im\u00f3vel, tamb\u00e9m foram encontrados um rev\u00f3lver, muni\u00e7\u00f5es, tr\u00eas balan\u00e7as, pedras de crack [&hellip;]<\/p>\n","protected":false},"author":1,"featured_media":103840,"comment_status":"open","ping_status":"closed","sticky":false,"template":"","format":"standard","meta":{"amp_status":"","footnotes":""},"categories":[1236],"tags":[84150,104862,129782,210,81512,81951],"class_list":["post-103839","post","type-post","status-publish","format-standard","has-post-thumbnail","hentry","category-norte_de_minas","tag-apreensao-de-drogas-em-montes-claros","tag-droga-apreendida-em-montes-claros","tag-grande-quantidade-de-drogas-e-apreendida-em-operacao-da-policia-militar-em-montes-claros","tag-montes-claros","tag-trafico-de-drogas-montes-claros","tag-trafico-montes-claros"],"_links":{"self":[{"href":"https:\/\/aconteceunovale.com.br\/portal\/index.php?rest_route=\/wp\/v2\/posts\/103839","targetHints":{"allow":["GET"]}}],"collection":[{"href":"https:\/\/aconteceunovale.com.br\/portal\/index.php?rest_route=\/wp\/v2\/posts"}],"about":[{"href":"https:\/\/aconteceunovale.com.br\/portal\/index.php?rest_route=\/wp\/v2\/types\/post"}],"author":[{"embeddable":true,"href":"https:\/\/aconteceunovale.com.br\/portal\/index.php?rest_route=\/wp\/v2\/users\/1"}],"replies":[{"embeddable":true,"href":"https:\/\/aconteceunovale.com.br\/portal\/index.php?rest_route=%2Fwp%2Fv2%2Fcomments&post=103839"}],"version-history":[{"count":0,"href":"https:\/\/aconteceunovale.com.br\/portal\/index.php?rest_route=\/wp\/v2\/posts\/103839\/revisions"}],"wp:featuredmedia":[{"embeddable":true,"href":"https:\/\/aconteceunovale.com.br\/portal\/index.php?rest_route=\/wp\/v2\/media\/103840"}],"wp:attachment":[{"href":"https:\/\/aconteceunovale.com.br\/portal\/index.php?rest_route=%2Fwp%2Fv2%2Fmedia&parent=103839"}],"wp:term":[{"taxonomy":"category","embeddable":true,"href":"https:\/\/aconteceunovale.com.br\/portal\/index.php?rest_route=%2Fwp%2Fv2%2Fcategories&post=103839"},{"taxonomy":"post_tag","embeddable":true,"href":"https:\/\/aconteceunovale.com.br\/portal\/index.php?rest_route=%2Fwp%2Fv2%2Ftags&post=103839"}],"curies":[{"name":"wp","href":"https:\/\/api.w.org\/{rel}","templated":true}]}}