{"id":103836,"date":"2016-12-09T23:40:04","date_gmt":"2016-12-10T01:40:04","guid":{"rendered":"http:\/\/aconteceunovale.com.br\/portal\/?p=103836"},"modified":"2016-12-09T23:40:04","modified_gmt":"2016-12-10T01:40:04","slug":"pais-pretendem-ficar-mais-de-80-horas-em-fila-para-matricular-filhos-em-escola-de-montes-claros","status":"publish","type":"post","link":"https:\/\/aconteceunovale.com.br\/portal\/?p=103836","title":{"rendered":"Pais pretendem ficar mais de 80 horas em fila para matricular filhos em escola de Montes Claros"},"content":{"rendered":"<p>Pais formaram uma fila em frente ao Centro Municipal de Educa\u00e7\u00e3o Infantil Dona Ivone Silveira para conseguir uma vaga para os filhos estudarem em 2017. Os primeiros a marcarem lugar na fila chegaram na tarde desta quinta-feira (8\/12\/2016), mas a matr\u00edcula ser\u00e1 realizada apenas na segunda-feira (12).<\/p>\n<p>Alguns improvisaram barracas, cadeiras e colchonetes para enfrentar a dif\u00edcil tarefa de permanecer no local e n\u00e3o perder a vaga. O servidor p\u00fablico estadual Ant\u00f4nio In\u00e1cio e Sena afirma esperar conseguir uma vaga na institui\u00e7\u00e3o para filha, de um ano e sete meses. \u201cMinha mulher me ligou ontem dizendo que j\u00e1 tinha outros pais na fila. Ent\u00e3o falei para ela ficar. Estamos em quinto lugar nesta fila\u201d, afirma.<\/p>\n<p>O servidor diz que tem outra filha, de tr\u00eas anos, que estuda no local desde o in\u00edcio deste ano. Ele diz estar satisfeito com a qualidade do ensino aplicado na institui\u00e7\u00e3o. \u201cO ensino l\u00e1 \u00e9 muito bom. E para a gente \u00e9 melhor levar as duas para a mesma escola. Por isso, estamos revezando eu, minha esposa, minha cunhada e minha sobrinha\u201d, explica.<\/p>\n<p>Para a secret\u00e1ria de educa\u00e7\u00e3o municipal, Suely Nobre, \u00e9 desnecess\u00e1ria a forma\u00e7\u00e3o em frente \u00e0s institui\u00e7\u00f5es escolares do munic\u00edpio. \u201cBasta que os pais aceitem que os filhos estudem em escolas pr\u00f3ximas \u00e0s casas deles. O que se percebe \u00e9 que a maioria escolhe a institui\u00e7\u00e3o mais pr\u00f3xima do local de trabalho\u201d.<\/p>\n<p>A secret\u00e1ria afirma tamb\u00e9m que o munic\u00edpio possui n\u00famero de vagas que atende todos os alunos com idades entre quatro e cinco anos. \u201cConforme o Plano Municipal de Educa\u00e7\u00e3o, estas vagas j\u00e1 est\u00e3o regularizadas. N\u00f3s ainda estamos trabalhando para atender toda a demanda para o ber\u00e7\u00e1rio, Maternal I e Maternal II, mas, de acordo com o Plano, n\u00f3s temos at\u00e9 2025\u201d.<\/p>\n<p><img decoding=\"async\" src=\"http:\/\/aconteceunovale.com.br\/portal\/wp-content\/uploads\/2016\/12\/fila_cemei_moc.jpg\" alt=\"\" \/><em>Pais iniciaram a fila nesta quinta-feira (Foto: M\u00f4nica Cristina de Almeida\/Arquivo Pessoal)<\/em><br \/>\n<\/br><\/p>\n<p><em>(Fonte: G1 Grande Minas)<\/em><\/p>\n","protected":false},"excerpt":{"rendered":"<p>Pais formaram uma fila em frente ao Centro Municipal de Educa\u00e7\u00e3o Infantil Dona Ivone Silveira para conseguir uma vaga para os filhos estudarem em 2017. Os primeiros a marcarem lugar na fila chegaram na tarde desta quinta-feira (8\/12\/2016), mas a matr\u00edcula ser\u00e1 realizada apenas na segunda-feira (12). Alguns improvisaram barracas, cadeiras e colchonetes para enfrentar [&hellip;]<\/p>\n","protected":false},"author":1,"featured_media":103837,"comment_status":"open","ping_status":"closed","sticky":false,"template":"","format":"standard","meta":{"amp_status":"","footnotes":""},"categories":[40238,1236],"tags":[129772,129775,129773,129776,129771,129770,129778,129774,129777,210,129779,129769,129780,129781],"class_list":["post-103836","post","type-post","status-publish","format-standard","has-post-thumbnail","hentry","category-educacao-2","category-norte_de_minas","tag-cemei-de-montes-claros","tag-centro-municipal-de-educacao-infantil-dona-ivone-silveira","tag-fila-cemei-de-montes-claros","tag-fila-centro-municipal-de-educacao-infantil-dona-ivone-silveira","tag-fila-de-matricula-escola-de-montes-claros","tag-fila-escola-montes-claros","tag-fila-matricula-centro-municipal-de-educacao-infantil-dona-ivone-silveira","tag-matricula-cemei-de-montes-claros","tag-matricula-centro-municipal-de-educacao-infantil-dona-ivone-silveira","tag-montes-claros","tag-pais-ficarao-mais-de-80-horas-em-fila-para-matricular-filhos-em-cemei-de-montes-claros","tag-pais-ficarao-mais-de-80-horas-em-fila-para-matricular-filhos-em-escola-de-montes-claros","tag-pais-pretendem-ficar-mais-de-80-horas-em-fila-para-matricular-filhos-em-cemei-de-montes-claros","tag-pais-pretendem-ficar-mais-de-80-horas-em-fila-para-matricular-filhos-em-escola-de-montes-claros"],"_links":{"self":[{"href":"https:\/\/aconteceunovale.com.br\/portal\/index.php?rest_route=\/wp\/v2\/posts\/103836","targetHints":{"allow":["GET"]}}],"collection":[{"href":"https:\/\/aconteceunovale.com.br\/portal\/index.php?rest_route=\/wp\/v2\/posts"}],"about":[{"href":"https:\/\/aconteceunovale.com.br\/portal\/index.php?rest_route=\/wp\/v2\/types\/post"}],"author":[{"embeddable":true,"href":"https:\/\/aconteceunovale.com.br\/portal\/index.php?rest_route=\/wp\/v2\/users\/1"}],"replies":[{"embeddable":true,"href":"https:\/\/aconteceunovale.com.br\/portal\/index.php?rest_route=%2Fwp%2Fv2%2Fcomments&post=103836"}],"version-history":[{"count":0,"href":"https:\/\/aconteceunovale.com.br\/portal\/index.php?rest_route=\/wp\/v2\/posts\/103836\/revisions"}],"wp:featuredmedia":[{"embeddable":true,"href":"https:\/\/aconteceunovale.com.br\/portal\/index.php?rest_route=\/wp\/v2\/media\/103837"}],"wp:attachment":[{"href":"https:\/\/aconteceunovale.com.br\/portal\/index.php?rest_route=%2Fwp%2Fv2%2Fmedia&parent=103836"}],"wp:term":[{"taxonomy":"category","embeddable":true,"href":"https:\/\/aconteceunovale.com.br\/portal\/index.php?rest_route=%2Fwp%2Fv2%2Fcategories&post=103836"},{"taxonomy":"post_tag","embeddable":true,"href":"https:\/\/aconteceunovale.com.br\/portal\/index.php?rest_route=%2Fwp%2Fv2%2Ftags&post=103836"}],"curies":[{"name":"wp","href":"https:\/\/api.w.org\/{rel}","templated":true}]}}