{"id":103833,"date":"2016-12-09T23:32:53","date_gmt":"2016-12-10T01:32:53","guid":{"rendered":"http:\/\/aconteceunovale.com.br\/portal\/?p=103833"},"modified":"2016-12-09T23:32:53","modified_gmt":"2016-12-10T01:32:53","slug":"policia-de-montes-claros-prende-suspeitos-de-matar-homem-em-festa","status":"publish","type":"post","link":"https:\/\/aconteceunovale.com.br\/portal\/?p=103833","title":{"rendered":"Pol\u00edcia de Montes Claros prende suspeitos de matar homem em festa"},"content":{"rendered":"<p>Dois homens de 22 anos foram presos, na manh\u00e3 desta sexta-feira (09\/12\/2016), suspeitos de envolvimento em um homic\u00eddio de um rapaz, de 21, ocorrido em Montes Claros no m\u00eas de agosto deste ano. Farley Oliveira Mendes foi morto a tiros dentro de uma casa na Vila Tiradentes.<\/p>\n<p>Os dois suspeitos estavam com um mandado de pris\u00e3o em aberto e foram presos durante uma opera\u00e7\u00e3o da Pol\u00edcia Civil na Vila Tiradentes; a arma usada no homic\u00eddio foi apreendida. Segundo o delegado Bruno Rezende, o mandante do assassinato est\u00e1 detido desde 2015 e encomendou o crime de dentro da cadeia. A v\u00edtima j\u00e1 tinha passagens pela pol\u00edcia por roubo.<\/p>\n<p><strong>Crime<\/strong><\/p>\n<p>A v\u00edtima transitava em uma motocicleta e ao perceber que era perseguida pelos autores, entrou em uma casa, onde acontecia uma festa particular. De acordo com a Pol\u00edcia Civil, os autores arrombaram o port\u00e3o e mataram o homem com v\u00e1rios tiros.<\/p>\n<p><img decoding=\"async\" src=\"http:\/\/aconteceunovale.com.br\/portal\/wp-content\/uploads\/2016\/12\/presos_moc.jpg\" alt=\"\" \/><em>Suspeitos foram presos nesta sexta-feira (Foto: Reprodu\u00e7\u00e3o\/Inter TV Grande Minas)<\/em><br \/>\n<\/br><\/p>\n<p><em>(Fonte: G1 Grande Minas)<\/em><\/p>\n","protected":false},"excerpt":{"rendered":"<p>Dois homens de 22 anos foram presos, na manh\u00e3 desta sexta-feira (09\/12\/2016), suspeitos de envolvimento em um homic\u00eddio de um rapaz, de 21, ocorrido em Montes Claros no m\u00eas de agosto deste ano. Farley Oliveira Mendes foi morto a tiros dentro de uma casa na Vila Tiradentes. Os dois suspeitos estavam com um mandado de [&hellip;]<\/p>\n","protected":false},"author":1,"featured_media":103834,"comment_status":"open","ping_status":"closed","sticky":false,"template":"","format":"standard","meta":{"amp_status":"","footnotes":""},"categories":[1236],"tags":[68567,86200,109009,129766,21967,129767,210,82853,80421,129768,89234],"class_list":["post-103833","post","type-post","status-publish","format-standard","has-post-thumbnail","hentry","category-norte_de_minas","tag-bruno-rezende","tag-delegado-bruno-rezende","tag-farley-oliveira-mendes","tag-gilglecio-souza-reis","tag-homicidio-montes-claros","tag-mauricio-antunes-brandao-junior","tag-montes-claros","tag-morte-montes-claros","tag-morto-montes-claros","tag-policia-de-montes-claros-prende-suspeitos-de-matar-homem-em-festa","tag-preso-montes-claros"],"_links":{"self":[{"href":"https:\/\/aconteceunovale.com.br\/portal\/index.php?rest_route=\/wp\/v2\/posts\/103833","targetHints":{"allow":["GET"]}}],"collection":[{"href":"https:\/\/aconteceunovale.com.br\/portal\/index.php?rest_route=\/wp\/v2\/posts"}],"about":[{"href":"https:\/\/aconteceunovale.com.br\/portal\/index.php?rest_route=\/wp\/v2\/types\/post"}],"author":[{"embeddable":true,"href":"https:\/\/aconteceunovale.com.br\/portal\/index.php?rest_route=\/wp\/v2\/users\/1"}],"replies":[{"embeddable":true,"href":"https:\/\/aconteceunovale.com.br\/portal\/index.php?rest_route=%2Fwp%2Fv2%2Fcomments&post=103833"}],"version-history":[{"count":0,"href":"https:\/\/aconteceunovale.com.br\/portal\/index.php?rest_route=\/wp\/v2\/posts\/103833\/revisions"}],"wp:featuredmedia":[{"embeddable":true,"href":"https:\/\/aconteceunovale.com.br\/portal\/index.php?rest_route=\/wp\/v2\/media\/103834"}],"wp:attachment":[{"href":"https:\/\/aconteceunovale.com.br\/portal\/index.php?rest_route=%2Fwp%2Fv2%2Fmedia&parent=103833"}],"wp:term":[{"taxonomy":"category","embeddable":true,"href":"https:\/\/aconteceunovale.com.br\/portal\/index.php?rest_route=%2Fwp%2Fv2%2Fcategories&post=103833"},{"taxonomy":"post_tag","embeddable":true,"href":"https:\/\/aconteceunovale.com.br\/portal\/index.php?rest_route=%2Fwp%2Fv2%2Ftags&post=103833"}],"curies":[{"name":"wp","href":"https:\/\/api.w.org\/{rel}","templated":true}]}}