{"id":103822,"date":"2016-12-09T22:49:25","date_gmt":"2016-12-10T00:49:25","guid":{"rendered":"http:\/\/aconteceunovale.com.br\/portal\/?p=103822"},"modified":"2016-12-09T22:49:25","modified_gmt":"2016-12-10T00:49:25","slug":"familia-de-resplendor-faz-rifa-para-operar-jovem-com-obesidade-morbida","status":"publish","type":"post","link":"https:\/\/aconteceunovale.com.br\/portal\/?p=103822","title":{"rendered":"Fam\u00edlia de Resplendor faz rifa para operar jovem com obesidade m\u00f3rbida"},"content":{"rendered":"<p>A noite do \u00faltimo dia 7 de dezembro de 2016 era para ser especial na vida da cozinheira Elis\u00e2ngela Souza, pois era a formatura de sua filha mais velha. Em vez de diploma, fotos e comemora\u00e7\u00e3o, a noite foi marcada pelo vazio e a tristeza que se tornou habitual na casa dela nos \u00faltimos tempos. A filha, Caroline Souza, que acabou de completar o Ensino M\u00e9dio na cidade de Resplendor, abriu m\u00e3o de participar da pr\u00f3pria formatura pelo mesmo motivo que vem deixando de manter diversos tipos de conv\u00edvio social: a jovem de 18 anos tem vergonha do pr\u00f3prio corpo.<\/p>\n<p>\u201cMinha filha nasceu com 5,900 kg e sempre esteve acima do peso, assim como eu. Sempre foi uma pessoa amorosa, conversava com todos, mas de uns anos para c\u00e1 ela foi se fechando por timidez, vergonha do corpo. D\u00f3i saber que ela n\u00e3o foi \u00e0 formatura, n\u00e3o ter\u00e1 fotos pra se lembrar desse momento. \u00c9 muito dif\u00edcil ver tudo isso e n\u00e3o conseguir fazer nada\u201d, emociona-se a m\u00e3e.<\/p>\n<p>N\u00e3o \u00e9 a primeira vez que a garota falta a um compromisso importante. Pesando 167 quilos, Caroline tamb\u00e9m deixou de fazer o Exame Nacional do Ensino M\u00e9dio (Enem), por medo de se expor, adiando o sonho de ser professora. Elis\u00e2ngela conta que h\u00e1 cerca de tr\u00eas anos, ela pr\u00f3pria e os filhos, Caroline e Cristian, passaram por diversos m\u00e9dicos e nutricionistas na esperan\u00e7a de perder peso, tentando todo tipo de dieta. Sem sucesso na redu\u00e7\u00e3o do peso e passando pela turbul\u00eancia da adolesc\u00eancia, a jovem de 18 anos desenvolveu depress\u00e3o.<\/p>\n<p>\u201cTanto a Caroline, como o Cristian, parece que se fecharam num mundo s\u00f3 deles. Meu filho ainda trabalha com o av\u00f4 em meio per\u00edodo, mas quando chega em casa s\u00f3 fica fechado no quarto. J\u00e1 a Caroline conversa muito comigo, mas os dois mal saem de casa, n\u00e3o possuem conv\u00edvio normal com pessoas da idade deles; eu fico muito preocupada\u201d, confessa Elis\u00e2ngela.<\/p>\n<p>A enfermeira Luciana Paula \u00e9 prima da garota e h\u00e1 anos acompanha o sofrimento da fam\u00edlia, motivo pelo qual ela tem auxiliado a buscar solu\u00e7\u00f5es para enfrentar o problema. Para isso, ajudou a m\u00e3e e os dois filhos a buscarem informa\u00e7\u00f5es para passarem pela cirurgia de redu\u00e7\u00e3o de est\u00f4mago. A primeira a passar por consulta foi Caroline, mas os resultados dos exames n\u00e3o trouxeram boas not\u00edcias.<\/p>\n<p>\u201cA Carol estava com o \u00edndice de massa corporal (IMC) em 65, quando o ideal para a cirurgia \u00e9 dentro da casa dos 40. Ela precisaria perder 30 quilos para poder fazer a cirurgia, mas dissemos que ela j\u00e1 tentou e n\u00e3o consegue emagrecer. O m\u00e9dico disse que a \u00fanica op\u00e7\u00e3o para ela no momento \u00e9 fazer uma cirurgia para colocar um bal\u00e3o g\u00e1strico\u201d, conta a enfermeira.<\/p>\n<p><strong>Campanha<\/strong><\/p>\n<p>Por esse motivo, no fim de novembro Luciana ajudou a confeccionar carn\u00eas de uma rifa para arrecadar os R$ 15 mil necess\u00e1rios para a cirurgia de Caroline. At\u00e9 o momento, a fam\u00edlia n\u00e3o sabe quanto j\u00e1 foi vendido, pois n\u00e3o fizeram o balan\u00e7o, mas dizem que muitas pessoas se voluntariaram para vender os bilhetes. Nas redes sociais, a fam\u00edlia tamb\u00e9m tem divulgado conta banc\u00e1ria para quem quiser fazer doa\u00e7\u00f5es.<\/p>\n<p>\u201cN\u00f3s estamos torcendo para que essa a\u00e7\u00e3o seja vitoriosa e a gente consiga levantar essa quantia, porque ela merece\u201d, afirma a prima. J\u00e1 a m\u00e3e Elis\u00e2ngela sonha em voltar a ver a filha sorrir. \u201cEla tem muitos sonhos, quero que ela deixe de ter vergonha e possa realiz\u00e1-los\u201d, conclui.<\/p>\n<p>\u00c9 poss\u00edvel ajudar na campanha pelos telefones (33) 9 9947-8327 ou (33) 9 9956-9641.<\/p>\n<p><img decoding=\"async\" src=\"http:\/\/aconteceunovale.com.br\/portal\/wp-content\/uploads\/2016\/12\/rifa_obesidade.jpg\" alt=\"\" \/><em>Prima e m\u00e3e de jovem com obesidade m\u00f3rbida fazem rifa para levantar recursos para cirurgia (Foto: Mylena Paula \/ Arquivo Pessoal \/ Reprodu\u00e7\u00e3o G1 dos Vales)<\/em><br \/>\n<\/br><\/p>\n<p><em>(Fonte: G1 dos Vales)<\/em><\/p>\n","protected":false},"excerpt":{"rendered":"<p>A noite do \u00faltimo dia 7 de dezembro de 2016 era para ser especial na vida da cozinheira Elis\u00e2ngela Souza, pois era a formatura de sua filha mais velha. Em vez de diploma, fotos e comemora\u00e7\u00e3o, a noite foi marcada pelo vazio e a tristeza que se tornou habitual na casa dela nos \u00faltimos tempos. [&hellip;]<\/p>\n","protected":false},"author":1,"featured_media":103823,"comment_status":"open","ping_status":"closed","sticky":false,"template":"","format":"standard","meta":{"amp_status":"","footnotes":""},"categories":[121],"tags":[129738,129737,129740,129739,129741,309],"class_list":["post-103822","post","type-post","status-publish","format-standard","has-post-thumbnail","hentry","category-leste","tag-caroline-souza","tag-elisangela-souza","tag-familia-de-resplendor-faz-rifa-para-operar-jovem-com-obesidade-morbida","tag-luciana-paula","tag-obesidade-morbida","tag-resplendor"],"_links":{"self":[{"href":"https:\/\/aconteceunovale.com.br\/portal\/index.php?rest_route=\/wp\/v2\/posts\/103822","targetHints":{"allow":["GET"]}}],"collection":[{"href":"https:\/\/aconteceunovale.com.br\/portal\/index.php?rest_route=\/wp\/v2\/posts"}],"about":[{"href":"https:\/\/aconteceunovale.com.br\/portal\/index.php?rest_route=\/wp\/v2\/types\/post"}],"author":[{"embeddable":true,"href":"https:\/\/aconteceunovale.com.br\/portal\/index.php?rest_route=\/wp\/v2\/users\/1"}],"replies":[{"embeddable":true,"href":"https:\/\/aconteceunovale.com.br\/portal\/index.php?rest_route=%2Fwp%2Fv2%2Fcomments&post=103822"}],"version-history":[{"count":0,"href":"https:\/\/aconteceunovale.com.br\/portal\/index.php?rest_route=\/wp\/v2\/posts\/103822\/revisions"}],"wp:featuredmedia":[{"embeddable":true,"href":"https:\/\/aconteceunovale.com.br\/portal\/index.php?rest_route=\/wp\/v2\/media\/103823"}],"wp:attachment":[{"href":"https:\/\/aconteceunovale.com.br\/portal\/index.php?rest_route=%2Fwp%2Fv2%2Fmedia&parent=103822"}],"wp:term":[{"taxonomy":"category","embeddable":true,"href":"https:\/\/aconteceunovale.com.br\/portal\/index.php?rest_route=%2Fwp%2Fv2%2Fcategories&post=103822"},{"taxonomy":"post_tag","embeddable":true,"href":"https:\/\/aconteceunovale.com.br\/portal\/index.php?rest_route=%2Fwp%2Fv2%2Ftags&post=103822"}],"curies":[{"name":"wp","href":"https:\/\/api.w.org\/{rel}","templated":true}]}}