{"id":103814,"date":"2016-12-09T22:20:48","date_gmt":"2016-12-10T00:20:48","guid":{"rendered":"http:\/\/aconteceunovale.com.br\/portal\/?p=103814"},"modified":"2016-12-09T22:28:55","modified_gmt":"2016-12-10T00:28:55","slug":"disputa-por-pedra-de-fel-termina-em-dois-feridos-no-vale-do-jequitinhonha","status":"publish","type":"post","link":"https:\/\/aconteceunovale.com.br\/portal\/?p=103814","title":{"rendered":"Disputa por pedra de fel termina em briga entre lavradores no Vale do Jequitinhonha"},"content":{"rendered":"<p>Dois lavradores se agrediram mutuamente, na tarde de quinta-feira (8\/12\/2016), em uma fazenda na regi\u00e3o de Pau D\u2019Alho, zona rural de Cara\u00ed, no Vale do Jequitinhonha, durante disputa por uma pedra de fel, encontrada na ves\u00edcula de uma vaca.<\/p>\n<p>Os dois foram levados para o hospital Nossa Senhora M\u00e3e da Igreja, na cidade de Padre Para\u00edso. Ap\u00f3s atendimento, um dos envolvidos foi transferido para um hospital em Te\u00f3filo Otoni e o outro foi preso.<\/p>\n<p>Cloves Ferreira Maur\u00edcio, de 37 anos, que apresentava les\u00f5es e sangramento em v\u00e1rias partes do corpo, contou que a confus\u00e3o foi gerada  ap\u00f3s a morte de uma vaca, na fazenda onde ele trabalha com o colega Joaquim Rodrigues de Oliveira, de 55 anos.<\/p>\n<p>De acordo com o lavrador, ele e o colega resolveram aproveitar a carne do animal e durante o processo de separa\u00e7\u00e3o das partes, os dois encontraram uma pedra na ves\u00edcula do animal, conhecida como pedra de fel.<\/p>\n<p>Segundo a ocorr\u00eancia policial, Cloves Ferreira se apoderou da pedra, levando-a para a casa dele, com a promessa de entrega-la para o propriet\u00e1rio da fazenda e do animal.<\/p>\n<p><img decoding=\"async\" src=\"http:\/\/aconteceunovale.com.br\/portal\/wp-content\/uploads\/2016\/12\/pedra_de_fel.jpg\" alt=\"\" \/><em>Pedra de fel \u00e9 encontrada na ves\u00edcula de bovinos (Foto: Site Pedra de Fel\/Divulga\u00e7\u00e3o)<\/em><br \/>\n<\/br><\/p>\n<p><strong>Disputa<\/strong><\/p>\n<p>\u201cNo dia da confus\u00e3o, o Joaquim Rodrigues foi at\u00e9 \u00e0 casa do Cloves, dizendo que queria a pedra para entreg\u00e1-la ao dono da fazenda. O Cloves n\u00e3o aceitou entregar a pedra. Insatisfeito, Joaquim se apoderou de uma faca e desferiu v\u00e1rios golpes contra Cloves, acertando o t\u00f3rax e bra\u00e7o esquerdo dele. Para n\u00e3o ser morto, Cloves saiu correndo, mas foi perseguido pelo Joaquim que acabou sendo agredido com uma paulada na cabe\u00e7ada, desferida pelo Cloves&#8221;, informou um policial.<\/p>\n<p>Os envolvidos foram socorridos por uma equipe do SAMU e encaminhados para o hospital de Padre Para\u00edso. Devido \u00e0 gravidade dos ferimentos, Cloves Ferreira foi transferido para Te\u00f3filo Otoni, onde segue internado em estado est\u00e1vel.<\/p>\n<p>As armas utilizadas na confus\u00e3o, n\u00e3o foram localizadas. Ap\u00f3s atendimento, o lavrador Joaquim Rodrigues foi preso em flagrante e conduzido para a delegacia de Pol\u00edcia Civil. A PM n\u00e3o informou o destino da &#8220;pedra de fel&#8221;.<\/p>\n<p><strong>Pedra de fel<\/strong><\/p>\n<p>Nos maiores frigor\u00edficos de Minas, c\u00e2meras no teto vigiam uma mina de dinheiro: o local onde s\u00e3o encontradas as pedras de fel. &#8220;Em 100 vacas, a gente encontra umas 6 pedras&#8221;, diz o funcion\u00e1rio de um  frigor\u00edfico  da regi\u00e3o do Vale do Mucuri.<\/p>\n<p>Raras e valiosas, as pedras crescem na ves\u00edcula dos animais. Descobertas, s\u00e3o guardadas como joias no cofre.<\/p>\n<p>O c\u00e1lculo \u00e9 formado pelo ac\u00famulo de sais (biliares e de c\u00e1lcio) na ves\u00edcula biliar do animal. N\u00e3o existe ainda, pesquisas que expliquem os fatos que determinem sua forma\u00e7\u00e3o. S\u00f3 se sabe que \u00e9 preciso que seja um animal mais velho.<\/p>\n<p>Um quilo de pedra vale entre R$ 12 a R$ 35 mil, por\u00e9m \u00e9 preciso seis meses para juntar este volume.<\/p>\n<p>O pre\u00e7o se compara ao do grama do ouro e a descri\u00e7\u00e3o de seus usos encontram diverg\u00eancias. Alguns o associam ao processo de indu\u00e7\u00e3o para forma\u00e7\u00e3o da p\u00e9rola. Existem os que afirmam que os c\u00e1lculos s\u00e3o usados para fixa\u00e7\u00e3o de pintura em porcelana. H\u00e1 os que asseguram que eles possuem propriedades afrodis\u00edacas e outros que citam seu uso para fabrica\u00e7\u00e3o de medicamentos.<\/p>\n<p>No Brasil, as pedras n\u00e3o valem um centavo. Mas do outro lado do mundo, podem ser mais caras que o ouro. Os principais interessados s\u00e3o os chineses que compram de intermedi\u00e1rios que moram em Barretos, interior de S\u00e3o Paulo e em Governador Valadares, regi\u00e3o leste de Minas Gerais.<\/p>\n<p>Na \u00c1sia, elas s\u00e3o usadas na fabrica\u00e7\u00e3o de rem\u00e9dios. As que n\u00e3o t\u00eam defeito s\u00e3o vendidas por at\u00e9 R$ 30 o grama, R$ 4 reais a mais que o ouro puro. A Receita Federal diz que nunca recebeu uma declara\u00e7\u00e3o da sa\u00edda dessas pedras do Brasil.<\/p>\n<p>As pedras s\u00e3o valiosas porque t\u00eam grandes quantidades de prote\u00ednas, s\u00f3dio e sais minerais.<\/p>\n<p>A maioria dos frigor\u00edficos dispensa comentar detalhes a respeito e outros n\u00e3o aceitam nem falar sobre as tais pedras valiosas.<\/p>\n<p><img decoding=\"async\" src=\"http:\/\/aconteceunovale.com.br\/portal\/wp-content\/uploads\/2016\/12\/pedra_de_fel2.jpg\" alt=\"\" \/><em>Pedra de fel \u00e9 encontrada na ves\u00edcula de bovinos (Foto: Site Pedra de Fel\/Divulga\u00e7\u00e3o)<\/em><br \/>\n<\/br><\/p>\n<p><img decoding=\"async\" src=\"http:\/\/aconteceunovale.com.br\/portal\/wp-content\/uploads\/2016\/12\/pedra_de_fel3.jpg\" alt=\"\" \/><em>Pedra de fel \u00e9 encontrada na ves\u00edcula de bovinos (Foto: Site Pedra de Fel\/Divulga\u00e7\u00e3o)<\/em><br \/>\n<\/br><\/p>\n<p><em>(Fonte: Gazeta de Ara\u00e7ua\u00ed)<\/em><\/p>\n","protected":false},"excerpt":{"rendered":"<p>Dois lavradores se agrediram mutuamente, na tarde de quinta-feira (8\/12\/2016), em uma fazenda na regi\u00e3o de Pau D\u2019Alho, zona rural de Cara\u00ed, no Vale do Jequitinhonha, durante disputa por uma pedra de fel, encontrada na ves\u00edcula de uma vaca. Os dois foram levados para o hospital Nossa Senhora M\u00e3e da Igreja, na cidade de Padre [&hellip;]<\/p>\n","protected":false},"author":1,"featured_media":103816,"comment_status":"open","ping_status":"closed","sticky":false,"template":"","format":"standard","meta":{"amp_status":"","footnotes":""},"categories":[120],"tags":[129728,129724,129726,129725,490,129729,129733,1018,129736,129731,129735,129730,129734,129723,129727,164,129732],"class_list":["post-103814","post","type-post","status-publish","format-standard","has-post-thumbnail","hentry","category-jequi","tag-briga-por-causa-de-pedra-de-fel-em-carai","tag-briga-por-pedra-de-fel","tag-briga-por-pedra-de-fel-em-carai","tag-briga-pro-causa-de-pedra-de-fel","tag-carai","tag-cloves-ferreira-mauricio","tag-custo-de-pedra-de-fel","tag-destaque","tag-disputa-por-pedra-de-fel-termina-em-briga-entre-lavradores-no-vale-do-jequitinhonha","tag-disputa-por-pedra-de-fel-termina-em-dois-feridos-no-municipio-de-carai","tag-disputa-por-pedra-de-fel-termina-em-dois-feridos-no-vale-do-jequitinhonha","tag-joaquim-rodrigues-de-oliveira","tag-o-que-e-pedra-de-fel","tag-pedra-de-fel","tag-pedra-de-fel-carai","tag-teofilo-otoni","tag-valor-de-pedro-de-fel"],"_links":{"self":[{"href":"https:\/\/aconteceunovale.com.br\/portal\/index.php?rest_route=\/wp\/v2\/posts\/103814","targetHints":{"allow":["GET"]}}],"collection":[{"href":"https:\/\/aconteceunovale.com.br\/portal\/index.php?rest_route=\/wp\/v2\/posts"}],"about":[{"href":"https:\/\/aconteceunovale.com.br\/portal\/index.php?rest_route=\/wp\/v2\/types\/post"}],"author":[{"embeddable":true,"href":"https:\/\/aconteceunovale.com.br\/portal\/index.php?rest_route=\/wp\/v2\/users\/1"}],"replies":[{"embeddable":true,"href":"https:\/\/aconteceunovale.com.br\/portal\/index.php?rest_route=%2Fwp%2Fv2%2Fcomments&post=103814"}],"version-history":[{"count":0,"href":"https:\/\/aconteceunovale.com.br\/portal\/index.php?rest_route=\/wp\/v2\/posts\/103814\/revisions"}],"wp:featuredmedia":[{"embeddable":true,"href":"https:\/\/aconteceunovale.com.br\/portal\/index.php?rest_route=\/wp\/v2\/media\/103816"}],"wp:attachment":[{"href":"https:\/\/aconteceunovale.com.br\/portal\/index.php?rest_route=%2Fwp%2Fv2%2Fmedia&parent=103814"}],"wp:term":[{"taxonomy":"category","embeddable":true,"href":"https:\/\/aconteceunovale.com.br\/portal\/index.php?rest_route=%2Fwp%2Fv2%2Fcategories&post=103814"},{"taxonomy":"post_tag","embeddable":true,"href":"https:\/\/aconteceunovale.com.br\/portal\/index.php?rest_route=%2Fwp%2Fv2%2Ftags&post=103814"}],"curies":[{"name":"wp","href":"https:\/\/api.w.org\/{rel}","templated":true}]}}