{"id":103810,"date":"2016-12-09T21:35:53","date_gmt":"2016-12-09T23:35:53","guid":{"rendered":"http:\/\/aconteceunovale.com.br\/portal\/?p=103810"},"modified":"2016-12-09T21:35:53","modified_gmt":"2016-12-09T23:35:53","slug":"diocese-de-itabira-coronel-fabriciano-se-despede-do-bispo-emerito-dom-lelis-lara","status":"publish","type":"post","link":"https:\/\/aconteceunovale.com.br\/portal\/?p=103810","title":{"rendered":"Diocese de Itabira-Coronel Fabriciano se despede do Bispo Em\u00e9rito Dom Lelis Lara"},"content":{"rendered":"<p>Perto de completar 91 anos, no pr\u00f3ximo dia 19 de dezembro, morreu na noite dessa quinta-feira (8\/12\/2016), o bispo em\u00e9rito da arquidiocese Itabira-Fabriciano, Dom Lelis Lara. O religioso seguia internado em um hospital particular, em Coronel Fabriciano, na Regi\u00e3o do Rio Doce, desde o dia 29 de novembro para tratar uma pneumonia. <\/p>\n<p>De acordo com o Departamento de Comunica\u00e7\u00e3o da Diocese, conforme informa\u00e7\u00f5es m\u00e9dicas, o quadro de sa\u00fade do bispo se agravou na tarde de quarta-feira. Um novo boletim m\u00e9dico, emitido na quinta-feira por volta das 11h, informou que o caso do bispo em\u00e9rito era grav\u00edssimo, sendo que ele permanecia sedado respirando com ajuda de aparelhos. Ao final da noite, com sa\u00fade ainda mais debilitada, Dom Lelis faleceu.<\/p>\n<p>O corpo de Dom Lelis Lara est\u00e1 sendo velado em Coronel Fabriciano. O sepultamento tamb\u00e9m ser\u00e1 na cidade, conforme o desejo do Bispo Em\u00e9rito e est\u00e1 previsto para domingo, \u00e0s 10 horas da manh\u00e3.<\/p>\n<p>Nesta sexta-feira, \u00e0s 19h, foi celebrada a Santa Missa de Corpo Presente. No s\u00e1bado est\u00e1 prevista a ora\u00e7\u00e3o do Of\u00edcio dos Mortos, \u00e0s 15h, santo ter\u00e7o \u00e0s 18h e Santa Missa \u00e0s 19h. J\u00e1 no domingo, data de previs\u00e3o do sepultamento, haver\u00e1 Santa Missa \u00e0s 09h.<\/p>\n<p><img decoding=\"async\" src=\"http:\/\/aconteceunovale.com.br\/portal\/wp-content\/uploads\/2016\/12\/dom_lelis_lara.jpg\" alt=\"\" \/><em>Dom Lelis tinha 90 anos (Foto: Divulga\u00e7\u00e3o\/Diocese de Itabira-Cel. Fabriciano)<\/em><br \/>\n<\/br><\/p>\n<p><strong>Hist\u00f3ria de vida<\/strong><\/p>\n<p>Dom Lelis Lara, nasceu em Divin\u00f3polis-MG, em 19 de dezembro de 1925, filho de Joaquim Martins Lara e Maria Jos\u00e9 Lara. Cursou o 1\u00ba grau (1934-1937) em Divin\u00f3polis e no dia 02 de mar\u00e7o de 1938, ingressou no Semin\u00e1rio da Congrega\u00e7\u00e3o Redentorista em Congonhas-MG, onde cursou o 2\u00ba grau (1938-1944) e se preparou para a vida religiosa.<\/p>\n<p>Ap\u00f3s o 2\u00ba grau em 1945, transferiu-se para Juiz de Fora-MG, no Semin\u00e1rio da Floresta, onde realizou a Profiss\u00e3o Religiosa em 02 de fevereiro de 1946 e, deu prosseguimento aos estudos, graduando em Filosofia e Teologia (1946-1915). A 28 de janeiro de 1951 foi ordenado Di\u00e1cono. Ao t\u00e9rmino dos estudos, foi ordenado Padre, em Juiz de Fora, em 02 de fevereiro de 1951. Celebrou a 1\u00aa Missa solene a 13 de maio de 1951 em sua terra natal.<\/p>\n<p>Foi professor em Congonhas-MG de 1952 a 1954. Em 1954, Dom Lara viajou para Roma para estudar na Pontif\u00edcia Universidade Gregoriana e Angelicum, onde concluiu estudos de N\u00edvel Superior em Direito Can\u00f4nico, Espiritualidade e M\u00fasica. Doutorou-se em Direito Can\u00f4nico, no ano de 1958. Nesse per\u00edodo escreveu sua Tese de L\u00e1urea: \u201cDe Requisitis in subiecto ordinationis ab Ecclesiae Exordiis Usque ad Conc. Nicaenum\u201d.<\/p>\n<p>De volta ao Brasil, em 1958, passou um ano em Miss\u00f5es e em 1959, Dom Lara assumiu a C\u00e1tedra de Direito Can\u00f4nico, Liturgia e Espiritualidade no Semin\u00e1rio Maior Redentorista de Juiz de Fora, onde foi diretor espiritual e reitor do Semin\u00e1rio, permanecendo at\u00e9 1970.<\/p>\n<p>Em 14 de janeiro de 1971, Dom Lara recebeu nova miss\u00e3o: unir-se \u00e0 Comunidade Redentorista de Coronel Fabriciano-MG. A 19 de mar\u00e7o de 1974 foi nomeado Vig\u00e1rio Episcopal do Vicariato III, integrando \u00e0 equipe de coordena\u00e7\u00e3o pastoral diocesana. Come\u00e7ou uma nova vida pastoral, com novas miss\u00f5es.<\/p>\n<p>At\u00e9 1976 foi Vig\u00e1rio Episcopal e P\u00e1roco da Par\u00f3quia S\u00e3o Sebasti\u00e3o de Cel. Fabriciano. Nesse per\u00edodo, lecionou no col\u00e9gio Imaculada (dos Redentoristas), e, posteriormente, no Semin\u00e1rio de Mariana e Semin\u00e1rio Diocesano.<\/p>\n<p>No dia 06 de dezembro de 1976, foi nomeado Bispo Auxiliar da Diocese de Itabira-Coronel Fabriciano pelo Papa Paulo VI. No dia 02 de fevereiro de 1977, em Coronel Fabriciano, foi sagrado pelo Bispo Diocesano Dom M\u00e1rio Teixeira Gurgel. Tendo como lema \u201cCaritas omnia credit\u201d(A caridade tudo cr\u00ea \u2013 1Cor. 13,7) .<\/p>\n<p>Preocupado e sensibilizado com a quest\u00e3o social das crian\u00e7as e adolescentes sem refer\u00eancia familiares e abandonados, Dom Lara criou uma institui\u00e7\u00e3o onde pudesse abrigar e educar esses jovens. Assim, em 06 de maio de 1971, criou a Funda\u00e7\u00e3o Comunit\u00e1ria Fabricianense \u2013 FUNCELFA. Em 06 de dezembro de 1976, deu in\u00edcio \u00e0 \u201cCidade do Menor\u201d, entidade ligada a FUNCELFA, para abrigar crian\u00e7as e adolescentes. Na data de sua ordena\u00e7\u00e3o episcopal , 02\/02\/1977, foi a primeira noite que 16 meninos dormiram na \u201cCidade do Menor\u201d, hoje, \u201cCidade dos Meninos\u201d.<\/p>\n<p>Na sua caminhada como Bispo Auxiliar de Itabira-Coronel Fabriciano, Dom Lara permaneceu a servi\u00e7o de toda a Diocese, n\u00e3o se eximindo das fun\u00e7\u00f5es anteriormente assumidas, al\u00e9m da sua ativa participa\u00e7\u00e3o nas quest\u00f5es mais prementes e conflitantes da Regi\u00e3o do Vale do A\u00e7o, agindo sempre em favor dos direitos humanos. Participou dos programas na TV Universit\u00e1ria de Coronel Fabriciano e na R\u00e1dio Educadora de Coronel Fabriciano, R\u00e1dio Mil\u00edcia da Imaculada de S\u00e3o Paulo. Tamb\u00e9m teve participa\u00e7\u00e3o nos programas da TV Cultura, em Itabira.<\/p>\n<p>Em 1977, Dom Lara se integrou \u00e0 Comunidade Episcopal do Regional Leste II da Confer\u00eancia Nacional dos Bispos do Brasil \u2013 CNBB. Nas Assembleias da CNBB se fez presente assumindo fun\u00e7\u00f5es de grande import\u00e2ncia para o conjunto do Episcopado Brasileiro, como tamb\u00e9m para os fieis e popula\u00e7\u00e3o brasileira, tais como trabalhar nas Comiss\u00f5es de estudos sobre a conjuntura nacional. Em 1991 assumiu o Col\u00e9gio T\u00e9cnico Pe. De Man e 1992, o Instituto Cat\u00f3lico de Minas Gerais \u2013 ICMG, sucessor da PUC \u2013 Campus de Coronel Fabriciano. Dom Lara foi nomeado Gr\u00e3o Chanceler da Sociedade Educacional Uni\u00e3o e T\u00e9cnica \u2013 SEUT, mantenedora do ICMG, declarado Centro Universit\u00e1rio UNILESTE aos 06 de junho de 2000.<\/p>\n<p>Em 06 de dezembro de 1995, nomeado Bispo-coadjutor e, em 22 de maio de 1996, tornou-se o 3\u00ba Bispo Diocesano da Diocese de Itabira-Cel. Fabriciano, pela Ren\u00fancia de Dom M\u00e1rio Teixeira Gurgel. Em 23 de junho de 1996, assumiu a Diocese \u2013 \u201ctransmiss\u00e3o do b\u00e1culo\u201d. Em 1998, Dom Lelis Lara foi nomeado Moderador do Tribunal Eclesi\u00e1stico do Regional Leste II, da CNBB, sediado em Belo Horizonte.<\/p>\n<p>Enquanto Bispo Diocesano, Dom Lara foi presidente da Irmandade Nossa Senhora das Dores em Itabira, por for\u00e7a do Estatuto da Irmandade. Tamb\u00e9m presidente da TV Universit\u00e1ria de Coronel Fabriciano, hoje TV UNI. Em 2001, lecionou Direito Can\u00f4nico no Instituto Teol\u00f3gico Cura D\u2019Ars, em Itabira-MG.<\/p>\n<p>Em 30 de mar\u00e7o de 2003, pela sua ren\u00fancia, passou o b\u00e1culo para Dom Odilon Guimar\u00e3es Moreira, seu sucessor \u2013 4\u00ba Bispo da Diocese de Itabira-Cel. Fabriciano. Manteve programas na TV e r\u00e1dios, em Itabira e continua mantendo em Coronel Fabriciano, onde reside atualmente. \u00c9 o presidente da Sociedade Dom Bosco de Comunica\u00e7\u00e3o de Coronel Fabriciano, entidade mantenedora da TV UNI do Vale A\u00e7o.<\/p>\n<p>Tamb\u00e9m \u00e9 membro da Diretoria da Uni\u00e3o Brasileira de Educa\u00e7\u00e3o e Cultura \u2013 UBEC, entidade mantenedora do Centro Universit\u00e1rio do Leste de Minas Gerais \u2013 UNILESTE, como tamb\u00e9m da Universidade Cat\u00f3lica de Bras\u00edlia e Faculdades Cat\u00f3licas de Palmas (TO). \u00c9 presidente da C\u00e1ritas Diocesana.<\/p>\n<p>Homem apaixonado pela m\u00fasica. Trouxe para Coronel Fabriciano um \u00f3rg\u00e3o holand\u00eas, instalado na Catedral da cidade; fundou o ICMG, mantenedor da universidade local, a TV Universit\u00e1ria, mantendo programa de m\u00fasica erudita na r\u00e1dio Educadora de Coronel Fabriciano.<\/p>\n<p>Foi assessor Jur\u00eddico da CNBB e segundo vice-presidente da UBEC, Universidade Brasiliense de Educa\u00e7\u00e3o e Comunica\u00e7\u00e3o, que mant\u00e9m cursos da UNILESTE \u2013 Centro Universit\u00e1rio do Leste de Minas Gerais.<br \/>\nPublicou:<\/p>\n<p>\u2013 Tese de L\u00e1urea intitulada \u201cDe Requisitis in subiecto ordinationis ab Ecclesiae exordiis usque ad Conc.Nicaenum\u201d \u2013 Edi\u00e7\u00e3o bil\u00edng\u00fce (Latim \u2013 Portugu\u00eas). \u2013 Cadernos de Direito Can\u00f4nico \u2013 Publica\u00e7\u00e3o peri\u00f3dica em forma de cartas. \u2013 Artigos avulsos em peri\u00f3dicos e jornais, sobretudo da regi\u00e3o.<\/p>\n<p>Al\u00e9m dos trabalhos desenvolvidos ligados \u00e0 \u00e1rea de educa\u00e7\u00e3o, na Diocese e em Bras\u00edlia-DF, Dom Lara atende \u00e0queles que o procuram, celebra nas diversas par\u00f3quias da Diocese, representa o bispo em algumas ocasi\u00f5es, contribui na forma\u00e7\u00e3o das lideran\u00e7as pastorais, assessora encontros, retiros fora da Diocese e ainda dedica parte do tempo redigindo artigos e exercendo m\u00fasica instrumental.<\/p>\n<p><strong>Dom Marco Aur\u00e9lio presta Homenagem a Dom Lara<\/strong><\/p>\n<p>O Bispo Diocesano de Itabira-Coronel Fabriciano, Dom Marco Aur\u00e9lio Gubiotti, prestou um singela homenagem p\u00f3stuma ao amigo e irm\u00e3o no episcopado Dom Lelis Lara.<\/p>\n<p>Na tarde desta sexta-feira, 09, Dom Marco Aur\u00e9lio publicou em sua rede social: <em>&#8220;Queridos irm\u00e3os e irm\u00e3s, nossa Diocese agradece a Deus o dom da vida de Dom Lelis Lara, o bispo que mais tempo viveu nesta Igreja Particular. Chegou por aqui, como padre Mission\u00e1rio Redentorista, ainda antes de Dom M\u00e1rio Gurgel. Foi seu assessor, bispo auxiliar, bispo coadjutor e, mais tarde, ap\u00f3s a ren\u00fancia de D. M\u00e1rio, Bispo Diocesano. Por\u00e9m, foi sempre o grande amigo dos padres, do povo, especialmente dos pobres. Desde aqui cheguei, logo ganhei um amigo fiel, um exemplo de vida, um confessor e conselheiro. Sinto sua falta, mas agrade\u00e7o a Deus pois sua amizade, seus exemplos de vida seu carinho fraterno e paterno que a morte n\u00e3o me rouba, mas sela definitivamente como gra\u00e7a recebida. Obrigado Senhor pela vida deste grande irm\u00e3o e amigo. Am\u00e9m!\u201d<\/em><\/p>\n<p><img decoding=\"async\" src=\"http:\/\/aconteceunovale.com.br\/portal\/wp-content\/uploads\/2016\/12\/homenagem_dom.jpg\" alt=\"\" \/><em>Dom Marco presta Homenagem a Dom Lara (Foto: Divulga\u00e7\u00e3o\/Diocese de Itabira-Cel. Fabriciano)<\/em><br \/>\n<\/br><\/p>\n<p><em>(Fonte: Estado de Minas \/ Diocese de Itabira-Coronel Fabriciano)<\/em><\/p>\n","protected":false},"excerpt":{"rendered":"<p>Perto de completar 91 anos, no pr\u00f3ximo dia 19 de dezembro, morreu na noite dessa quinta-feira (8\/12\/2016), o bispo em\u00e9rito da arquidiocese Itabira-Fabriciano, Dom Lelis Lara. O religioso seguia internado em um hospital particular, em Coronel Fabriciano, na Regi\u00e3o do Rio Doce, desde o dia 29 de novembro para tratar uma pneumonia. De acordo com [&hellip;]<\/p>\n","protected":false},"author":1,"featured_media":103811,"comment_status":"open","ping_status":"closed","sticky":false,"template":"","format":"standard","meta":{"amp_status":"","footnotes":""},"categories":[121],"tags":[129721,129707,129709,129716,1524,129711,1018,129717,129706,199,129708,129722,129720,129718,129712,202,129714,129710,129715,129719,129713],"class_list":["post-103810","post","type-post","status-publish","format-standard","has-post-thumbnail","hentry","category-leste","tag-bispo-diocesano-de-itabira-coronel-fabriciano","tag-bispo-emerito-da-arquidiocese-itabira-fabriciano","tag-bispo-emerito-dom-lelis-lara","tag-causa-da-morte-do-bispo-emerito-dom-lelis-lara","tag-coronel-fabriciano","tag-despedida-do-bispo-emerito-dom-lelis-lara","tag-destaque","tag-diocese-de-itabira-coronel-fabriciano","tag-diocese-de-itabira-coronel-fabriciano-se-despede-do-bispo-emerito-dom-lelis-lara","tag-divinopolis","tag-dom-lelis-lara","tag-dom-marco-aurelio-gubiotti","tag-dom-marco-aurelio-presta-homenagem-a-dom-lara","tag-falece-em-coronel-fabriciano","tag-falecimento-do-bispo-emerito-dom-lelis-lara","tag-itabira","tag-morre-bispo-emerito-dom-lelis-lara","tag-morre-o-bispo-emerito-dom-lelis-lara","tag-morte-do-bispo-emerito-dom-lelis-lara","tag-sepultamento-de-dom-lelis-lara-sera-em-coronel-fabriciano","tag-velorio-do-bispo-emerito-dom-lelis-lara"],"_links":{"self":[{"href":"https:\/\/aconteceunovale.com.br\/portal\/index.php?rest_route=\/wp\/v2\/posts\/103810","targetHints":{"allow":["GET"]}}],"collection":[{"href":"https:\/\/aconteceunovale.com.br\/portal\/index.php?rest_route=\/wp\/v2\/posts"}],"about":[{"href":"https:\/\/aconteceunovale.com.br\/portal\/index.php?rest_route=\/wp\/v2\/types\/post"}],"author":[{"embeddable":true,"href":"https:\/\/aconteceunovale.com.br\/portal\/index.php?rest_route=\/wp\/v2\/users\/1"}],"replies":[{"embeddable":true,"href":"https:\/\/aconteceunovale.com.br\/portal\/index.php?rest_route=%2Fwp%2Fv2%2Fcomments&post=103810"}],"version-history":[{"count":0,"href":"https:\/\/aconteceunovale.com.br\/portal\/index.php?rest_route=\/wp\/v2\/posts\/103810\/revisions"}],"wp:featuredmedia":[{"embeddable":true,"href":"https:\/\/aconteceunovale.com.br\/portal\/index.php?rest_route=\/wp\/v2\/media\/103811"}],"wp:attachment":[{"href":"https:\/\/aconteceunovale.com.br\/portal\/index.php?rest_route=%2Fwp%2Fv2%2Fmedia&parent=103810"}],"wp:term":[{"taxonomy":"category","embeddable":true,"href":"https:\/\/aconteceunovale.com.br\/portal\/index.php?rest_route=%2Fwp%2Fv2%2Fcategories&post=103810"},{"taxonomy":"post_tag","embeddable":true,"href":"https:\/\/aconteceunovale.com.br\/portal\/index.php?rest_route=%2Fwp%2Fv2%2Ftags&post=103810"}],"curies":[{"name":"wp","href":"https:\/\/api.w.org\/{rel}","templated":true}]}}