{"id":103803,"date":"2016-12-09T20:46:41","date_gmt":"2016-12-09T22:46:41","guid":{"rendered":"http:\/\/aconteceunovale.com.br\/portal\/?p=103803"},"modified":"2016-12-09T20:46:41","modified_gmt":"2016-12-09T22:46:41","slug":"fernando-pimentel-e-hostilizado-em-sao-paulo-ladrao-vagabundo","status":"publish","type":"post","link":"https:\/\/aconteceunovale.com.br\/portal\/?p=103803","title":{"rendered":"Fernando Pimentel \u00e9 hostilizado em S\u00e3o Paulo: &#8220;ladr\u00e3o vagabundo&#8221;"},"content":{"rendered":"<p>O governador do Estado de Minas Gerais, Fernando Pimentel (PT), foi hostilizado nesta sexta-feira (9\/12\/2016) em um shopping de S\u00e3o Paulo. No v\u00eddeo, que circula pelas redes sociais, o pol\u00edtico aparece vestido de terno enquanto olha produtos de uma loja de moda masculina, ao lado de um prov\u00e1vel assessor.<\/p>\n<p>Enquanto diversas pessoas filmam o governador, que declarou nesta semana estado de calamidade financeira para o Estado de Minas Gerais, um popular n\u00e3o se cont\u00e9m e grita palavras de ofensa contra o petista.<\/p>\n<p>&#8220;Voc\u00ea faliu Minas e vai gastar o dinheiro aqui em S\u00e3o Paulo? [&#8230;] Ladr\u00e3o vagabundo.&#8221;, diz o frequentador do shopping.<\/p>\n<p>Ap\u00f3s ser hostilizado, Pimentel deixa o local como se os gritos n\u00e3o tivessem sido direcionados a ele e sequer olha para o popular que proferia as palavras de ordem.<\/p>\n<p><strong>Assista abaixo:<\/strong><\/p>\n<p><iframe loading=\"lazy\" frameborder=\"0\" width=\"600\" height=\"338\" src=\"\/\/www.dailymotion.com\/embed\/video\/x54tvy3\" allowfullscreen><\/iframe><br \/><a href=\"http:\/\/www.dailymotion.com\/video\/x54tvy3_governador-de-minas-gerais-e-hostilizado-em-sao-paulo-ladrao-vagabundo_news\" target=\"_blank\">Governador de Minas Gerais &eacute; hostilizado em S&atilde;o&#8230;<\/a> <i>por <a href=\"http:\/\/www.dailymotion.com\/thevideos11\" target=\"_blank\">thevideos11<\/a><\/i><br \/>\n<\/br><\/p>\n<p><em>(Fonte: R7)<\/em><\/p>\n","protected":false},"excerpt":{"rendered":"<p>O governador do Estado de Minas Gerais, Fernando Pimentel (PT), foi hostilizado nesta sexta-feira (9\/12\/2016) em um shopping de S\u00e3o Paulo. No v\u00eddeo, que circula pelas redes sociais, o pol\u00edtico aparece vestido de terno enquanto olha produtos de uma loja de moda masculina, ao lado de um prov\u00e1vel assessor. Enquanto diversas pessoas filmam o governador, [&hellip;]<\/p>\n","protected":false},"author":1,"featured_media":103804,"comment_status":"open","ping_status":"closed","sticky":false,"template":"","format":"standard","meta":{"amp_status":"","footnotes":""},"categories":[6,123,40240],"tags":[12826,129692,129688,129689,129687,758,129691,129690],"class_list":["post-103803","post","type-post","status-publish","format-standard","has-post-thumbnail","hentry","category-br","category-gerais","category-politica-2","tag-fernando-pimentel","tag-fernando-pimentel-e-hostilizado-em-sao-paulo-ladrao-vagabundo","tag-fernando-pimentel-e-hostilizado-em-sp","tag-fernando-pimentel-xingado-em-sp","tag-governador-do-estado-de-minas-gerais","tag-pt","tag-shopping-de-sao-paulo","tag-xingando-fernando-pimentel"],"_links":{"self":[{"href":"https:\/\/aconteceunovale.com.br\/portal\/index.php?rest_route=\/wp\/v2\/posts\/103803","targetHints":{"allow":["GET"]}}],"collection":[{"href":"https:\/\/aconteceunovale.com.br\/portal\/index.php?rest_route=\/wp\/v2\/posts"}],"about":[{"href":"https:\/\/aconteceunovale.com.br\/portal\/index.php?rest_route=\/wp\/v2\/types\/post"}],"author":[{"embeddable":true,"href":"https:\/\/aconteceunovale.com.br\/portal\/index.php?rest_route=\/wp\/v2\/users\/1"}],"replies":[{"embeddable":true,"href":"https:\/\/aconteceunovale.com.br\/portal\/index.php?rest_route=%2Fwp%2Fv2%2Fcomments&post=103803"}],"version-history":[{"count":0,"href":"https:\/\/aconteceunovale.com.br\/portal\/index.php?rest_route=\/wp\/v2\/posts\/103803\/revisions"}],"wp:featuredmedia":[{"embeddable":true,"href":"https:\/\/aconteceunovale.com.br\/portal\/index.php?rest_route=\/wp\/v2\/media\/103804"}],"wp:attachment":[{"href":"https:\/\/aconteceunovale.com.br\/portal\/index.php?rest_route=%2Fwp%2Fv2%2Fmedia&parent=103803"}],"wp:term":[{"taxonomy":"category","embeddable":true,"href":"https:\/\/aconteceunovale.com.br\/portal\/index.php?rest_route=%2Fwp%2Fv2%2Fcategories&post=103803"},{"taxonomy":"post_tag","embeddable":true,"href":"https:\/\/aconteceunovale.com.br\/portal\/index.php?rest_route=%2Fwp%2Fv2%2Ftags&post=103803"}],"curies":[{"name":"wp","href":"https:\/\/api.w.org\/{rel}","templated":true}]}}