{"id":103792,"date":"2016-12-09T08:37:02","date_gmt":"2016-12-09T10:37:02","guid":{"rendered":"http:\/\/aconteceunovale.com.br\/portal\/?p=103792"},"modified":"2016-12-09T08:37:02","modified_gmt":"2016-12-09T10:37:02","slug":"plantao-do-samu-no-norte-de-minas-sexta-feira-09-de-dezembro-de-2016","status":"publish","type":"post","link":"https:\/\/aconteceunovale.com.br\/portal\/?p=103792","title":{"rendered":"Plant\u00e3o do Samu no Norte de Minas, sexta-feira, 09 de dezembro de 2016"},"content":{"rendered":"<h4><strong><em>Sexta-feira, 09 de dezembro de 2016 (6h do dia 08\/12 \u00e0s 6h do dia 09\/12)<\/em><\/strong><\/h4>\n<p>As unidades do SAMU Macro Norte receberam 582 liga\u00e7\u00f5es, 122 delas foram trotes. Foram realizadas 124 atendimentos em toda Macro Norte, 48 deles em Montes Claros. Foram 77 casos cl\u00ednicos, 18 acidentes de tr\u00e2nsito, 9 envolvendo moto, 7 atendimentos psiqui\u00e1tricos, 3 pessoas sofreram queda de pr\u00f3pria altura, 3 gestantes em trabalho de parto, no total 34 atendimentos por trauma. <\/p>\n<p>Em Montes Claros foram 27 atendimentos cl\u00ednicos, 8 acidentes de tr\u00e2nsito, todos os 7 envolvendo moto, 3 atendimentos psiqui\u00e1tricos e 3 pessoas sofreram queda de pr\u00f3pria altura. At\u00e9 o momento do fechamento desse relat\u00f3rio nenhuma ocorr\u00eancia de tr\u00e2nsito em andamento. (Ascom Samu)<\/p>\n","protected":false},"excerpt":{"rendered":"<p>Sexta-feira, 09 de dezembro de 2016 (6h do dia 08\/12 \u00e0s 6h do dia 09\/12) As unidades do SAMU Macro Norte receberam 582 liga\u00e7\u00f5es, 122 delas foram trotes. Foram realizadas 124 atendimentos em toda Macro Norte, 48 deles em Montes Claros. Foram 77 casos cl\u00ednicos, 18 acidentes de tr\u00e2nsito, 9 envolvendo moto, 7 atendimentos psiqui\u00e1tricos, [&hellip;]<\/p>\n","protected":false},"author":1,"featured_media":100947,"comment_status":"open","ping_status":"closed","sticky":false,"template":"","format":"standard","meta":{"amp_status":"","footnotes":""},"categories":[1236],"tags":[129657,13996,210,145,120003,22045,19864,20605,129659,128540,129658,13995,68223,129660],"class_list":["post-103792","post","type-post","status-publish","format-standard","has-post-thumbnail","hentry","category-norte_de_minas","tag-09-de-dezembro-de-2016","tag-atendimentos-do-samu-em-montes-claros","tag-montes-claros","tag-norte-de-minas","tag-ocorrencias-samu-montes-claros","tag-plantao-do-samu","tag-plantao-do-samu-em-montes-claros","tag-plantao-do-samu-no-norte-de-minas","tag-plantao-do-samu-no-norte-de-minas-09-de-dezembro-de-2016","tag-plantao-do-samu-no-norte-de-minas-sexta-feira","tag-plantao-do-samu-no-norte-de-minas-sexta-feira-09-de-dezembro-de-2016","tag-plantao-samu-macro-norte","tag-sexta-feira","tag-sexta-feira-09-de-dezembro-de-2016"],"_links":{"self":[{"href":"https:\/\/aconteceunovale.com.br\/portal\/index.php?rest_route=\/wp\/v2\/posts\/103792","targetHints":{"allow":["GET"]}}],"collection":[{"href":"https:\/\/aconteceunovale.com.br\/portal\/index.php?rest_route=\/wp\/v2\/posts"}],"about":[{"href":"https:\/\/aconteceunovale.com.br\/portal\/index.php?rest_route=\/wp\/v2\/types\/post"}],"author":[{"embeddable":true,"href":"https:\/\/aconteceunovale.com.br\/portal\/index.php?rest_route=\/wp\/v2\/users\/1"}],"replies":[{"embeddable":true,"href":"https:\/\/aconteceunovale.com.br\/portal\/index.php?rest_route=%2Fwp%2Fv2%2Fcomments&post=103792"}],"version-history":[{"count":0,"href":"https:\/\/aconteceunovale.com.br\/portal\/index.php?rest_route=\/wp\/v2\/posts\/103792\/revisions"}],"wp:featuredmedia":[{"embeddable":true,"href":"https:\/\/aconteceunovale.com.br\/portal\/index.php?rest_route=\/wp\/v2\/media\/100947"}],"wp:attachment":[{"href":"https:\/\/aconteceunovale.com.br\/portal\/index.php?rest_route=%2Fwp%2Fv2%2Fmedia&parent=103792"}],"wp:term":[{"taxonomy":"category","embeddable":true,"href":"https:\/\/aconteceunovale.com.br\/portal\/index.php?rest_route=%2Fwp%2Fv2%2Fcategories&post=103792"},{"taxonomy":"post_tag","embeddable":true,"href":"https:\/\/aconteceunovale.com.br\/portal\/index.php?rest_route=%2Fwp%2Fv2%2Ftags&post=103792"}],"curies":[{"name":"wp","href":"https:\/\/api.w.org\/{rel}","templated":true}]}}