{"id":103781,"date":"2016-12-08T21:38:13","date_gmt":"2016-12-08T23:38:13","guid":{"rendered":"http:\/\/aconteceunovale.com.br\/portal\/?p=103781"},"modified":"2016-12-08T21:38:13","modified_gmt":"2016-12-08T23:38:13","slug":"cerca-de-10-mil-mudas-de-arvores-nativas-do-cerrado-serao-plantadas-no-parque-da-lapa-grande","status":"publish","type":"post","link":"https:\/\/aconteceunovale.com.br\/portal\/?p=103781","title":{"rendered":"Cerca de 10 mil mudas de \u00e1rvores nativas do cerrado ser\u00e3o plantadas no Parque da Lapa Grande"},"content":{"rendered":"<p>Cerca de 10 mil mudas de plantas nativas do cerrado devem ser plantadas na \u00e1rea do Parque Estadual da Lapa Grande, em Montes Claros, no Norte de Minas. A iniciativa partiu da administra\u00e7\u00e3o do Parque em uma tentativa de recuperar as \u00e1reas atingidas por queimadas.<\/p>\n<p>As mudas utilizadas no reflorestamento destas \u00e1reas foram cultivadas dentro do viveiro do pr\u00f3prio Parque da Lapa Grande. O local foi reformado e ampliado no in\u00edcio deste ano com a ajuda de moradores e ONGs da cidade.<\/p>\n<p>De acordo com a gerente da Lapa Grande, Elis\u00e2ngela Alves Mota, as a\u00e7\u00f5es iniciaram h\u00e1 cerca de 10 dias, pelos pr\u00f3prios colaboradores do parque, mas ela afirma que espera a ajuda da popula\u00e7\u00e3o para que o plantio seja mais efetivo em menor prazo.<\/p>\n<p>\u201cTodos os anos n\u00f3s fazemos plantios de mudas, mas agora a \u00e1rea \u00e9 muito grande. Conseguimos uma m\u00e1quina de abrir covas com a Copasa, o que adianta os trabalhos. Temos que aproveitar este per\u00edodo chuvoso e, por isso, contamos com a ajuda da popula\u00e7\u00e3o\u201d, explica.<\/p>\n<p><img decoding=\"async\" src=\"http:\/\/aconteceunovale.com.br\/portal\/wp-content\/uploads\/2016\/12\/reflorestamento_do_pelg_1.jpg\" alt=\"\" \/><em>Colaboradores do Parque est\u00e3o ajudando no reflorestamento (Foto: Divulga\u00e7\u00e3o\/PELG)<\/em><br \/>\n<\/br><\/p>\n<p>No pr\u00f3ximo s\u00e1bado (10) ser\u00e1 realizado um mutir\u00e3o de plantio de mudas, das 8h \u00e0s 12h. O ambientalista S\u00f3ter Magno ressalta a import\u00e2ncia da \u00e1rea do Parque no abastecimento de \u00e1gua do munic\u00edpio.<\/p>\n<p>\u201cCerca de 35% de todo abastecimento de \u00e1gua da cidade s\u00e3o captadas no Parque. Por isso a import\u00e2ncia de se cuidar. Inclusive, se torna mais importante ainda a participa\u00e7\u00e3o da popula\u00e7\u00e3o nestas a\u00e7\u00f5es para que conhe\u00e7am e passem a gostar deste local ainda mais\u201d, destaca o ambientalista.<\/p>\n<p>Interessados em participar do mutir\u00e3o podem procurar outras informa\u00e7\u00f5es pelo telefone do Instituto Estadual de Florestas (IEF) na Avenida Jos\u00e9 Correa Machado, n\u00ba 900, Ibituruna, ou pelo telefone do instituto (38) 3224-7550. Outro local dispon\u00edvel para informa\u00e7\u00f5es \u00e9 o Parque da Lapa Grande, que fica na Estrada do Alfeir\u00e3o, km 5.<\/p>\n<p><img decoding=\"async\" src=\"http:\/\/aconteceunovale.com.br\/portal\/wp-content\/uploads\/2016\/12\/reflorestamento_do_pelg_1.jpg\" alt=\"\" \/><em>Viveiro do Parque foi ampliado no in\u00edcio deste ano (Foto: PELG\/Divulga\u00e7\u00e3o)<\/em><br \/>\n<\/br><\/p>\n<p><em>(Fonte: G1 Grande Minas)<\/em><\/p>\n","protected":false},"excerpt":{"rendered":"<p>Cerca de 10 mil mudas de plantas nativas do cerrado devem ser plantadas na \u00e1rea do Parque Estadual da Lapa Grande, em Montes Claros, no Norte de Minas. A iniciativa partiu da administra\u00e7\u00e3o do Parque em uma tentativa de recuperar as \u00e1reas atingidas por queimadas. As mudas utilizadas no reflorestamento destas \u00e1reas foram cultivadas dentro [&hellip;]<\/p>\n","protected":false},"author":1,"featured_media":103782,"comment_status":"open","ping_status":"closed","sticky":false,"template":"","format":"standard","meta":{"amp_status":"","footnotes":""},"categories":[1236],"tags":[17039,129643,1018,129648,129647,210,18134,3255,129645,129644,129646,67188],"class_list":["post-103781","post","type-post","status-publish","format-standard","has-post-thumbnail","hentry","category-norte_de_minas","tag-ambientalista-soter-magno","tag-cerca-de-10-mil-mudas-de-arvores-nativas-do-cerrado-serao-plantadas-no-parque-da-lapa-grande","tag-destaque","tag-elisangela-alves-mota","tag-gerente-da-lapa-grande","tag-montes-claros","tag-parque-da-lapa-grande","tag-parque-estadual-da-lapa-grande","tag-plantio-parque-da-lapa-grande","tag-reflorestamento-do-parque-da-lapa-grande","tag-reflorestamento-do-parque-estadual-da-lapa-grande","tag-soter-magno"],"_links":{"self":[{"href":"https:\/\/aconteceunovale.com.br\/portal\/index.php?rest_route=\/wp\/v2\/posts\/103781","targetHints":{"allow":["GET"]}}],"collection":[{"href":"https:\/\/aconteceunovale.com.br\/portal\/index.php?rest_route=\/wp\/v2\/posts"}],"about":[{"href":"https:\/\/aconteceunovale.com.br\/portal\/index.php?rest_route=\/wp\/v2\/types\/post"}],"author":[{"embeddable":true,"href":"https:\/\/aconteceunovale.com.br\/portal\/index.php?rest_route=\/wp\/v2\/users\/1"}],"replies":[{"embeddable":true,"href":"https:\/\/aconteceunovale.com.br\/portal\/index.php?rest_route=%2Fwp%2Fv2%2Fcomments&post=103781"}],"version-history":[{"count":0,"href":"https:\/\/aconteceunovale.com.br\/portal\/index.php?rest_route=\/wp\/v2\/posts\/103781\/revisions"}],"wp:featuredmedia":[{"embeddable":true,"href":"https:\/\/aconteceunovale.com.br\/portal\/index.php?rest_route=\/wp\/v2\/media\/103782"}],"wp:attachment":[{"href":"https:\/\/aconteceunovale.com.br\/portal\/index.php?rest_route=%2Fwp%2Fv2%2Fmedia&parent=103781"}],"wp:term":[{"taxonomy":"category","embeddable":true,"href":"https:\/\/aconteceunovale.com.br\/portal\/index.php?rest_route=%2Fwp%2Fv2%2Fcategories&post=103781"},{"taxonomy":"post_tag","embeddable":true,"href":"https:\/\/aconteceunovale.com.br\/portal\/index.php?rest_route=%2Fwp%2Fv2%2Ftags&post=103781"}],"curies":[{"name":"wp","href":"https:\/\/api.w.org\/{rel}","templated":true}]}}