{"id":103733,"date":"2016-12-08T07:58:49","date_gmt":"2016-12-08T09:58:49","guid":{"rendered":"http:\/\/aconteceunovale.com.br\/portal\/?p=103733"},"modified":"2016-12-08T07:58:49","modified_gmt":"2016-12-08T09:58:49","slug":"plantao-do-samu-no-norte-de-minas-quinta-feira-08-de-dezembro-de-2016","status":"publish","type":"post","link":"https:\/\/aconteceunovale.com.br\/portal\/?p=103733","title":{"rendered":"Plant\u00e3o do Samu no Norte de Minas, quinta-feira, 08 de Dezembro de 2016"},"content":{"rendered":"<h4><strong><em>Quinta-feira, 08 de Dezembro de 2016 (6h do dia 07\/12 \u00e0s 6h do dia 08\/12)<\/em><\/strong><\/h4>\n<p>As unidades do SAMU Macro Norte receberam 778 liga\u00e7\u00f5es, 146 delas foram trotes. Foram realizadas 104 atendimentos em toda Macro Norte, 45 deles em Montes Claros. Foram 69 casos cl\u00ednicos, 12 acidentes de tr\u00e2nsito, 9 envolvendo moto, 6 atendimentos psiqui\u00e1tricos, 4 pessoas sofreram queda de pr\u00f3pria altura, 2 gestantes em trabalho de parto, 1 pessoa ferida por arma branca e 3 por arma de fogo, no total 24 atendimentos por trauma. <\/p>\n<p>Em Montes Claros foram 26 atendimentos cl\u00ednicos, 9 acidentes de tr\u00e2nsito, todos os 4 envolvendo moto, 1 pessoa ferida por arma de fogo. At\u00e9 o momento do fechamento desse relat\u00f3rio nenhuma ocorr\u00eancia de tr\u00e2nsito em andamento. (Ascom Samu)<\/p>\n","protected":false},"excerpt":{"rendered":"<p>Quinta-feira, 08 de Dezembro de 2016 (6h do dia 07\/12 \u00e0s 6h do dia 08\/12) As unidades do SAMU Macro Norte receberam 778 liga\u00e7\u00f5es, 146 delas foram trotes. Foram realizadas 104 atendimentos em toda Macro Norte, 45 deles em Montes Claros. Foram 69 casos cl\u00ednicos, 12 acidentes de tr\u00e2nsito, 9 envolvendo moto, 6 atendimentos psiqui\u00e1tricos, [&hellip;]<\/p>\n","protected":false},"author":1,"featured_media":100947,"comment_status":"open","ping_status":"closed","sticky":false,"template":"","format":"standard","meta":{"amp_status":"","footnotes":""},"categories":[1236],"tags":[129519,13996,210,120003,19864,20605,129521,128364,129520,13995,83079,129522],"class_list":["post-103733","post","type-post","status-publish","format-standard","has-post-thumbnail","hentry","category-norte_de_minas","tag-08-de-dezembro-de-2016","tag-atendimentos-do-samu-em-montes-claros","tag-montes-claros","tag-ocorrencias-samu-montes-claros","tag-plantao-do-samu-em-montes-claros","tag-plantao-do-samu-no-norte-de-minas","tag-plantao-do-samu-no-norte-de-minas-08-de-dezembro-de-2016","tag-plantao-do-samu-no-norte-de-minas-quinta-feira","tag-plantao-do-samu-no-norte-de-minas-quinta-feira-08-de-dezembro-de-2016","tag-plantao-samu-macro-norte","tag-quinta-feira","tag-quinta-feira-08-de-dezembro-de-2016"],"_links":{"self":[{"href":"https:\/\/aconteceunovale.com.br\/portal\/index.php?rest_route=\/wp\/v2\/posts\/103733","targetHints":{"allow":["GET"]}}],"collection":[{"href":"https:\/\/aconteceunovale.com.br\/portal\/index.php?rest_route=\/wp\/v2\/posts"}],"about":[{"href":"https:\/\/aconteceunovale.com.br\/portal\/index.php?rest_route=\/wp\/v2\/types\/post"}],"author":[{"embeddable":true,"href":"https:\/\/aconteceunovale.com.br\/portal\/index.php?rest_route=\/wp\/v2\/users\/1"}],"replies":[{"embeddable":true,"href":"https:\/\/aconteceunovale.com.br\/portal\/index.php?rest_route=%2Fwp%2Fv2%2Fcomments&post=103733"}],"version-history":[{"count":0,"href":"https:\/\/aconteceunovale.com.br\/portal\/index.php?rest_route=\/wp\/v2\/posts\/103733\/revisions"}],"wp:featuredmedia":[{"embeddable":true,"href":"https:\/\/aconteceunovale.com.br\/portal\/index.php?rest_route=\/wp\/v2\/media\/100947"}],"wp:attachment":[{"href":"https:\/\/aconteceunovale.com.br\/portal\/index.php?rest_route=%2Fwp%2Fv2%2Fmedia&parent=103733"}],"wp:term":[{"taxonomy":"category","embeddable":true,"href":"https:\/\/aconteceunovale.com.br\/portal\/index.php?rest_route=%2Fwp%2Fv2%2Fcategories&post=103733"},{"taxonomy":"post_tag","embeddable":true,"href":"https:\/\/aconteceunovale.com.br\/portal\/index.php?rest_route=%2Fwp%2Fv2%2Ftags&post=103733"}],"curies":[{"name":"wp","href":"https:\/\/api.w.org\/{rel}","templated":true}]}}