{"id":103518,"date":"2016-12-06T16:42:48","date_gmt":"2016-12-06T18:42:48","guid":{"rendered":"http:\/\/aconteceunovale.com.br\/portal\/?p=103518"},"modified":"2016-12-06T16:42:48","modified_gmt":"2016-12-06T18:42:48","slug":"antonio-sergio-tonet-toma-posse-como-procurador-geral-de-justica-de-minas-gerais","status":"publish","type":"post","link":"https:\/\/aconteceunovale.com.br\/portal\/?p=103518","title":{"rendered":"Ant\u00f4nio S\u00e9rgio Tonet toma posse como procurador-geral de Justi\u00e7a de Minas Gerais"},"content":{"rendered":"<p>Em solenidade realizada na noite de ontem, 5 de dezembro de 2016, o Col\u00e9gio de Procuradores de Justi\u00e7a deu posse a Ant\u00f4nio S\u00e9rgio Tonet no cargo de procurador-geral de Justi\u00e7a de Minas Gerais para o bi\u00eanio 2017\/2018. A sede da Orquestra Filarm\u00f4nica de Minas Gerais recebeu amigos e familiares do empossando, al\u00e9m de muitos integrantes do Minist\u00e9rio P\u00fablico de Minas Gerais (MPMG) e autoridades de diversas esferas governamentais.<\/p>\n<p>O procurador-geral de Justi\u00e7a, Carlos Andr\u00e9 Mariani Bittencourt, abriu a cerim\u00f4nia e falou sobre o desafio de dividir a aten\u00e7\u00e3o da administra\u00e7\u00e3o da institui\u00e7\u00e3o com eventos da din\u00e2mica social ocorridos durante seus quatro anos de mandato. Epis\u00f3dios como a PEC 37, os protestos e manifesta\u00e7\u00f5es em junho de 2013 e suas consequ\u00eancias, a opera\u00e7\u00e3o Lava Jato, o gradativo agravamento da crise econ\u00f4mica e pol\u00edtica que resultou no impeachment da presidente da Rep\u00fablica, a trag\u00e9dia ambiental de Mariana e, por \u00faltimo, a tramita\u00e7\u00e3o do Projeto de Lei 4850\/16, que institui novos tipos penais de abuso de autoridade, especialmente voltados \u00e0 atividade de ju\u00edzes e promotores de Justi\u00e7a.<\/p>\n<p>Mesmo diante desse cen\u00e1rio, Carlos Andr\u00e9 apontou os avan\u00e7os conseguidos com base nos projetos e metas definidos no in\u00edcio de sua administra\u00e7\u00e3o. \u201cHoje, entregamos aos nossos sucessores um Minist\u00e9rio P\u00fablico mais forte. E o que nos cabe nesse momento \u00e9 expressar nosso mais profundo agradecimento a todos que contribu\u00edram para que pud\u00e9ssemos concluir o nosso trabalho com dignidade e orgulho pelo que fizemos\u201d, disse.<\/p>\n<p>Ap\u00f3s a leitura do termo de compromisso e assinatura do termo de entrada em exerc\u00edcio, assinado tamb\u00e9m pelo governador do Estado, Fernando Pimentel, Tonet recebeu o Grande Colar do MPMG e assumiu a presid\u00eancia da cerim\u00f4nia, j\u00e1 como novo procurador-geral de Justi\u00e7a.<\/p>\n<p>Em seu pronunciamento, ele relembrou sua trajet\u00f3ria, desde quando deixou o interior de S\u00e3o Paulo, h\u00e1 30 anos, para ingressar no MPMG e se transformar em um mineiro por ado\u00e7\u00e3o. \u201cA alegria que sinto nesse momento n\u00e3o \u00e9 maior que a responsabilidade de assumir tarefas sabidamente \u00e1rduas, mas extremamente honrosas e dignificantes. Pretendemos colocar em pr\u00e1tica os projetos de renova\u00e7\u00e3o constru\u00eddos coletivamente com a classe ao longo da jornada que nos trouxe at\u00e9 aqui\u201d, afirmou Ant\u00f4nio S\u00e9rgio Tonet.<\/p>\n<p>Entre suas prioridades, Tonet citou o combate \u00e0 criminalidade, especificamente o crime organizado, e o fortalecimento das Promotorias de Justi\u00e7a, principalmente aquelas mais distantes. \u201cA miss\u00e3o do Minist\u00e9rio P\u00fablico de defesa intransigente dos interesses sociais, de promo\u00e7\u00e3o da inclus\u00e3o social, de combate \u00e0 corrup\u00e7\u00e3o, de enfrentamento permanente da criminalidade, continuar\u00e1 sendo cumprida com garra, coragem, energia e determina\u00e7\u00e3o\u201d, disse ele.<\/p>\n<p>Tonet destacou ainda a import\u00e2ncia do bom relacionamento institucional. \u201cReafirmo aqui meu compromisso de absoluto respeito aos poderes de Estado, estando certo de que as rela\u00e7\u00f5es que desenvolveremos ser\u00e3o pautadas pela cordialidade, pelo esp\u00edrito de colabora\u00e7\u00e3o e de integra\u00e7\u00e3o.\u201d<\/p>\n<p>Tamb\u00e9m compuseram a mesa de honra o presidente da Assembleia Legislativa de Minas Gerais, Adalclever Lopes; o presidente do Tribunal de Justi\u00e7a de Minas Gerais em exerc\u00edcio, Geraldo Augusto; o corregedor-geral do MPMG, Paulo Roberto Moreira Can\u00e7ado; o ouvidor do MPMG, Alceu Jos\u00e9 Torres Marques; o ex-governador de Minas Gerais, Alberto Pinto Coelho; o presidente do Conselho Nacional dos Procuradores-Gerais e procurador-geral de Justi\u00e7a de Goi\u00e1s, Lauro Machado Nogueira; o presidente do Tribunal de Justi\u00e7a Militar de Minas Gerais, Fernando Nogueira Galv\u00e3o da Rocha; o presidente do Tribunal Regional Eleitoral de Minas Gerais, Domingos Coelho; o procurador-geral adjunto de Belo Horizonte, H\u00e9rcules Guerra; a defensora p\u00fablica-geral de Minas Gerais, Christiane Neves Proc\u00f3pio Malard; o corregedor do Tribunal de Contas de Minas Gerais, Mauri Torres; o presidente da Ordem dos Advogados do Brasil \u2013 se\u00e7\u00e3o Minas Gerais, Ant\u00f4nio Fabr\u00edcio de Matos Gon\u00e7alves; a presidente da Associa\u00e7\u00e3o Nacional dos Membros do Minist\u00e9rio P\u00fablico, Norma Ang\u00e9lica Cavalcanti; o comandante do Centro de Instru\u00e7\u00e3o e Adapta\u00e7\u00e3o da Aeron\u00e1utica, Ivan Mois\u00e9s Ayupe; o comandante-geral da Pol\u00edcia Militar de Minas Gerais, Marco Ant\u00f4nio Badar\u00f3 Bianchini; o chefe da Pol\u00edcia Civil de Minas Gerais, Jo\u00e3o Otac\u00edlio Silva Neto; o diretor de assuntos institucionais do Copro de Bombeiros Militar de Minas Gerais, Edgar Estevo da Silva; e o vice-presidente da Associa\u00e7\u00e3o Mineira do Minist\u00e9rio P\u00fablico, En\u00e9as Xavier Gomes.<\/p>\n<p>No in\u00edcio da solenidade foi respeitado um minuto de sil\u00eancio em homenagem \u00e0s v\u00edtimas do acidente a\u00e9reo ocorrido na Col\u00f4mbia, que vitimou a delega\u00e7\u00e3o da Associa\u00e7\u00e3o Chapecoense de Futebol, jornalistas e convidados da equipe.<\/p>\n<p><img decoding=\"async\" src=\"http:\/\/aconteceunovale.com.br\/portal\/wp-content\/uploads\/2016\/12\/posse_pgmg_1.jpg\" alt=\"\" \/><em>Posse procurador-geral de Justi\u00e7a Ant\u00f4nio S\u00e9rgio Tonet (Divulga\u00e7\u00e3o\/MPMG)<\/em><br \/>\n<\/br><\/p>\n<p><strong>Ant\u00f4nio S\u00e9rgio Tonet<\/strong><\/p>\n<p>Natural de Adamantina, Ant\u00f4nio S\u00e9rgio Tonet ingressou no Minist\u00e9rio P\u00fablico de Minas Gerais (MPMG) em dezembro de 1986, tendo atuado nas comarcas de Rio Parana\u00edba, Frutal, Contagem e Belo Horizonte.<\/p>\n<p>Na capital exerceu fun\u00e7\u00f5es ou foi titular nas Promotorias de Justi\u00e7a junto \u00e0 10\u00aa Vara Criminal; \u00e0 4\u00aa Vara de Fazenda P\u00fablica Estadual; ao I Tribunal do J\u00fari; \u00e0 Vara de Execu\u00e7\u00f5es Criminais; \u00e0 Vara de T\u00f3xicos; de Controle Externo das Atividades Policiais; de Combate \u00e0 Sonega\u00e7\u00e3o Fiscal; de Defesa do Patrim\u00f4nio P\u00fablico e de Preven\u00e7\u00e3o e Repara\u00e7\u00e3o de Acidentes de Trabalho; Eleitoral; Assessoria Especial da PGJ; Juizado Especial Criminal. <\/p>\n<p>Ocupou o cargo de chefe de gabinete da PGJ de 2001 a 2004. Promovido a procurador de Justi\u00e7a em 2002, foi eleito para integrar o Conselho Superior do MPMG nos anos de 2006, 2008, 2011 e 2014. Comp\u00f4s a C\u00e2mara de Procuradores de Justi\u00e7a nos bi\u00eanios 2009\/2010 e 2014\/2016. Integrou tr\u00eas listas tr\u00edplices para a escolha do procurador-geral de Justi\u00e7a, em 2004, 2006 e 2012.<\/p>\n<p>Foi examinador de Direito Tribut\u00e1rio e de Direito Administrativo do Concurso de Ingresso na carreira do MPMG, em 2005. <\/p>\n<p>Exerceu diversas fun\u00e7\u00f5es na Associa\u00e7\u00e3o Mineira do Minist\u00e9rio P\u00fablico (AMMP), entre elas, diretor de Sa\u00fade (1991 a 1993) e 1\u00ba vice-presidente (1993 a 1995). Foi eleito pelo Conselho Curador da Funda\u00e7\u00e3o Escola Superior do Minist\u00e9rio P\u00fablico para ser diretor-presidente da institui\u00e7\u00e3o (2013\/2017), cargo ao qual renunciou, em agosto \u00faltimo, para se dedicar \u00e0 campanha eleitoral para o cargo de procurador-geral de Justi\u00e7a.<\/p>\n<p><img decoding=\"async\" src=\"http:\/\/aconteceunovale.com.br\/portal\/wp-content\/uploads\/2016\/12\/posse_pgmg_2.jpg\" alt=\"\" \/><em>Posse procurador-geral de Justi\u00e7a Ant\u00f4nio S\u00e9rgio Tonet (Divulga\u00e7\u00e3o\/MPMG)<\/em><br \/>\n<\/br><\/p>\n<p><img decoding=\"async\" src=\"http:\/\/aconteceunovale.com.br\/portal\/wp-content\/uploads\/2016\/12\/posse_pgmg_3.jpg\" alt=\"\" \/><em>Posse procurador-geral de Justi\u00e7a Ant\u00f4nio S\u00e9rgio Tonet (Divulga\u00e7\u00e3o\/MPMG)<\/em><br \/>\n<\/br><\/p>\n<p><em>(Fonte: MPMG)<\/em><\/p>\n","protected":false},"excerpt":{"rendered":"<p>Em solenidade realizada na noite de ontem, 5 de dezembro de 2016, o Col\u00e9gio de Procuradores de Justi\u00e7a deu posse a Ant\u00f4nio S\u00e9rgio Tonet no cargo de procurador-geral de Justi\u00e7a de Minas Gerais para o bi\u00eanio 2017\/2018. A sede da Orquestra Filarm\u00f4nica de Minas Gerais recebeu amigos e familiares do empossando, al\u00e9m de muitos integrantes [&hellip;]<\/p>\n","protected":false},"author":1,"featured_media":103519,"comment_status":"open","ping_status":"closed","sticky":false,"template":"","format":"standard","meta":{"amp_status":"","footnotes":""},"categories":[123],"tags":[129097,129096,194,956,200,129099,129098,1517],"class_list":["post-103518","post","type-post","status-publish","format-standard","has-post-thumbnail","hentry","category-gerais","tag-antonio-sergio-tonet","tag-antonio-sergio-tonet-toma-posse-como-procurador-geral-de-justica-de-minas-gerais","tag-belo-horizonte","tag-contagem","tag-frutal","tag-posse-do-procurador-geral-de-justica-de-minas-gerais","tag-procurador-geral-de-justica-de-minas-gerais","tag-rio-paranaiba"],"_links":{"self":[{"href":"https:\/\/aconteceunovale.com.br\/portal\/index.php?rest_route=\/wp\/v2\/posts\/103518","targetHints":{"allow":["GET"]}}],"collection":[{"href":"https:\/\/aconteceunovale.com.br\/portal\/index.php?rest_route=\/wp\/v2\/posts"}],"about":[{"href":"https:\/\/aconteceunovale.com.br\/portal\/index.php?rest_route=\/wp\/v2\/types\/post"}],"author":[{"embeddable":true,"href":"https:\/\/aconteceunovale.com.br\/portal\/index.php?rest_route=\/wp\/v2\/users\/1"}],"replies":[{"embeddable":true,"href":"https:\/\/aconteceunovale.com.br\/portal\/index.php?rest_route=%2Fwp%2Fv2%2Fcomments&post=103518"}],"version-history":[{"count":0,"href":"https:\/\/aconteceunovale.com.br\/portal\/index.php?rest_route=\/wp\/v2\/posts\/103518\/revisions"}],"wp:featuredmedia":[{"embeddable":true,"href":"https:\/\/aconteceunovale.com.br\/portal\/index.php?rest_route=\/wp\/v2\/media\/103519"}],"wp:attachment":[{"href":"https:\/\/aconteceunovale.com.br\/portal\/index.php?rest_route=%2Fwp%2Fv2%2Fmedia&parent=103518"}],"wp:term":[{"taxonomy":"category","embeddable":true,"href":"https:\/\/aconteceunovale.com.br\/portal\/index.php?rest_route=%2Fwp%2Fv2%2Fcategories&post=103518"},{"taxonomy":"post_tag","embeddable":true,"href":"https:\/\/aconteceunovale.com.br\/portal\/index.php?rest_route=%2Fwp%2Fv2%2Ftags&post=103518"}],"curies":[{"name":"wp","href":"https:\/\/api.w.org\/{rel}","templated":true}]}}