{"id":103478,"date":"2016-12-06T07:58:58","date_gmt":"2016-12-06T09:58:58","guid":{"rendered":"http:\/\/aconteceunovale.com.br\/portal\/?p=103478"},"modified":"2016-12-06T07:58:58","modified_gmt":"2016-12-06T09:58:58","slug":"previsao-do-tempo-para-minas-gerais-nesta-terca-feira-6-de-dezembro","status":"publish","type":"post","link":"https:\/\/aconteceunovale.com.br\/portal\/?p=103478","title":{"rendered":"Previs\u00e3o do tempo para Minas Gerais, nesta ter\u00e7a-feira, 6 de dezembro"},"content":{"rendered":"<h4><strong><em>C\u00e9u nublado a parcialmente nublado, com pancadas de chuva em todas as regi\u00f5es do estado. Na capital, umidade relativa do ar chega a 55%.<\/em><\/strong><\/h4>\n<p>Nesta ter\u00e7a-feira (6\/12) as condi\u00e7\u00f5es meteorol\u00f3gicas ainda s\u00e3o favor\u00e1veis \u00e0 ocorr\u00eancia de pancadas de chuva em parte do Sudeste brasileiro. Em Minas Gerais o tempo deve ficar nublado, com pancadas de chuva e trovoadas isoladas no Norte, no Leste e no Tri\u00e2ngulo Mineiro.<\/p>\n<p>Nas outras \u00e1reas mineiras o dia ser\u00e1 de tempo parcialmente nublado, com possibilidade de chuvas localizadas.<\/p>\n<p>Na Regi\u00e3o Metropolitana de Belo Horizonte e na capital mineira, c\u00e9u parcialmente nublado, com chances de chuvas r\u00e1pidas. Na capital a temperatura deve variar entre 19\u00b0C e 28\u00b0C, com umidade do ar \u00e0 tarde na casa dos 55%.<\/p>\n","protected":false},"excerpt":{"rendered":"<p>C\u00e9u nublado a parcialmente nublado, com pancadas de chuva em todas as regi\u00f5es do estado. Na capital, umidade relativa do ar chega a 55%. Nesta ter\u00e7a-feira (6\/12) as condi\u00e7\u00f5es meteorol\u00f3gicas ainda s\u00e3o favor\u00e1veis \u00e0 ocorr\u00eancia de pancadas de chuva em parte do Sudeste brasileiro. Em Minas Gerais o tempo deve ficar nublado, com pancadas de [&hellip;]<\/p>\n","protected":false},"author":1,"featured_media":101017,"comment_status":"open","ping_status":"closed","sticky":false,"template":"","format":"standard","meta":{"amp_status":"","footnotes":""},"categories":[123],"tags":[128981,194,131,36891,1956,27340,128986,87017,128985,1839,128983,28255,128982,128984],"class_list":["post-103478","post","type-post","status-publish","format-standard","has-post-thumbnail","hentry","category-gerais","tag-6-de-dezembro","tag-belo-horizonte","tag-minas-gerais","tag-nesta-terca-feira","tag-previsao-do-tempo","tag-previsao-do-tempo-para-belo-horizonte","tag-previsao-do-tempo-para-belo-horizonte-6-de-dezembro","tag-previsao-do-tempo-para-belo-horizonte-nesta-terca-feira","tag-previsao-do-tempo-para-belo-horizonte-nesta-terca-feira-6-de-dezembro","tag-previsao-do-tempo-para-minas-gerais","tag-previsao-do-tempo-para-minas-gerais-6-de-dezembro","tag-previsao-do-tempo-para-minas-gerais-nesta-terca-feira","tag-previsao-do-tempo-para-minas-gerais-nesta-terca-feira-6-de-dezembro","tag-terca-feira-6-de-dezembro"],"_links":{"self":[{"href":"https:\/\/aconteceunovale.com.br\/portal\/index.php?rest_route=\/wp\/v2\/posts\/103478","targetHints":{"allow":["GET"]}}],"collection":[{"href":"https:\/\/aconteceunovale.com.br\/portal\/index.php?rest_route=\/wp\/v2\/posts"}],"about":[{"href":"https:\/\/aconteceunovale.com.br\/portal\/index.php?rest_route=\/wp\/v2\/types\/post"}],"author":[{"embeddable":true,"href":"https:\/\/aconteceunovale.com.br\/portal\/index.php?rest_route=\/wp\/v2\/users\/1"}],"replies":[{"embeddable":true,"href":"https:\/\/aconteceunovale.com.br\/portal\/index.php?rest_route=%2Fwp%2Fv2%2Fcomments&post=103478"}],"version-history":[{"count":0,"href":"https:\/\/aconteceunovale.com.br\/portal\/index.php?rest_route=\/wp\/v2\/posts\/103478\/revisions"}],"wp:featuredmedia":[{"embeddable":true,"href":"https:\/\/aconteceunovale.com.br\/portal\/index.php?rest_route=\/wp\/v2\/media\/101017"}],"wp:attachment":[{"href":"https:\/\/aconteceunovale.com.br\/portal\/index.php?rest_route=%2Fwp%2Fv2%2Fmedia&parent=103478"}],"wp:term":[{"taxonomy":"category","embeddable":true,"href":"https:\/\/aconteceunovale.com.br\/portal\/index.php?rest_route=%2Fwp%2Fv2%2Fcategories&post=103478"},{"taxonomy":"post_tag","embeddable":true,"href":"https:\/\/aconteceunovale.com.br\/portal\/index.php?rest_route=%2Fwp%2Fv2%2Ftags&post=103478"}],"curies":[{"name":"wp","href":"https:\/\/api.w.org\/{rel}","templated":true}]}}