{"id":103469,"date":"2016-12-05T22:12:29","date_gmt":"2016-12-06T00:12:29","guid":{"rendered":"http:\/\/aconteceunovale.com.br\/portal\/?p=103469"},"modified":"2016-12-05T22:20:45","modified_gmt":"2016-12-06T00:20:45","slug":"esquizofrenico-morre-apos-ser-baleado-por-policial-militar-no-municipio-de-francisco-sa-no-norte-de-minas","status":"publish","type":"post","link":"https:\/\/aconteceunovale.com.br\/portal\/?p=103469","title":{"rendered":"Esquizofr\u00eanico morre ap\u00f3s ser baleado por policial militar no munic\u00edpio de Francisco S\u00e1, no Norte de Minas"},"content":{"rendered":"<p>Um homem de 42 anos morreu nesta segunda-feira (5\/12\/2016) ap\u00f3s ser baleado por um policial militar em Catuni, distrito de Francisco S\u00e1, no Norte de Minas. Familiares da v\u00edtima relataram que o homem estava com um surto psic\u00f3tico quando pediram socorro ao Samu e tamb\u00e9m \u00e0 Pol\u00edcia Militar.<\/p>\n<p>De acordo com o primo da v\u00edtima, Baltazar Soares Azevedo, Jo\u00e3o Carlos de Oliveira fazia tratamento para controlar a esquizofrenia, mas h\u00e1 cerca de cinco dias ele teve um surto e fugiu de casa. Neste domingo, ainda segundo o primo, familiares encontraram o homem e o levaram ao hospital.<\/p>\n<p>\u201cOntem n\u00e3o foi poss\u00edvel medic\u00e1-lo e hoje ele seria levado ao Centro de Aten\u00e7\u00e3o Psicossocial (Caps). Por\u00e9m ele acordou muito alterado e tentava fugir novamente. Por isso foi pedida ajuda da Pol\u00edcia Militar\u201d, afirma.<\/p>\n<p>Ele conta ainda que Jo\u00e3o Carlos foi seguido por cerca de 12 quil\u00f4metros, at\u00e9 a comunidade de Pega, onde ocorreu o disparo efetuado pelo policial. \u201cEle estava com um peda\u00e7o de madeira e gritava para que ningu\u00e9m encostasse sen\u00e3o ele matava. Esse policial revidou dizendo que iria morrer era ele e atirou em uma moita. Assustado, o Jo\u00e3o Carlos foi para cima deles. Todos os outros correram, mas o policial ficou e atirou nele, que foi atingido na regi\u00e3o abdominal\u201d, afirma.<\/p>\n<p>Ap\u00f3s o tiro Jo\u00e3o Carlos foi socorrido, mas morreu antes de chegar ao hospital, segundo a fam\u00edlia. O comandante da Companhia da Pol\u00edcia Militar em Francisco S\u00e1, tenente Jos\u00e9 D\u00falio Ferreira, afirma que durante a ocorr\u00eancia o homem tentou agredir os policiais, mas um dos militares n\u00e3o conseguiu sair do raio de a\u00e7\u00e3o dele.<\/p>\n<p>&#8220;O terreno deste local onde eles estavam \u00e9 acidentado. Quando o rapaz partiu para cima dos militares, o policial n\u00e3o conseguiu se afastar e foi atingido na cabe\u00e7a com um peda\u00e7o de madeira. Ele fez um disparo para sanar as agress\u00f5es; ele efetuou um disparo que atingiu o agressor na regi\u00e3o abdominal&#8221;, explica o tenente.<\/p>\n<p>Devido \u00e0s agress\u00f5es, segundo o tenente, o policial teve um corte na regi\u00e3o posterior da cabe\u00e7a. Ele foi socorrido ao hospital da cidade, com intenso sangramento, foi atendido e liberado. O tenente explica tamb\u00e9m que o militar teve a arma apreendida e ele ser\u00e1 apresentado \u00e0 Pol\u00edcia Judici\u00e1ria Militar. O corpo da v\u00edtima foi levado ao IML.<\/p>\n<h4><strong>Em Montes Claros<\/strong><\/h4>\n<p><strong>Homem \u00e9 morto na Vila Alice<\/strong><\/p>\n<p>Um homem de 25 anos foi morto a tiros, na tarde de ontem (4\/12), na Vila Alice. Policiais Militares compareceram no Beco G, onde depararam com a v\u00edtima R.N.C.V, ca\u00edda ao solo. Uma equipe do SAMU atestou o \u00f3bito.<\/p>\n<p>A per\u00edcia compareceu ao local e constatou seis perfura\u00e7\u00f5es: duas na face, uma na cabe\u00e7a, uma no maxilar, uma no t\u00f3rax e uma nas costas. <\/p>\n<p>Ainda segundo informa\u00e7\u00f5es da PM, a v\u00edtima lavava uma motocicleta, em frente a sua resid\u00eancia, quando dois indiv\u00edduos chegaram, conversaram com ela como se a conhecessem, em seguida efetuaram os disparos e evadiram.<\/p>\n<p>A Pol\u00edcia Militar recebeu informa\u00e7\u00f5es sobre os poss\u00edveis autores, contudo, at\u00e9 o momento, estes n\u00e3o foram localizados.<\/p>\n<p><strong>Homic\u00eddio na Major Santos<\/strong><\/p>\n<p>Um rapaz morreu ap\u00f3s ser baleado na tarde desta segunda-feira (5\/12\/2016) em Montes Claros, no Norte de Minas. De acordo com informa\u00e7\u00f5es da Pol\u00edcia Militar, a v\u00edtima estava na Rua Major Santos quando uma motocicleta se aproximou e um homem que estava na garupa efetuou dois disparos.<\/p>\n<p>A PM informou tamb\u00e9m que a v\u00edtima, que n\u00e3o teve nome e idade divulgados, foi atingida por dois tiros no pesco\u00e7o. Ele foi socorrido por familiares ao Hospital Santa Casa, mas morreu momentos depois de dar entrada na unidade hospitalar.<\/p>\n<p>Militares realizam buscas na regi\u00e3o para tentar localizar os autores do crime, mas at\u00e9 o fim da tarde desta segunda ningu\u00e9m foi preso.<\/p>\n<p><img decoding=\"async\" src=\"http:\/\/aconteceunovale.com.br\/portal\/wp-content\/uploads\/2016\/12\/homicidio_moc_1.jpg\" alt=\"\" \/><em>Jovem foi morto a tiros na Rua Major Santos (Foto: Reprodu\u00e7\u00e3o\/Eventos Moc)<\/em><br \/>\n<\/br><\/p>\n<p><em>(Com informa\u00e7\u00f5es do G1 Grande Minas e PM)<\/em><\/p>\n","protected":false},"excerpt":{"rendered":"<p>Um homem de 42 anos morreu nesta segunda-feira (5\/12\/2016) ap\u00f3s ser baleado por um policial militar em Catuni, distrito de Francisco S\u00e1, no Norte de Minas. Familiares da v\u00edtima relataram que o homem estava com um surto psic\u00f3tico quando pediram socorro ao Samu e tamb\u00e9m \u00e0 Pol\u00edcia Militar. De acordo com o primo da v\u00edtima, [&hellip;]<\/p>\n","protected":false},"author":1,"featured_media":71442,"comment_status":"open","ping_status":"closed","sticky":false,"template":"","format":"standard","meta":{"amp_status":"","footnotes":""},"categories":[1236],"tags":[21968,128956,128960,128957,128961,128964,28856,128966,128970,128968,1395,128969,21967,128965,210,63142,128958,128962,128959,128963,128967],"class_list":["post-103469","post","type-post","status-publish","format-standard","has-post-thumbnail","hentry","category-norte_de_minas","tag-assassinato-montes-claros","tag-baleado-por-pm-em-catuni","tag-baleado-por-pm-em-francisco-sa","tag-baleado-por-policial-militar-em-catuni","tag-baleado-por-policial-militar-em-francisco-sa","tag-baltazar-soares-azevedo","tag-catuni","tag-comandante-da-companhia-da-policia-militar-em-francisco-sa","tag-edmar-alves","tag-esquizofrenico-morre-apos-ser-baleado-por-policial-militar-no-municipio-de-francisco-sa","tag-francisco-sa","tag-homem-de-25-anos-e-assassinado-vila-alice","tag-homicidio-montes-claros","tag-joao-carlos-de-oliveira","tag-montes-claros","tag-morto-em-montes-claros","tag-morto-por-pm-em-catuni","tag-morto-por-pm-em-francisco-sa","tag-morto-por-policial-militar-em-catuni","tag-morto-por-policial-militar-em-francisco-sa","tag-tenente-jose-dulio-ferreira"],"_links":{"self":[{"href":"https:\/\/aconteceunovale.com.br\/portal\/index.php?rest_route=\/wp\/v2\/posts\/103469","targetHints":{"allow":["GET"]}}],"collection":[{"href":"https:\/\/aconteceunovale.com.br\/portal\/index.php?rest_route=\/wp\/v2\/posts"}],"about":[{"href":"https:\/\/aconteceunovale.com.br\/portal\/index.php?rest_route=\/wp\/v2\/types\/post"}],"author":[{"embeddable":true,"href":"https:\/\/aconteceunovale.com.br\/portal\/index.php?rest_route=\/wp\/v2\/users\/1"}],"replies":[{"embeddable":true,"href":"https:\/\/aconteceunovale.com.br\/portal\/index.php?rest_route=%2Fwp%2Fv2%2Fcomments&post=103469"}],"version-history":[{"count":0,"href":"https:\/\/aconteceunovale.com.br\/portal\/index.php?rest_route=\/wp\/v2\/posts\/103469\/revisions"}],"wp:featuredmedia":[{"embeddable":true,"href":"https:\/\/aconteceunovale.com.br\/portal\/index.php?rest_route=\/wp\/v2\/media\/71442"}],"wp:attachment":[{"href":"https:\/\/aconteceunovale.com.br\/portal\/index.php?rest_route=%2Fwp%2Fv2%2Fmedia&parent=103469"}],"wp:term":[{"taxonomy":"category","embeddable":true,"href":"https:\/\/aconteceunovale.com.br\/portal\/index.php?rest_route=%2Fwp%2Fv2%2Fcategories&post=103469"},{"taxonomy":"post_tag","embeddable":true,"href":"https:\/\/aconteceunovale.com.br\/portal\/index.php?rest_route=%2Fwp%2Fv2%2Ftags&post=103469"}],"curies":[{"name":"wp","href":"https:\/\/api.w.org\/{rel}","templated":true}]}}