{"id":103464,"date":"2016-12-05T21:34:25","date_gmt":"2016-12-05T23:34:25","guid":{"rendered":"http:\/\/aconteceunovale.com.br\/portal\/?p=103464"},"modified":"2016-12-05T21:34:25","modified_gmt":"2016-12-05T23:34:25","slug":"estudantes-desocupam-escola-em-governador-valadares","status":"publish","type":"post","link":"https:\/\/aconteceunovale.com.br\/portal\/?p=103464","title":{"rendered":"Estudantes desocupam escola em Governador Valadares"},"content":{"rendered":"<p>Ap\u00f3s mais de um m\u00eas de movimento, estudantes da Escola Estadual Dona Arabela de Almeida Costa, em Governador Valadares, desocuparam o local na manh\u00e3 desta segunda-feira (5\/12\/2016). A decis\u00e3o foi comunicada por meio de perfil oficial do grupo em uma rede social e a dire\u00e7\u00e3o da escola confirmou.<\/p>\n<p>\u201cOcupamos uma escola de periferia, com todas as dificuldades pra mobilizar estudantes, pra conseguir manter a agenda de atividades da ocupa\u00e7\u00e3o, criar um di\u00e1logo com a comunidade.  Enfrentamos a maior dificuldade que \u00e9 justamente o fato de ser uma escola de periferia, lugar onde faltam os direitos b\u00e1sicos que o Estado deveria garantir, mas sobra viol\u00eancia\u201d, afirma o comunicado.<\/p>\n<p>Segundo a nota, os estudantes que participaram da ocupa\u00e7\u00e3o aceitaram a responsabilidade de levar informa\u00e7\u00e3o pol\u00edtica, dialogar com a comunidade e se posicionarem contra a PEC 55, que tramita no Senado e prev\u00ea o congelamento do or\u00e7amento da Uni\u00e3o por 20 anos. Para eles, os objetivos foram atingidos em parte, pois acreditam que empoderaram os estudantes, aprenderam mais sobre a hist\u00f3ria do pa\u00eds e sobre o atual cen\u00e1rio pol\u00edtico, bem como promoveram debates.<\/p>\n<p>Apesar disso, os estudantes apontam a falta de seguran\u00e7a no local como motivo da desocupa\u00e7\u00e3o. \u201cInfelizmente sofremos um assalto a m\u00e3o armada neste domingo \u00e0s 21h47 da noite, por\u00e9m estamos bem e ningu\u00e9m se feriu. Portanto, pensando na seguran\u00e7a de todas e todos os estudantes ocupantes, n\u00f3s decidimos desocupar a escola na manh\u00e3 dessa segunda-feira\u201d.<\/p>\n<p><img decoding=\"async\" src=\"http:\/\/aconteceunovale.com.br\/portal\/wp-content\/uploads\/2016\/12\/ocupacao_gv.jpg\" alt=\"\" \/><em>Escola Dona Arabela de Almeida Costa foi desocupada (Foto: Daniel Santos\/Arquivo Pessoal)<\/em><br \/>\n<\/br><\/p>\n<p><em>(Fonte: G1 dos Vales)<\/em><\/p>\n","protected":false},"excerpt":{"rendered":"<p>Ap\u00f3s mais de um m\u00eas de movimento, estudantes da Escola Estadual Dona Arabela de Almeida Costa, em Governador Valadares, desocuparam o local na manh\u00e3 desta segunda-feira (5\/12\/2016). A decis\u00e3o foi comunicada por meio de perfil oficial do grupo em uma rede social e a dire\u00e7\u00e3o da escola confirmou. \u201cOcupamos uma escola de periferia, com todas [&hellip;]<\/p>\n","protected":false},"author":1,"featured_media":103465,"comment_status":"open","ping_status":"closed","sticky":false,"template":"","format":"standard","meta":{"amp_status":"","footnotes":""},"categories":[121],"tags":[112619,128952,124243,128954,247,128953,128951,124244],"class_list":["post-103464","post","type-post","status-publish","format-standard","has-post-thumbnail","hentry","category-leste","tag-escola-estadual-dona-arabela-de-almeida-costa","tag-escola-estadual-dona-arabela-de-almeida-costa-e-desocupada","tag-escola-estadual-dona-arabela-de-almeida-costa-e-ocupada","tag-estudantes-desocupam-escola-em-governador-valadares","tag-governador-valadares","tag-ocupacao-contra-pec-55-em-governador-valadares","tag-ocupacao-escola-estadual-dona-arabela-de-almeida-costa","tag-pec-55"],"_links":{"self":[{"href":"https:\/\/aconteceunovale.com.br\/portal\/index.php?rest_route=\/wp\/v2\/posts\/103464","targetHints":{"allow":["GET"]}}],"collection":[{"href":"https:\/\/aconteceunovale.com.br\/portal\/index.php?rest_route=\/wp\/v2\/posts"}],"about":[{"href":"https:\/\/aconteceunovale.com.br\/portal\/index.php?rest_route=\/wp\/v2\/types\/post"}],"author":[{"embeddable":true,"href":"https:\/\/aconteceunovale.com.br\/portal\/index.php?rest_route=\/wp\/v2\/users\/1"}],"replies":[{"embeddable":true,"href":"https:\/\/aconteceunovale.com.br\/portal\/index.php?rest_route=%2Fwp%2Fv2%2Fcomments&post=103464"}],"version-history":[{"count":0,"href":"https:\/\/aconteceunovale.com.br\/portal\/index.php?rest_route=\/wp\/v2\/posts\/103464\/revisions"}],"wp:featuredmedia":[{"embeddable":true,"href":"https:\/\/aconteceunovale.com.br\/portal\/index.php?rest_route=\/wp\/v2\/media\/103465"}],"wp:attachment":[{"href":"https:\/\/aconteceunovale.com.br\/portal\/index.php?rest_route=%2Fwp%2Fv2%2Fmedia&parent=103464"}],"wp:term":[{"taxonomy":"category","embeddable":true,"href":"https:\/\/aconteceunovale.com.br\/portal\/index.php?rest_route=%2Fwp%2Fv2%2Fcategories&post=103464"},{"taxonomy":"post_tag","embeddable":true,"href":"https:\/\/aconteceunovale.com.br\/portal\/index.php?rest_route=%2Fwp%2Fv2%2Ftags&post=103464"}],"curies":[{"name":"wp","href":"https:\/\/api.w.org\/{rel}","templated":true}]}}