{"id":103452,"date":"2016-12-05T20:26:58","date_gmt":"2016-12-05T22:26:58","guid":{"rendered":"http:\/\/aconteceunovale.com.br\/portal\/?p=103452"},"modified":"2016-12-05T20:26:58","modified_gmt":"2016-12-05T22:26:58","slug":"artesaos-de-minas-gerais-devem-faturar-meio-milhao-de-reais-na-27a-feira-nacional-de-artesanato","status":"publish","type":"post","link":"https:\/\/aconteceunovale.com.br\/portal\/?p=103452","title":{"rendered":"Artes\u00e3os de Minas Gerais devem faturar meio milh\u00e3o de reais na 27\u00aa Feira Nacional de Artesanato"},"content":{"rendered":"<p>O tradicional artesanato mineiro ser\u00e1 o grande destaque na 27\u00aa Feira Nacional de Artesanato, que ser\u00e1 aberta nesta ter\u00e7a-feira (6\/12), no Expominas, em Belo Horizonte. Cerca de 400 artes\u00e3os dos 17 territ\u00f3rios de desenvolvimento confirmaram presen\u00e7a no evento, onde ter\u00e3o oportunidade de mostrar e comercializar aproximadamente 25 mil pe\u00e7as e alcan\u00e7ar um faturamento de R$ 500 mil at\u00e9 o dia 11 de dezembro, data do encerramento da feira. Essa mobiliza\u00e7\u00e3o \u00e9 resultado do trabalho do Governo de Minas Gerais, por meio da Secretaria de Desenvolvimento Integrado e F\u00f3runs Regionais (Seedif) e Instituto de Desenvolvimento do Norte e Nordeste de Minas Gerais (Idene\/Sedinor), com a participa\u00e7\u00e3o do Sebrae Minas.  <\/p>\n<p>Na 27\u00aa Feira Nacional de Artesanato, o espa\u00e7o destinado aos mineiros ultrapassa 600 metros quadrados, divididos em locais diversos dentro do Expominas. Assim, os artes\u00e3os de todas as regi\u00f5es do estado estar\u00e3o integrados aos estandes do Idene, Sebrae Minas e do Programa de Artesanato Brasileiro (PAB) da Secretaria da Micro e Pequena Empresa da Presid\u00eancia da Rep\u00fablica.<\/p>\n<p>Minas Gerais vai poder mostrar a qualidade do seu artesanato por meio das fibras do Sul do estado, da cer\u00e2mica do Norte e do Vale do Jequitinhonha, da madeira e do ferro do Campo das Vertentes e do artesanato recicl\u00e1vel da regi\u00e3o metropolitana da capital. Haver\u00e1 ainda uma variedade de vestu\u00e1rios e acess\u00f3rios de moda origin\u00e1rios das diferentes regi\u00f5es.<\/p>\n<p>O governo estadual tem ampliado seu trabalho de apoio e articula\u00e7\u00e3o para que os artes\u00e3os tenham mais espa\u00e7os para comercializar as suas pe\u00e7as em diferentes feiras no pr\u00f3prio estado e nas demais regi\u00f5es do pa\u00eds. A comercializa\u00e7\u00e3o continua sendo o grande desafio do artesanato de Minas, reconhecido como um dos mais expressivos do Brasil. Por isso, a Seedif e o Idene mant\u00eam uma parceria constante nesse sentido, por acreditar que o artesanato tem import\u00e2ncia social, cultural e econ\u00f4mica, envolvendo direta e indiretamente cerca de 300 mil pessoas no estado.<\/p>\n<p>De acordo com o N\u00facleo de Artesanato da Seedif, a expectativa para a Feira Nacional do Artesanato \u00e9 extremamente positiva, uma vez que a qualidade dos trabalhos faz com que os visitantes se sintam atra\u00eddos pela beleza e originalidade das pe\u00e7as.   <\/p>\n<p><strong>N\u00fameros nacionais do evento<\/strong><\/p>\n<p>A 27\u00aa Feira Nacional de Artesanato \u00e9 considerado o maior evento do g\u00eanero na Am\u00e9rica Latina, com 7 mil expositores em 1.200 estandes de todos os estados brasileiros e alguns de outros pa\u00edses, como Turquia, Paquist\u00e3o, \u00cdndia, \u00c1frica do Sul, Qu\u00eania, Jap\u00e3o, Senegal e Bol\u00edvia. H\u00e1 uma expectativa de receber 180 mil visitantes nos seis dias da feira. O evento \u00e9 uma realiza\u00e7\u00e3o do Sistema Fiemg, por meio do Servi\u00e7o Social da Ind\u00fastria (Sesi) e do Instituto Centro de Capacita\u00e7\u00e3o e Apoio ao Empreendedor (Centro CAPE). A Feira do evento tem o apoio do Minist\u00e9rio da Cultura por meio da Lei Rouanet e patroc\u00ednio do Governo de Minas Gerais, Banco do Brasil e Cemig.<\/p>\n<p>A feira ser\u00e1 aberta amanh\u00e3, somente para lojistas, das 12h \u00e0s 20h. Nos dias 7, 8 e 9 de dezembro, das 14h \u00e0s 22h. No dia 10, das 10h \u00e0s 22h \u2013 e, no dia 11, das 10h \u00e0s 21h. Os ingressos custam R$ 10. Crian\u00e7as de at\u00e9 12 anos e pessoas acima de 60 anos t\u00eam entrada franca. O Expominas est\u00e1 localizado na avenida Amazonas, 6.030, bairro Gameleira.<\/p>\n<p><img decoding=\"async\" src=\"http:\/\/aconteceunovale.com.br\/portal\/wp-content\/uploads\/2016\/12\/leonardo-horta.jpg\" alt=\"\" \/><em>Cer\u00e2mica do Vale do Jequitinhonha (Foto: Leonardo Horta\/Seedif)<\/em><br \/>\n<\/br><\/p>\n<p>(Ag\u00eancia Minas)<\/p>\n","protected":false},"excerpt":{"rendered":"<p>O tradicional artesanato mineiro ser\u00e1 o grande destaque na 27\u00aa Feira Nacional de Artesanato, que ser\u00e1 aberta nesta ter\u00e7a-feira (6\/12), no Expominas, em Belo Horizonte. Cerca de 400 artes\u00e3os dos 17 territ\u00f3rios de desenvolvimento confirmaram presen\u00e7a no evento, onde ter\u00e3o oportunidade de mostrar e comercializar aproximadamente 25 mil pe\u00e7as e alcan\u00e7ar um faturamento de R$ [&hellip;]<\/p>\n","protected":false},"author":1,"featured_media":103453,"comment_status":"open","ping_status":"closed","sticky":false,"template":"","format":"standard","meta":{"amp_status":"","footnotes":""},"categories":[123,120],"tags":[128932,76965,128935,194,8433,1018,1224,128933,128934,113798,113797,128931],"class_list":["post-103452","post","type-post","status-publish","format-standard","has-post-thumbnail","hentry","category-gerais","category-jequi","tag-27a-feira-nacional-de-artesanato","tag-artesanato-mineiro","tag-artesaos-de-minas-gerais-devem-faturar-meio-milhao-de-reais-na-27a-feira-nacional-de-artesanato","tag-belo-horizonte","tag-ceramica-do-vale-do-jequitinhonha","tag-destaque","tag-expominas","tag-feira-nacional-de-artesanato","tag-nucleo-de-artesanato-da-seedif","tag-pab","tag-programa-de-artesanato-brasileiro","tag-tradicional-artesanato-mineiro"],"_links":{"self":[{"href":"https:\/\/aconteceunovale.com.br\/portal\/index.php?rest_route=\/wp\/v2\/posts\/103452","targetHints":{"allow":["GET"]}}],"collection":[{"href":"https:\/\/aconteceunovale.com.br\/portal\/index.php?rest_route=\/wp\/v2\/posts"}],"about":[{"href":"https:\/\/aconteceunovale.com.br\/portal\/index.php?rest_route=\/wp\/v2\/types\/post"}],"author":[{"embeddable":true,"href":"https:\/\/aconteceunovale.com.br\/portal\/index.php?rest_route=\/wp\/v2\/users\/1"}],"replies":[{"embeddable":true,"href":"https:\/\/aconteceunovale.com.br\/portal\/index.php?rest_route=%2Fwp%2Fv2%2Fcomments&post=103452"}],"version-history":[{"count":0,"href":"https:\/\/aconteceunovale.com.br\/portal\/index.php?rest_route=\/wp\/v2\/posts\/103452\/revisions"}],"wp:featuredmedia":[{"embeddable":true,"href":"https:\/\/aconteceunovale.com.br\/portal\/index.php?rest_route=\/wp\/v2\/media\/103453"}],"wp:attachment":[{"href":"https:\/\/aconteceunovale.com.br\/portal\/index.php?rest_route=%2Fwp%2Fv2%2Fmedia&parent=103452"}],"wp:term":[{"taxonomy":"category","embeddable":true,"href":"https:\/\/aconteceunovale.com.br\/portal\/index.php?rest_route=%2Fwp%2Fv2%2Fcategories&post=103452"},{"taxonomy":"post_tag","embeddable":true,"href":"https:\/\/aconteceunovale.com.br\/portal\/index.php?rest_route=%2Fwp%2Fv2%2Ftags&post=103452"}],"curies":[{"name":"wp","href":"https:\/\/api.w.org\/{rel}","templated":true}]}}