{"id":103446,"date":"2016-12-05T20:09:10","date_gmt":"2016-12-05T22:09:10","guid":{"rendered":"http:\/\/aconteceunovale.com.br\/portal\/?p=103446"},"modified":"2016-12-05T20:09:10","modified_gmt":"2016-12-05T22:09:10","slug":"ministro-do-stf-afasta-renan-calheiros-do-cargo-de-presidente-do-senado","status":"publish","type":"post","link":"https:\/\/aconteceunovale.com.br\/portal\/?p=103446","title":{"rendered":"Ministro do STF afasta Renan Calheiros do cargo de presidente do Senado"},"content":{"rendered":"<p>O ministro do Supremo Tribunal Federal (STF) Marco Aur\u00e9lio decidiu hoje (5\/12\/2016) afastar o presidente do Senado, Renan Calheiros (PMDB-AL), do cargo da presidente. O ministro atendeu a um pedido liminar feito pela Rede Sustentabilidade na manh\u00e3 desta segunda-feira.<\/p>\n<p>O pedido de afastamento foi feito pelo partido ap\u00f3s a decis\u00e3o proferida pela Corte na semana passada, que tornou Renan r\u00e9u pelo crime de peculato. De acordo com a legenda, a liminar era urgente porque o recesso no Supremo come\u00e7a no dia 19 de dezembro, e Renan deixar\u00e1 a presid\u00eancia no dia 1\u00ba de fevereiro do ano que vem, quando a Corte retorna ao trabalho.<\/p>\n<p>\u201cDefiro a liminar pleiteada. Fa\u00e7o-o para afastar n\u00e3o do exerc\u00edcio do mandato de Senador, outorgado pelo povo alagoano, mas do cargo de Presidente do Senado o senador Renan Calheiros\u201d, decidiu o ministro Marco Aur\u00e9lio.<\/p>\n<p><strong>Julgamento<\/strong><\/p>\n<p>No m\u00eas passado, a Corte come\u00e7ou a julgar a a\u00e7\u00e3o na qual a Rede pede que o Supremo declare que r\u00e9us n\u00e3o podem fazer parte da linha sucess\u00f3ria da Presid\u00eancia da Rep\u00fablica. At\u00e9 o momento, h\u00e1 maioria de seis votos pelo impedimento, mas o julgamento n\u00e3o foi encerrado em fun\u00e7\u00e3o de um pedido de vista do ministro Dias Toffoli.<\/p>\n<p>At\u00e9 o momento, votaram a favor de que r\u00e9us n\u00e3o possam ocupar a linha sucess\u00f3ria o relator, ministro Marco Aur\u00e9lio, e os ministros Edson Fachin, Teori Zavascki, Rosa Weber, Luiz Fux e Celso de Mello.<\/p>\n<p>Em nota divulgada na sexta-feira (2), o gabinete de Toffoli informou que o ministro tem at\u00e9 o dia 21 de dezembro para liberar o voto-vista, data na qual a Corte estar\u00e1 em recesso.<\/p>\n<p><strong>Decis\u00e3o<\/strong><\/p>\n<p>Na decis\u00e3o, Marco Aur\u00e9lio disse que a Corte j\u00e1 tem maioria pelo afastamento, mas o presidente do Senado continua no cargo, \u201censejando manifesta\u00e7\u00f5es de toda ordem, a comprometerem a seguran\u00e7a jur\u00eddica\u201d.<\/p>\n<p>\u201cUrge provid\u00eancia, n\u00e3o para concluir o julgamento de fundo, atribui\u00e7\u00e3o do plen\u00e1rio, mas para implementar medida acauteladora, forte nas premissas do voto que prolatei nos cinco votos no mesmo sentido, ou seja, na maioria absoluta j\u00e1 formada, bem como no risco de continuar, na linha de substitui\u00e7\u00e3o do presidente da Rep\u00fablica, r\u00e9u, assim qualificado por decis\u00e3o do Supremo\u201d, concluiu o ministro.<\/p>\n<p><img decoding=\"async\" src=\"http:\/\/aconteceunovale.com.br\/portal\/wp-content\/uploads\/2016\/12\/renan_afastado.jpg\" alt=\"\" \/><em>Renan Calheiros foi afastado pelo STF (Fabio Rodrigues Pozzebom\/Ag\u00eancia Brasil)<\/em><br \/>\n<\/br><\/p>\n<p><em>(Fonte: Ag\u00eancia Brasil)<\/em><\/p>\n","protected":false},"excerpt":{"rendered":"<p>O ministro do Supremo Tribunal Federal (STF) Marco Aur\u00e9lio decidiu hoje (5\/12\/2016) afastar o presidente do Senado, Renan Calheiros (PMDB-AL), do cargo da presidente. O ministro atendeu a um pedido liminar feito pela Rede Sustentabilidade na manh\u00e3 desta segunda-feira. O pedido de afastamento foi feito pelo partido ap\u00f3s a decis\u00e3o proferida pela Corte na semana [&hellip;]<\/p>\n","protected":false},"author":1,"featured_media":103447,"comment_status":"open","ping_status":"closed","sticky":false,"template":"","format":"standard","meta":{"amp_status":"","footnotes":""},"categories":[6,40240],"tags":[128920,128921,128919,35140,77983,77985,17309,128923,31968,59640,13893,28594,128922,35139,28511,128918,28510,36643],"class_list":["post-103446","post","type-post","status-publish","format-standard","has-post-thumbnail","hentry","category-br","category-politica-2","tag-afastamento-presidente-do-senado","tag-afastamento-renan-calheiros","tag-afastar-o-presidente-do-senado","tag-celso-de-mello","tag-edson-fachin","tag-luiz-fux","tag-marco-aurelio","tag-ministro-do-stf-afasta-renan-calheiros-do-cargo-de-presidente-do-senado","tag-presidente-do-senado","tag-rede","tag-rede-sustentabilidade","tag-renan-calheiros","tag-renan-calheiros-e-afastado","tag-rosa-weber","tag-stf","tag-stf-decide-afastar-o-presidente-do-senado","tag-supremo-tribunal-federal","tag-teori-zavascki"],"_links":{"self":[{"href":"https:\/\/aconteceunovale.com.br\/portal\/index.php?rest_route=\/wp\/v2\/posts\/103446","targetHints":{"allow":["GET"]}}],"collection":[{"href":"https:\/\/aconteceunovale.com.br\/portal\/index.php?rest_route=\/wp\/v2\/posts"}],"about":[{"href":"https:\/\/aconteceunovale.com.br\/portal\/index.php?rest_route=\/wp\/v2\/types\/post"}],"author":[{"embeddable":true,"href":"https:\/\/aconteceunovale.com.br\/portal\/index.php?rest_route=\/wp\/v2\/users\/1"}],"replies":[{"embeddable":true,"href":"https:\/\/aconteceunovale.com.br\/portal\/index.php?rest_route=%2Fwp%2Fv2%2Fcomments&post=103446"}],"version-history":[{"count":0,"href":"https:\/\/aconteceunovale.com.br\/portal\/index.php?rest_route=\/wp\/v2\/posts\/103446\/revisions"}],"wp:featuredmedia":[{"embeddable":true,"href":"https:\/\/aconteceunovale.com.br\/portal\/index.php?rest_route=\/wp\/v2\/media\/103447"}],"wp:attachment":[{"href":"https:\/\/aconteceunovale.com.br\/portal\/index.php?rest_route=%2Fwp%2Fv2%2Fmedia&parent=103446"}],"wp:term":[{"taxonomy":"category","embeddable":true,"href":"https:\/\/aconteceunovale.com.br\/portal\/index.php?rest_route=%2Fwp%2Fv2%2Fcategories&post=103446"},{"taxonomy":"post_tag","embeddable":true,"href":"https:\/\/aconteceunovale.com.br\/portal\/index.php?rest_route=%2Fwp%2Fv2%2Ftags&post=103446"}],"curies":[{"name":"wp","href":"https:\/\/api.w.org\/{rel}","templated":true}]}}