{"id":103443,"date":"2016-12-05T19:09:38","date_gmt":"2016-12-05T21:09:38","guid":{"rendered":"http:\/\/aconteceunovale.com.br\/portal\/?p=103443"},"modified":"2016-12-05T19:09:38","modified_gmt":"2016-12-05T21:09:38","slug":"idade-minima-proposta-pelo-governo-em-reforma-da-previdencia-sera-de-65-anos","status":"publish","type":"post","link":"https:\/\/aconteceunovale.com.br\/portal\/?p=103443","title":{"rendered":"Idade m\u00ednima proposta pelo governo em Reforma da Previd\u00eancia ser\u00e1 de 65 anos"},"content":{"rendered":"<p>A proposta de Reforma da Previd\u00eancia apresentada hoje (5\/12\/2016) pelo governo estipula uma idade m\u00ednima de aposentadoria aos 65 anos para homens e mulheres. Atualmente, n\u00e3o h\u00e1 uma idade m\u00ednima para os trabalhadores se aposentarem. Eles podem pedir a aposentadoria com 30 anos de contribui\u00e7\u00e3o, no caso das mulheres, e 35 anos no dos homens. Para receber o benef\u00edcio integral, \u00e9 preciso atingir a f\u00f3rmula 85 (mulheres) e 95 (homens), que \u00e9 a soma da idade e o tempo de contribui\u00e7\u00e3o.<\/p>\n<p>O presidente e a equipe econ\u00f4mica do governo conduzem neste momento uma reuni\u00e3o com os l\u00edderes da base aliada na C\u00e2mara e no Senado para apresentar o texto da reforma. A proposta ser\u00e1 encaminhado ao Congresso Nacional amanh\u00e3 (6).<\/p>\n<p>O ministro-chefe da Casa Civil, Eliseu Padilha, pediu que os parlamentares fa\u00e7am o debate com os cr\u00edticos \u00e0 proposta durante a tramita\u00e7\u00e3o no Congresso. \u201cCito como curiosidade o primeiro regime previdenci\u00e1rio brasileiro em 1934 tinha idade m\u00ednima de 65 anos, que \u00e9 a idade que est\u00e1 sendo proposta agora\u201d, afirmou Padilha, ao abrir a reuni\u00e3o com os parlamentares.<\/p>\n<p>O ministro admitiu que o assunto \u00e9 &#8220;\u00e1rido\u201d mas disse que as mudan\u00e7as precisam ser feitas. O conte\u00fado da proposta ainda n\u00e3o foi divulgado pelo Pal\u00e1cio do Planalto. Ainda hoje as centrais sindicais v\u00e3o se reunir com Padilha para discutir o assunto. A expectativa \u00e9 de que o ministro da Fazenda, Henrique Meirelles, e o secret\u00e1rio da Previd\u00eancia, Marcelo Caetano, convoquem uma entrevista coletiva para detalhar as medidas.<\/p>\n<p>Em discurso aos senadores e deputados, Michel Temer reconheceu tamb\u00e9m que o assunto \u00e9 \u201cespinhoso\u201d e que \u00e9 preciso \u201cequil\u00edbrio, serenidade e transpar\u00eancia\u201d na tramita\u00e7\u00e3o do projeto. Temer lembrou que, como a reforma ser\u00e1 encaminhada por meio de proposta de emenda \u00e0 Constitui\u00e7\u00e3o, n\u00e3o caber\u00e1 a ele sancionar ou vetar a medida, j\u00e1 que ap\u00f3s as aprova\u00e7\u00f5es no Congresso as mudan\u00e7as ser\u00e3o promulgadas. Ele acrescentou ainda que &#8220;\u00c9 l\u00e1 [no Parlamento] que v\u00e1rios setores e as centrais sindicais ir\u00e3o se dirigir para postula\u00e7\u00f5es&#8221;, acrescentou. (Ag\u00eancia Brasil)<\/p>\n","protected":false},"excerpt":{"rendered":"<p>A proposta de Reforma da Previd\u00eancia apresentada hoje (5\/12\/2016) pelo governo estipula uma idade m\u00ednima de aposentadoria aos 65 anos para homens e mulheres. Atualmente, n\u00e3o h\u00e1 uma idade m\u00ednima para os trabalhadores se aposentarem. Eles podem pedir a aposentadoria com 30 anos de contribui\u00e7\u00e3o, no caso das mulheres, e 35 anos no dos homens. [&hellip;]<\/p>\n","protected":false},"author":1,"featured_media":103444,"comment_status":"open","ping_status":"closed","sticky":false,"template":"","format":"standard","meta":{"amp_status":"","footnotes":""},"categories":[6],"tags":[27840,128917,128915,128914,128913,128916,84435,110209,84466],"class_list":["post-103443","post","type-post","status-publish","format-standard","has-post-thumbnail","hentry","category-br","tag-eliseu-padilha","tag-idade-minima","tag-idade-minima-para-aposentar","tag-idade-minima-para-aposentar-sera-de-65-anos","tag-idade-minima-proposta-pelo-governo-em-reforma-da-previdencia-sera-de-65-anos","tag-idade-para-aposentar","tag-ministro-chefe-da-casa-civil","tag-reforma-da-previdencia","tag-temer"],"_links":{"self":[{"href":"https:\/\/aconteceunovale.com.br\/portal\/index.php?rest_route=\/wp\/v2\/posts\/103443","targetHints":{"allow":["GET"]}}],"collection":[{"href":"https:\/\/aconteceunovale.com.br\/portal\/index.php?rest_route=\/wp\/v2\/posts"}],"about":[{"href":"https:\/\/aconteceunovale.com.br\/portal\/index.php?rest_route=\/wp\/v2\/types\/post"}],"author":[{"embeddable":true,"href":"https:\/\/aconteceunovale.com.br\/portal\/index.php?rest_route=\/wp\/v2\/users\/1"}],"replies":[{"embeddable":true,"href":"https:\/\/aconteceunovale.com.br\/portal\/index.php?rest_route=%2Fwp%2Fv2%2Fcomments&post=103443"}],"version-history":[{"count":0,"href":"https:\/\/aconteceunovale.com.br\/portal\/index.php?rest_route=\/wp\/v2\/posts\/103443\/revisions"}],"wp:featuredmedia":[{"embeddable":true,"href":"https:\/\/aconteceunovale.com.br\/portal\/index.php?rest_route=\/wp\/v2\/media\/103444"}],"wp:attachment":[{"href":"https:\/\/aconteceunovale.com.br\/portal\/index.php?rest_route=%2Fwp%2Fv2%2Fmedia&parent=103443"}],"wp:term":[{"taxonomy":"category","embeddable":true,"href":"https:\/\/aconteceunovale.com.br\/portal\/index.php?rest_route=%2Fwp%2Fv2%2Fcategories&post=103443"},{"taxonomy":"post_tag","embeddable":true,"href":"https:\/\/aconteceunovale.com.br\/portal\/index.php?rest_route=%2Fwp%2Fv2%2Ftags&post=103443"}],"curies":[{"name":"wp","href":"https:\/\/api.w.org\/{rel}","templated":true}]}}