{"id":103424,"date":"2016-12-05T16:08:44","date_gmt":"2016-12-05T18:08:44","guid":{"rendered":"http:\/\/aconteceunovale.com.br\/portal\/?p=103424"},"modified":"2016-12-05T16:08:44","modified_gmt":"2016-12-05T18:08:44","slug":"camara-de-francisco-sa-aprova-projeto-que-derruba-corte-68-nos-salarios-de-vereadores","status":"publish","type":"post","link":"https:\/\/aconteceunovale.com.br\/portal\/?p=103424","title":{"rendered":"C\u00e2mara de Francisco S\u00e1 aprova projeto que derruba corte 68% nos sal\u00e1rios de vereadores"},"content":{"rendered":"<p>A C\u00e2mara de Vereadores de Francisco S\u00e1, no Norte de Minas, aprovou nesta segunda-feira (5\/12\/2016) um Projeto de Lei que revoga a lei que reduziu o sal\u00e1rio dos vereadores do munic\u00edpio. Seis vereadores foram a favor da revoga\u00e7\u00e3o e quatro pretendiam a perman\u00eancia da redu\u00e7\u00e3o salarial.<\/p>\n<p>O projeto ser\u00e1 encaminhado ao Executivo e, assim que sancionado, o sal\u00e1rio dos vereadores volta para R$ 6.891; aumento de 68% no valor atual de R$ 2.200. O projeto para derrubar a lei foi apresentado pelo vereador Watson Haroldo (PMDB), que afirma ser contra a redu\u00e7\u00e3o salarial. Por\u00e9m, ele alega que no projeto apresentado hoje n\u00e3o foi discutido os valores dos sal\u00e1rios e apenas irregularidades que impediam que a redu\u00e7\u00e3o fosse aprovada no m\u00eas de setembro.<\/p>\n<p>\u201cO projeto foi aprovado em uma reuni\u00e3o extraordin\u00e1ria e todos os vereadores deviam ter sido avisados em tempo h\u00e1bil, o que n\u00e3o ocorreu. N\u00f3s estamos aqui para legislar legalmente e isto tamb\u00e9m n\u00e3o ocorreu. Hoje n\u00e3o discutimos valores e apenas a legalidade daquele projeto\u201d, explica.<\/p>\n<p>A vereadora Shirlene Ribeiro Ruas (PMDB) votou contra a extin\u00e7\u00e3o da lei que reduziu o sal\u00e1rio dos legisladores. \u201cEle alega que teve v\u00e1rias irregularidades. Por\u00e9m o projeto foi apresentado hoje com uma hora de anteced\u00eancia. Pedi vistas do projeto para que eu pudesse entend\u00ea-lo melhor, mas a C\u00e2mara n\u00e3o acatou meu pedido\u201d, lamenta.<\/p>\n<p>A redu\u00e7\u00e3o salarial foi aprovada ap\u00f3s um movimento popular se mobilizar no munic\u00edpio e questionar os valores pagos aos vereadores de Francisco S\u00e1. Um dos participantes deste movimento, Naram Mendes Souza, assistiu a reuni\u00e3o desta segunda-feira e lamentou que a vota\u00e7\u00e3o deste novo projeto n\u00e3o foi divulgada \u00e0 popula\u00e7\u00e3o. Ele afirma que ir\u00e1 pedir ao Minist\u00e9rio P\u00fablico que impe\u00e7a que os sal\u00e1rios retornem aos valores antes da redu\u00e7\u00e3o.<\/p>\n<p>\u201cFico muito chateado. Lamento que os vereadores enxerguem no movimento popular um inimigo enquanto deveria enxergar um aliado. Em vez de gastar energia e aplicar os recursos da C\u00e2mara em algo para a popula\u00e7\u00e3o, eles querem investir para eles mesmos. Est\u00e3o indo na contram\u00e3o do pa\u00eds, que luta contra a corrup\u00e7\u00e3o e no combate aos gastos p\u00fablicos, eles v\u00eam e fazem tudo ao contr\u00e1rio\u201d, lamentou.<\/p>\n<p><img decoding=\"async\" src=\"http:\/\/aconteceunovale.com.br\/portal\/wp-content\/uploads\/2016\/12\/camara_fs.jpg\" alt=\"\" \/><em>Redu\u00e7\u00e3o foi derrubada durante vota\u00e7\u00e3o nesta segunda-feira (Foto: Naram Mendes\/Arquivo Pessoal)<\/em><br \/>\n<\/br><\/p>\n<p><em>(Fonte: G1 Grande Minas\/Valdivan Veloso)<\/em><\/p>\n","protected":false},"excerpt":{"rendered":"<p>A C\u00e2mara de Vereadores de Francisco S\u00e1, no Norte de Minas, aprovou nesta segunda-feira (5\/12\/2016) um Projeto de Lei que revoga a lei que reduziu o sal\u00e1rio dos vereadores do munic\u00edpio. Seis vereadores foram a favor da revoga\u00e7\u00e3o e quatro pretendiam a perman\u00eancia da redu\u00e7\u00e3o salarial. O projeto ser\u00e1 encaminhado ao Executivo e, assim que [&hellip;]<\/p>\n","protected":false},"author":1,"featured_media":103425,"comment_status":"open","ping_status":"closed","sticky":false,"template":"","format":"standard","meta":{"amp_status":"","footnotes":""},"categories":[1236,40240],"tags":[122683,128876,128871,122682,122681,1395,122678,122685,128875,128872,122676,122677,128874,122684,128873],"class_list":["post-103424","post","type-post","status-publish","format-standard","has-post-thumbnail","hentry","category-norte_de_minas","category-politica-2","tag-ana-luiza","tag-camara-de-francisco-sa-aprova-projeto-que-derruba-corte-68-nos-salarios-de-vereadores","tag-camara-de-vereadores-de-francisco-sa","tag-campo-verde","tag-elmara-soares-souza","tag-francisco-sa","tag-joao-pinto-neto","tag-movimento-popular-de-francisco-sa","tag-naram-mendes-souza","tag-projeto-de-lei-que-revoga-a-lei-que-reduziu-o-salario-dos-vereadores-de-francisco-sa","tag-reducao-de-salario-dos-vereadores-de-francisco-sa","tag-reducao-salarial-dos-vereadores-de-francisco-sa","tag-shirlene-ribeiro-ruas","tag-vereador-de-francisco-sa-fica-indignado-com-corte-de-68-no-salario-e-diz-nao-podera-mais-doar-feiras","tag-watson-haroldo"],"_links":{"self":[{"href":"https:\/\/aconteceunovale.com.br\/portal\/index.php?rest_route=\/wp\/v2\/posts\/103424","targetHints":{"allow":["GET"]}}],"collection":[{"href":"https:\/\/aconteceunovale.com.br\/portal\/index.php?rest_route=\/wp\/v2\/posts"}],"about":[{"href":"https:\/\/aconteceunovale.com.br\/portal\/index.php?rest_route=\/wp\/v2\/types\/post"}],"author":[{"embeddable":true,"href":"https:\/\/aconteceunovale.com.br\/portal\/index.php?rest_route=\/wp\/v2\/users\/1"}],"replies":[{"embeddable":true,"href":"https:\/\/aconteceunovale.com.br\/portal\/index.php?rest_route=%2Fwp%2Fv2%2Fcomments&post=103424"}],"version-history":[{"count":0,"href":"https:\/\/aconteceunovale.com.br\/portal\/index.php?rest_route=\/wp\/v2\/posts\/103424\/revisions"}],"wp:featuredmedia":[{"embeddable":true,"href":"https:\/\/aconteceunovale.com.br\/portal\/index.php?rest_route=\/wp\/v2\/media\/103425"}],"wp:attachment":[{"href":"https:\/\/aconteceunovale.com.br\/portal\/index.php?rest_route=%2Fwp%2Fv2%2Fmedia&parent=103424"}],"wp:term":[{"taxonomy":"category","embeddable":true,"href":"https:\/\/aconteceunovale.com.br\/portal\/index.php?rest_route=%2Fwp%2Fv2%2Fcategories&post=103424"},{"taxonomy":"post_tag","embeddable":true,"href":"https:\/\/aconteceunovale.com.br\/portal\/index.php?rest_route=%2Fwp%2Fv2%2Ftags&post=103424"}],"curies":[{"name":"wp","href":"https:\/\/api.w.org\/{rel}","templated":true}]}}