{"id":103417,"date":"2016-12-05T15:46:41","date_gmt":"2016-12-05T17:46:41","guid":{"rendered":"http:\/\/aconteceunovale.com.br\/portal\/?p=103417"},"modified":"2016-12-05T15:46:41","modified_gmt":"2016-12-05T17:46:41","slug":"suspeito-e-preso-apos-capotar-carro-durante-perseguicao-em-montes-claros","status":"publish","type":"post","link":"https:\/\/aconteceunovale.com.br\/portal\/?p=103417","title":{"rendered":"Suspeito \u00e9 preso ap\u00f3s capotar carro durante persegui\u00e7\u00e3o em Montes Claros"},"content":{"rendered":"<p>Um rapaz de 20 anos foi preso ap\u00f3s roubar um carro e capotar o ve\u00edculo em Montes Claros, na noite desse domingo (04\/12\/2016). Segundo informa\u00e7\u00f5es da Pol\u00edcia Militar (PM), a v\u00edtima estava no Bairro Santo Ant\u00f4nio quando foi abordada pelo suspeito armado.<\/p>\n<p>Ap\u00f3s o crime, a pol\u00edcia fez um cerco bloqueio e localizou o criminoso conversando com dois homens em motocicletas. Ao perceber a presen\u00e7a da PM, o suspeito fugiu em alta velocidade e capotou o ve\u00edculo por v\u00e1rias vezes. <\/p>\n<p>Ele ficou ferido e foi levado ao hospital sob escolta e ap\u00f3s ser liberado, foi conduzido \u00e0 delegacia. A arma usada no crime foi apreendida em um lote vago.<\/p>\n<p><strong>Dupla em atitude suspeita \u00e9 presa pela PM<\/strong><\/p>\n<p>Dois homens, de 24 e 30 anos, foram presos na madrugada desta segunda-feira (5\/12\/2016), durante patrulhamento da Pol\u00edcia Militar em Montes Claros. De acordo com informa\u00e7\u00f5es da PM, a dupla estava em atitude suspeita, observando lojas da Rua Santa Maria, no Bairro Todos os Santos. Depois de revist\u00e1-los, os militares encontraram uma ferramenta turquesa, geralmente usada por criminosos para romper obst\u00e1culos, e uma arma de fogo.<\/p>\n<p>Ainda segundo a pol\u00edcia, a ferramenta estava escondida dentro de uma mochila do homem de 30 anos. O outro suspeito, de 24, estava com a arma na cintura. Os dois j\u00e1 t\u00eam v\u00e1rias passagens pelos meios policiais, por roubo e porte ilegal de armas. Os homens foram conduzidos para a delegacia junto com os materiais apreendidos.<\/p>\n<p><em>(Com informa\u00e7\u00f5es do G1 Grande Minas)<\/em><\/p>\n","protected":false},"excerpt":{"rendered":"<p>Um rapaz de 20 anos foi preso ap\u00f3s roubar um carro e capotar o ve\u00edculo em Montes Claros, na noite desse domingo (04\/12\/2016). Segundo informa\u00e7\u00f5es da Pol\u00edcia Militar (PM), a v\u00edtima estava no Bairro Santo Ant\u00f4nio quando foi abordada pelo suspeito armado. Ap\u00f3s o crime, a pol\u00edcia fez um cerco bloqueio e localizou o criminoso [&hellip;]<\/p>\n","protected":false},"author":1,"featured_media":71442,"comment_status":"open","ping_status":"closed","sticky":false,"template":"","format":"standard","meta":{"amp_status":"","footnotes":""},"categories":[1236],"tags":[128865,121173,73279,128864,81949,210,66614,61641,128866],"class_list":["post-103417","post","type-post","status-publish","format-standard","has-post-thumbnail","hentry","category-norte_de_minas","tag-acidente-com-bandido-em-montes-claros","tag-assaltante-preso-em-montes-claros","tag-assalto-montes-claros","tag-bandido-preso-em-montes-claros","tag-ladrao-preso-em-montes-claros","tag-montes-claros","tag-preso-em-montes-claros","tag-roubo-montes-claros","tag-suspeito-e-preso-apos-capotar-carro-durante-perseguicao-em-montes-claros"],"_links":{"self":[{"href":"https:\/\/aconteceunovale.com.br\/portal\/index.php?rest_route=\/wp\/v2\/posts\/103417","targetHints":{"allow":["GET"]}}],"collection":[{"href":"https:\/\/aconteceunovale.com.br\/portal\/index.php?rest_route=\/wp\/v2\/posts"}],"about":[{"href":"https:\/\/aconteceunovale.com.br\/portal\/index.php?rest_route=\/wp\/v2\/types\/post"}],"author":[{"embeddable":true,"href":"https:\/\/aconteceunovale.com.br\/portal\/index.php?rest_route=\/wp\/v2\/users\/1"}],"replies":[{"embeddable":true,"href":"https:\/\/aconteceunovale.com.br\/portal\/index.php?rest_route=%2Fwp%2Fv2%2Fcomments&post=103417"}],"version-history":[{"count":0,"href":"https:\/\/aconteceunovale.com.br\/portal\/index.php?rest_route=\/wp\/v2\/posts\/103417\/revisions"}],"wp:featuredmedia":[{"embeddable":true,"href":"https:\/\/aconteceunovale.com.br\/portal\/index.php?rest_route=\/wp\/v2\/media\/71442"}],"wp:attachment":[{"href":"https:\/\/aconteceunovale.com.br\/portal\/index.php?rest_route=%2Fwp%2Fv2%2Fmedia&parent=103417"}],"wp:term":[{"taxonomy":"category","embeddable":true,"href":"https:\/\/aconteceunovale.com.br\/portal\/index.php?rest_route=%2Fwp%2Fv2%2Fcategories&post=103417"},{"taxonomy":"post_tag","embeddable":true,"href":"https:\/\/aconteceunovale.com.br\/portal\/index.php?rest_route=%2Fwp%2Fv2%2Ftags&post=103417"}],"curies":[{"name":"wp","href":"https:\/\/api.w.org\/{rel}","templated":true}]}}