{"id":103402,"date":"2016-12-05T12:08:55","date_gmt":"2016-12-05T14:08:55","guid":{"rendered":"http:\/\/aconteceunovale.com.br\/portal\/?p=103402"},"modified":"2016-12-05T15:24:24","modified_gmt":"2016-12-05T17:24:24","slug":"tempestade-derruba-torres-e-deixa-nove-cidades-sem-energia-eletrica-no-vale-do-rio-doce","status":"publish","type":"post","link":"https:\/\/aconteceunovale.com.br\/portal\/?p=103402","title":{"rendered":"Tempestade derruba torres e deixa nove cidades sem energia el\u00e9trica no Vale do Rio Doce"},"content":{"rendered":"<p>A tempestade que atingiu, ontem (4\/12\/2016), a regi\u00e3o Leste de Minas Gerais deixou nove cidades sem energia el\u00e9trica. Duas torres da linha de distribui\u00e7\u00e3o que liga Central de Minas a Governador Valadares foram derrubadas por rajadas de vento.<\/p>\n<p>Cerca de 60 profissionais da Cemig \u2013 entre t\u00e9cnicos e engenheiros \u2013 est\u00e3o envolvidos no atendimento da ocorr\u00eancia. Tr\u00eas  torres provis\u00f3rias est\u00e3o sendo levadas para substituir as danificadas. Como o local \u00e9 de dif\u00edcil acesso, alguns equipamentos ser\u00e3o transportados de helic\u00f3ptero. Al\u00e9m disso, tratores e quadr\u00edculos est\u00e3o sendo utilizados para abrir acesso e ajudar na limpeza da \u00e1rea.<\/p>\n<p>Devido ao local ser de dif\u00edcil acesso a complexidade do servi\u00e7o, ainda n\u00e3o \u00e9 poss\u00edvel informar a previs\u00e3o de conclus\u00e3o dos servi\u00e7os de reparo.<\/p>\n<p>Seis Unidades de Gera\u00e7\u00e3o e Transmiss\u00e3o M\u00f3veis (UGTM) est\u00e3o sendo deslocadas para que forne\u00e7am eletricidade a pontos principais da regi\u00e3o  como hospitais, postos de sa\u00fade, capta\u00e7\u00e3o e tratamento de \u00e1gua das cidades enquanto a Cemig executa a constru\u00e7\u00e3o das novas torres.<\/p>\n<p>As cidades prejudicadas pela queda das torres s\u00e3o as seguintes:<\/p>\n<p>&#8211; Central de Minas<\/p>\n<p>&#8211; Mantena<\/p>\n<p>&#8211; Divino das Laranjeiras<\/p>\n<p>&#8211; Itabirinha<\/p>\n<p>&#8211; Nova Bel\u00e9m<\/p>\n<p>&#8211; Mendes Pimentel<\/p>\n<p>&#8211; S\u00e3o Jo\u00e3o do Manteninha<\/p>\n<p>&#8211; S\u00e3o F\u00e9lix de Minas<\/p>\n<p>&#8211; S\u00e3o Geraldo do Baixio (100% normalizado)<\/p>\n<p><img decoding=\"async\" src=\"http:\/\/aconteceunovale.com.br\/portal\/wp-content\/uploads\/2016\/12\/estragos_cemig.jpg\" alt=\"\" \/><em>Torres de linha de distribui\u00e7\u00e3o caem no Leste de Minas (Fonte: CEMIG\/Divulga\u00e7\u00e3o)<\/em><br \/>\n<\/br><\/p>\n<p><em>(Ascom Cemig)<\/em><\/p>\n","protected":false},"excerpt":{"rendered":"<p>A tempestade que atingiu, ontem (4\/12\/2016), a regi\u00e3o Leste de Minas Gerais deixou nove cidades sem energia el\u00e9trica. Duas torres da linha de distribui\u00e7\u00e3o que liga Central de Minas a Governador Valadares foram derrubadas por rajadas de vento. Cerca de 60 profissionais da Cemig \u2013 entre t\u00e9cnicos e engenheiros \u2013 est\u00e3o envolvidos no atendimento da [&hellip;]<\/p>\n","protected":false},"author":1,"featured_media":103403,"comment_status":"open","ping_status":"closed","sticky":false,"template":"","format":"standard","meta":{"amp_status":"","footnotes":""},"categories":[121],"tags":[1671,128840,1018,285,128841,247,2146,1516,1672,1673,1674,318,1675,128842,128843,128844],"class_list":["post-103402","post","type-post","status-publish","format-standard","has-post-thumbnail","hentry","category-leste","tag-central-de-minas","tag-deixou-nove-cidades-sem-energia-eletrica","tag-destaque","tag-divino-das-laranjeiras","tag-duas-torres-da-linha-de-distribuicao-que-liga-central-de-minas-a-governador-valadares-foram-derrubadas-por-rajadas-de-vento","tag-governador-valadares","tag-itabirinha","tag-mantena","tag-mendes-pimentel","tag-nova-belem","tag-sao-felix-de-minas","tag-sao-geraldo-do-baixio","tag-sao-joao-do-manteninha","tag-tempestade-danifica-torres-de-distribuicao-de-energia-no-leste-de-minas","tag-tempestade-derruba-torres-e-deixa-nove-cidades-sem-energia-eletrica-no-leste-de-minas","tag-tempestade-derruba-torres-e-deixa-nove-cidades-sem-energia-eletrica-no-vale-do-rio-doce"],"_links":{"self":[{"href":"https:\/\/aconteceunovale.com.br\/portal\/index.php?rest_route=\/wp\/v2\/posts\/103402","targetHints":{"allow":["GET"]}}],"collection":[{"href":"https:\/\/aconteceunovale.com.br\/portal\/index.php?rest_route=\/wp\/v2\/posts"}],"about":[{"href":"https:\/\/aconteceunovale.com.br\/portal\/index.php?rest_route=\/wp\/v2\/types\/post"}],"author":[{"embeddable":true,"href":"https:\/\/aconteceunovale.com.br\/portal\/index.php?rest_route=\/wp\/v2\/users\/1"}],"replies":[{"embeddable":true,"href":"https:\/\/aconteceunovale.com.br\/portal\/index.php?rest_route=%2Fwp%2Fv2%2Fcomments&post=103402"}],"version-history":[{"count":0,"href":"https:\/\/aconteceunovale.com.br\/portal\/index.php?rest_route=\/wp\/v2\/posts\/103402\/revisions"}],"wp:featuredmedia":[{"embeddable":true,"href":"https:\/\/aconteceunovale.com.br\/portal\/index.php?rest_route=\/wp\/v2\/media\/103403"}],"wp:attachment":[{"href":"https:\/\/aconteceunovale.com.br\/portal\/index.php?rest_route=%2Fwp%2Fv2%2Fmedia&parent=103402"}],"wp:term":[{"taxonomy":"category","embeddable":true,"href":"https:\/\/aconteceunovale.com.br\/portal\/index.php?rest_route=%2Fwp%2Fv2%2Fcategories&post=103402"},{"taxonomy":"post_tag","embeddable":true,"href":"https:\/\/aconteceunovale.com.br\/portal\/index.php?rest_route=%2Fwp%2Fv2%2Ftags&post=103402"}],"curies":[{"name":"wp","href":"https:\/\/api.w.org\/{rel}","templated":true}]}}