{"id":103398,"date":"2016-12-05T08:57:18","date_gmt":"2016-12-05T10:57:18","guid":{"rendered":"http:\/\/aconteceunovale.com.br\/portal\/?p=103398"},"modified":"2016-12-05T08:57:18","modified_gmt":"2016-12-05T10:57:18","slug":"temporal-inunda-vias-derruba-arvores-e-causa-transtornos-na-capital-mineira","status":"publish","type":"post","link":"https:\/\/aconteceunovale.com.br\/portal\/?p=103398","title":{"rendered":"Temporal inunda vias, derruba \u00e1rvores e causa transtornos na Capital Mineira"},"content":{"rendered":"<p>O Temporal que atingiu Belo Horizonte na noite de domingo (4\/12\/2016) at\u00e9 a manh\u00e3 desta segunda-feira (5) derrubou \u00e1rvores, alagou vias e deixou consumidores sem energia el\u00e9trica. De acordo com a Defesa Civil Municipal, foram os maiores volumes de chuva (mil\u00edmetros) por regional, nas \u00faltimas 24 horas. Na Regional Nordeste foram 136 mil\u00edmetros; na Barreiro, 135,6mm; em Venda Nova, 133,6mm; Norte 129,6mm; Pampulha, 125,8mm; Leste, 107mm; Oeste, 68,8mm; Noroeste, 65,4mm e Centro-Sul, 60mm.<\/p>\n<p>Uma \u00e1rvore ca\u00edda no Elevado Helena Greco, interditava nesta manh\u00e3 o tr\u00e2nsito no sentido Avenida Pedro II, informou a Empresa de Transportes e Tr\u00e2nsito de Belo Horizonte (BHTrans).<\/p>\n<p>Na Avenida Vilarinho, na Regi\u00e3o de Venda Nova, muito lixo ficou preso no alambrado, e a via ficou inundada. A \u00e1gua chegou pr\u00f3ximo \u00e0 esta\u00e7\u00e3o. Pelo menos tr\u00eas \u00f4nibus ficaram presos durante a chuva e aguardavam para ser retirados do local. Foi preciso trocar o pneu de um deles que estourou. O motorista disse que passou por cima de um ferro trazido pela correnteza. Uma loja que vende pe\u00e7as para motos, a \u00e1gua entrou e molhou mercadorias e deixou lama espalhada pelo piso.<\/p>\n<p><img decoding=\"async\" src=\"http:\/\/aconteceunovale.com.br\/portal\/wp-content\/uploads\/2016\/12\/chuva_bh_1.jpeg\" alt=\"\" \/><em>Alagamento na Avenida Vilarinho (Foto: Yuri Mendes Kazzaz\/Reprodu\u00e7\u00e3o Estado de Minas)<\/em><br \/>\n<\/br><\/p>\n<p>Ainda na Regi\u00e3o de Venda Nova, carros foram arrastados pela correnteza. As pessoas que aguardavam por atendimento na Unidade de Pronto-Atendimento (UPA) se surpreenderam com a \u00e1gua que tomou conta da pista. A Avenida Doutor \u00c1lvaro Camargos fixou inundada e carros foram arrastados.<\/p>\n<p>De acordo com o Corpo de Bombeiros, por volta das 19h30, havia registro de queda de \u00e1rvores no bairro Floresta, na Regi\u00e3o Centro-Sul; no Esplanada, na Regi\u00e3o Leste; no Dona Clara, Regi\u00e3o da Pampulha; e no Floramar, Regi\u00e3o Norte. No Esplanada, uma \u00e1rvore atingiu o port\u00e3o de uma casa, conforme os militares.<\/p>\n<p>Segundo a Defesa Civil, no cruzamento das avenidas Cristiano Machado e Sebasti\u00e3o de Brito, no Dona Clara, v\u00e1rias \u00e1rvores ca\u00edram. J\u00e1 na via 240, outras tr\u00eas \u00e1rvores ca\u00edram. Em outro ponto do bairro uma \u00e1rvore caiu sobre um ve\u00edculo.<\/p>\n<p>A Defesa Civil informou ainda que por volta das 19h a regi\u00e3o da Avenida Vilarinho, em Venda Nova, estava em alerta por risco de o c\u00f3rrego transbordar.<\/p>\n<p>Houve tamb\u00e9m registro de queda de energia em alguns bairros. No bairro Dona Clara, na Regi\u00e3o da Pampulha, bombeiros trabalharam durante a madrugada no corte das \u00e1rvores que ca\u00edram no local. Uma \u00e1rvore fechou completamente a Rua Ivan Lins, que caiu sobre fios que ainda estavam energizados.<\/p>\n<p>A Rua Cassiano Campolina foi outra que ficou totalmente interditada. Ainda no bairro Dona Clara, na Rua Chagas Carvalho, uma \u00e1rvore destruiu a cal\u00e7ada e caiu em cima de um carro que estava estacionado. Na Avenida Sebasti\u00e3o de Brito, uma \u00e1rvore bloqueou a pista no sentido Avenida Cristiano Machado.<\/p>\n<p><img decoding=\"async\" src=\"http:\/\/aconteceunovale.com.br\/portal\/wp-content\/uploads\/2016\/12\/chuva_bh_2.jpg\" alt=\"\" \/><em>\u00c1rvore ca\u00edda na Rua Cassiano Campolina, em BH (Foto: Abner Barbosa\/Reprodu\u00e7\u00e3o Estado de Minas)<\/em><br \/>\n<\/br><\/p>\n<p>Muita chuva tamb\u00e9m atingiu o Aeroporto da Pampulha. Parte do telhado do hangar dos bombeiros foi arrancada pelo vento. Um militar ficou ferido e levado para o hospital. Ainda no bairro Aeroporto, o temporal derrubou muitas \u00e1rvores, os galhos ocupavam quase toda a pista. A chuva tamb\u00e9m deixou a regi\u00e3o sem luz. Na Avenida Ant\u00f4nio Carlos, alguns sinais de tr\u00e2nsito pararam de funcionar. Uma casa, no bairro Santa Am\u00e9lia, parte do muro desabou.<\/p>\n<p>A Companhia Brasileira de Trens Urbanos (CBTU) informou que o metr\u00f4 circulou com intervalos diferenciados na noite de domingo por causa da queda de \u00e1rvore registrada na altura da Esta\u00e7\u00e3o Jos\u00e9 C\u00e2ndido da Silveira.<\/p>\n<p>Apesar da ocorr\u00eancia, n\u00e3o houve interrup\u00e7\u00e3o das viagens. Apenas no trecho entre as esta\u00e7\u00f5es Santa In\u00eas e Minas shopping, os trens trafegaram em uma \u00fanica via, a cada 20 minutos, at\u00e9 o fim da opera\u00e7\u00e3o \u00e0s 23h.<\/p>\n<p>Em BH, a Companhia Energ\u00e9tica de Minas Gerais (Cemig) registrou queda de energia no domingo, principalmente na Regi\u00e3o Leste, entre 19h30 e 20h30. A principal causa foi quedas de galhos de \u00e1rvores na rede. Nesta segunda, de acordo com a Cemig, apenas clientes isolados estavam sem energia.<\/p>\n<p><strong>Interior<\/strong><\/p>\n<p>No interior, houve queda de duas torres de transmiss\u00e3o pr\u00f3ximo a Governador Valadares, na Regi\u00e3o Leste de Minas. As estruturas ca\u00edram por causa do mau tempo. A Cemig disse que o conserto vai demorar. Outras oito cidades ficaram sem energia durante a noite: Central de Minas, Mantena, Divino das Laranjeiras, Itabirinha de Minas, Nova Bel\u00e9m, Mendes Pimentel, S\u00e3o Jo\u00e3o do Manteninha e S\u00e3o Geraldo do Baixio. Essa \u00faltima j\u00e1 teve o servi\u00e7o restabelecido.<\/p>\n<p><em>(Fonte: G1 Minas)<\/em><\/p>\n","protected":false},"excerpt":{"rendered":"<p>O Temporal que atingiu Belo Horizonte na noite de domingo (4\/12\/2016) at\u00e9 a manh\u00e3 desta segunda-feira (5) derrubou \u00e1rvores, alagou vias e deixou consumidores sem energia el\u00e9trica. De acordo com a Defesa Civil Municipal, foram os maiores volumes de chuva (mil\u00edmetros) por regional, nas \u00faltimas 24 horas. Na Regional Nordeste foram 136 mil\u00edmetros; na Barreiro, [&hellip;]<\/p>\n","protected":false},"author":1,"featured_media":103399,"comment_status":"open","ping_status":"closed","sticky":false,"template":"","format":"standard","meta":{"amp_status":"","footnotes":""},"categories":[123],"tags":[64430,128826,128830,15031,194,1017,1671,128833,61404,128824,26901,128828,128834,128839,285,128831,128821,128825,128829,247,128837,1516,1672,1673,128832,128836,318,1675,128820,128822,64429,128823,128835,128838,128827],"class_list":["post-103398","post","type-post","status-publish","format-standard","has-post-thumbnail","hentry","category-gerais","tag-alagamentos-em-belo-horizonte","tag-alagamentos-em-bh","tag-alagamentos-na-capital-mineira","tag-avenida-vilarinho","tag-belo-horizonte","tag-bh","tag-central-de-minas","tag-chuva-avenida-vilarinho","tag-chuva-em-belo-horizonte","tag-chuva-em-bh","tag-chuva-em-governador-valadares","tag-chuva-na-capital-mineira","tag-chuva-na-regiao-de-venda-nova","tag-derruba-arvores-e-causa-transtornos-na-capital-mineira","tag-divino-das-laranjeiras","tag-elevado-helena-greco","tag-estragos-da-chuva-em-belo-horizonte","tag-estragos-da-chuva-em-bh","tag-estragos-da-chuva-na-capital-mineira","tag-governador-valadares","tag-itabirinha-de-minas","tag-mantena","tag-mendes-pimentel","tag-nova-belem","tag-queda-de-arvore-no-elevado-helena-greco","tag-queda-de-torres-de-transmissao-proximo-a-governador-valadares","tag-sao-geraldo-do-baixio","tag-sao-joao-do-manteninha","tag-temporal-belo-horizonte","tag-temporal-bh","tag-temporal-em-belo-horizonte","tag-temporal-em-bh","tag-temporal-em-governador-valadares","tag-temporal-inunda-vias","tag-temporal-na-capital-mineira"],"_links":{"self":[{"href":"https:\/\/aconteceunovale.com.br\/portal\/index.php?rest_route=\/wp\/v2\/posts\/103398","targetHints":{"allow":["GET"]}}],"collection":[{"href":"https:\/\/aconteceunovale.com.br\/portal\/index.php?rest_route=\/wp\/v2\/posts"}],"about":[{"href":"https:\/\/aconteceunovale.com.br\/portal\/index.php?rest_route=\/wp\/v2\/types\/post"}],"author":[{"embeddable":true,"href":"https:\/\/aconteceunovale.com.br\/portal\/index.php?rest_route=\/wp\/v2\/users\/1"}],"replies":[{"embeddable":true,"href":"https:\/\/aconteceunovale.com.br\/portal\/index.php?rest_route=%2Fwp%2Fv2%2Fcomments&post=103398"}],"version-history":[{"count":0,"href":"https:\/\/aconteceunovale.com.br\/portal\/index.php?rest_route=\/wp\/v2\/posts\/103398\/revisions"}],"wp:featuredmedia":[{"embeddable":true,"href":"https:\/\/aconteceunovale.com.br\/portal\/index.php?rest_route=\/wp\/v2\/media\/103399"}],"wp:attachment":[{"href":"https:\/\/aconteceunovale.com.br\/portal\/index.php?rest_route=%2Fwp%2Fv2%2Fmedia&parent=103398"}],"wp:term":[{"taxonomy":"category","embeddable":true,"href":"https:\/\/aconteceunovale.com.br\/portal\/index.php?rest_route=%2Fwp%2Fv2%2Fcategories&post=103398"},{"taxonomy":"post_tag","embeddable":true,"href":"https:\/\/aconteceunovale.com.br\/portal\/index.php?rest_route=%2Fwp%2Fv2%2Ftags&post=103398"}],"curies":[{"name":"wp","href":"https:\/\/api.w.org\/{rel}","templated":true}]}}