{"id":103387,"date":"2016-12-05T08:00:50","date_gmt":"2016-12-05T10:00:50","guid":{"rendered":"http:\/\/aconteceunovale.com.br\/portal\/?p=103387"},"modified":"2016-12-05T08:00:50","modified_gmt":"2016-12-05T10:00:50","slug":"plantao-do-samu-no-norte-de-minas-segunda-feira-05-de-dezembro-de-2016","status":"publish","type":"post","link":"https:\/\/aconteceunovale.com.br\/portal\/?p=103387","title":{"rendered":"Plant\u00e3o do Samu no Norte de Minas, segunda-feira, 05 de dezembro de 2016"},"content":{"rendered":"<h4><strong><em>Segunda-feira, 05 de dezembro de 2016 (06h do dia 03\/12 \u00e0s 6h do dia 05\/12)<\/em><\/strong><\/h4>\n<p>As unidades do SAMU neste final de semana foram acionadas atrav\u00e9s do n\u00famero 192, 963 vezes. O SAMU Macro Norte realizou 61% de atendimento cl\u00ednico, 31% trauma (acidentes de tr\u00e2nsito\/queda de pr\u00f3pria altura), 4% obst\u00e9trico (atendimento \u00e0 gestantes), 3% dos atendimentos psiqui\u00e1tricos e 1% pedi\u00e1trico.  At\u00e9 o fechamento deste relat\u00f3rio, nenhuma ocorr\u00eancia de tr\u00e2nsito em andamento.  (Ascom Samu)<\/p>\n","protected":false},"excerpt":{"rendered":"<p>Segunda-feira, 05 de dezembro de 2016 (06h do dia 03\/12 \u00e0s 6h do dia 05\/12) As unidades do SAMU neste final de semana foram acionadas atrav\u00e9s do n\u00famero 192, 963 vezes. O SAMU Macro Norte realizou 61% de atendimento cl\u00ednico, 31% trauma (acidentes de tr\u00e2nsito\/queda de pr\u00f3pria altura), 4% obst\u00e9trico (atendimento \u00e0 gestantes), 3% dos [&hellip;]<\/p>\n","protected":false},"author":1,"featured_media":100947,"comment_status":"open","ping_status":"closed","sticky":false,"template":"","format":"standard","meta":{"amp_status":"","footnotes":""},"categories":[1236],"tags":[128773,13996,210,120003,19864,20605,128776,128775,128774,13995,84035],"class_list":["post-103387","post","type-post","status-publish","format-standard","has-post-thumbnail","hentry","category-norte_de_minas","tag-05-de-dezembro-de-2016","tag-atendimentos-do-samu-em-montes-claros","tag-montes-claros","tag-ocorrencias-samu-montes-claros","tag-plantao-do-samu-em-montes-claros","tag-plantao-do-samu-no-norte-de-minas","tag-plantao-do-samu-no-norte-de-minas-05-de-dezembro-de-2016","tag-plantao-do-samu-no-norte-de-minas-segunda-feira","tag-plantao-do-samu-no-norte-de-minas-segunda-feira-05-de-dezembro-de-2016","tag-plantao-samu-macro-norte","tag-segunda-feira"],"_links":{"self":[{"href":"https:\/\/aconteceunovale.com.br\/portal\/index.php?rest_route=\/wp\/v2\/posts\/103387","targetHints":{"allow":["GET"]}}],"collection":[{"href":"https:\/\/aconteceunovale.com.br\/portal\/index.php?rest_route=\/wp\/v2\/posts"}],"about":[{"href":"https:\/\/aconteceunovale.com.br\/portal\/index.php?rest_route=\/wp\/v2\/types\/post"}],"author":[{"embeddable":true,"href":"https:\/\/aconteceunovale.com.br\/portal\/index.php?rest_route=\/wp\/v2\/users\/1"}],"replies":[{"embeddable":true,"href":"https:\/\/aconteceunovale.com.br\/portal\/index.php?rest_route=%2Fwp%2Fv2%2Fcomments&post=103387"}],"version-history":[{"count":0,"href":"https:\/\/aconteceunovale.com.br\/portal\/index.php?rest_route=\/wp\/v2\/posts\/103387\/revisions"}],"wp:featuredmedia":[{"embeddable":true,"href":"https:\/\/aconteceunovale.com.br\/portal\/index.php?rest_route=\/wp\/v2\/media\/100947"}],"wp:attachment":[{"href":"https:\/\/aconteceunovale.com.br\/portal\/index.php?rest_route=%2Fwp%2Fv2%2Fmedia&parent=103387"}],"wp:term":[{"taxonomy":"category","embeddable":true,"href":"https:\/\/aconteceunovale.com.br\/portal\/index.php?rest_route=%2Fwp%2Fv2%2Fcategories&post=103387"},{"taxonomy":"post_tag","embeddable":true,"href":"https:\/\/aconteceunovale.com.br\/portal\/index.php?rest_route=%2Fwp%2Fv2%2Ftags&post=103387"}],"curies":[{"name":"wp","href":"https:\/\/api.w.org\/{rel}","templated":true}]}}