{"id":103378,"date":"2016-12-04T22:30:23","date_gmt":"2016-12-05T00:30:23","guid":{"rendered":"http:\/\/aconteceunovale.com.br\/portal\/?p=103378"},"modified":"2016-12-04T22:30:23","modified_gmt":"2016-12-05T00:30:23","slug":"estudantes-reclamam-de-distancia-de-novo-local-de-prova-do-enem-em-belo-horizonte-2","status":"publish","type":"post","link":"https:\/\/aconteceunovale.com.br\/portal\/?p=103378","title":{"rendered":"Estudantes reclamam de dist\u00e2ncia de novo local de prova do Enem em Belo Horizonte"},"content":{"rendered":"<p>Estudantes de Belo Horizonte afetados pelo adiamento da aplica\u00e7\u00e3o do Exame Nacional do Ensino M\u00e9dio (Enem) reclamaram da dist\u00e2ncia dos novos locais onde a avalia\u00e7\u00e3o foi aplicada. Hoje (4\/12\/2016), no segundo e \u00faltimo dia das provas, foram realizadas quest\u00f5es de matem\u00e1tica e linguagens, al\u00e9m da reda\u00e7\u00e3o. Aplicado no in\u00edcio de novembro para 5,8 milh\u00f5es de inscritos, o Enem foi adiado para cerca de 277 mil candidatos para este fim de semana.<\/p>\n<p>Segundo o Instituto Nacional de Estudos e Pesquisas Educacionais An\u00edsio Teixeira (Inep), em 98,52% dos casos, a nova data foi agendada devido \u00e0s ocupa\u00e7\u00f5es estudantis nos locais de provas, em protesto contra a medida provis\u00f3ria que flexibiliza o curr\u00edculo do ensino m\u00e9dio e contra a proposta de emenda \u00e0 Constitui\u00e7\u00e3o que fixa um teto para os gastos p\u00fablicos pelos pr\u00f3ximos 20 anos. Os demais estudantes afetados pelo adiamento sofreram com conting\u00eancias na primeira aplica\u00e7\u00e3o do exame, como queda de energia el\u00e9trica.<\/p>\n<p>Vanessa dos Santos Gomes, de 20 anos, realizaria a prova no m\u00eas passado no campus Pampulha da Universidade Federal de Minas Gerais (UFMG), onde a aplica\u00e7\u00e3o do Enem foi cancelada, mesmo em pr\u00e9dios que n\u00e3o estavam ocupados. Com o adiamento, ela precisou se deslocar ao bairro de Lourdes, em um edif\u00edcio do Centro Universit\u00e1rio UNA. O novo local fica cerca de dez quil\u00f4metros de dist\u00e2ncia da UFMG. \u201cGostei muito n\u00e3o. Meu local de prova anterior era muito mais pr\u00f3ximo da minha casa\u201d, reclama.<\/p>\n<p>A estudante faz uma pondera\u00e7\u00e3o sobre as ocupa\u00e7\u00f5es: \u201cEu n\u00e3o tiro a raz\u00e3o porque essa PEC ir\u00e1 afetar n\u00f3s todos. Por outro lado, os manifestantes atrapalharam quem queria fazer a prova. Nesse sentido acho que foi errado\u201d.<\/p>\n<p>Para Vanessa, o adiamento deveria ter ocorrido para todos os inscritos, dando mais seguran\u00e7a em rela\u00e7\u00e3o \u00e0 isonomia do exame. \u201cSeria melhor se a medida atingisse a todos. Eu n\u00e3o quis ver e n\u00e3o sei como foi a primeira prova\u201d, diz. No m\u00eas passado, estudantes que prestaram o exame tamb\u00e9m n\u00e3o aprovaram a mudan\u00e7a de data para apenas alguns inscritos. Por sua vez, o Inep assegurou que as provas teriam o mesmo n\u00edvel de dificuldade.<\/p>\n<p>A dist\u00e2ncia do novo local de prova tamb\u00e9m foi criticada por Victor Alexandre da Silva, de 18 anos. Ele prestaria o exame na regi\u00e3o de Venda Nova, onde mora. Com a mudan\u00e7a, ele percorreu cerca de 15 quil\u00f4metros at\u00e9 o Centro Universit\u00e1rio UNA. Apesar de a localiza\u00e7\u00e3o ter lhe desagradado, ele considera o adiamento bem-vindo. \u201cTive mais tempo para estudar\u201d, diz.<\/p>\n<p>Victor disse que n\u00e3o se preocupou em conhecer as quest\u00f5es aplicadas em novembro porque sabia que os exerc\u00edcios seriam bem diferentes, embora ele acredite que o n\u00edvel de dificuldade tenha sido semelhante. O estudante evitou se posicionar sobre as ocupa\u00e7\u00f5es: \u201cTem gente s\u00e9ria e gente que est\u00e1 l\u00e1 s\u00f3 para fazer bagun\u00e7a. Vamos ver o que vai dar isso a\u00ed.\u201d<\/p>\n<p><strong>Sem pretens\u00f5es<\/strong><\/p>\n<p>Candidatos que realizaram o Enem sem grandes pretens\u00f5es tamb\u00e9m lamentaram a dist\u00e2ncia do novo local de prova. Vitor Mendes, de 15 anos, ainda n\u00e3o tem idade para ingressar no ensino superior. Mesmo assim, decidiu fazer o exame como experi\u00eancia. Em novembro, ele tamb\u00e9m realizaria a prova na regi\u00e3o de Venda Nova e, desta vez, precisou deslocar-se para o bairro de Lourdes. Apesar de se considerar prejudicado, Vitor n\u00e3o tira a raz\u00e3o dos estudantes que participam das ocupa\u00e7\u00f5es: \u201cEles t\u00eam raz\u00e3o. Essa PEC vai afetar a educa\u00e7\u00e3o e trar\u00e1 dificuldades principalmente para as fam\u00edlias de baixa renda\u201d.<\/p>\n<p>Durante a prepara\u00e7\u00e3o, Vitor resolveu as quest\u00f5es aplicadas no m\u00eas passado e discordou da equival\u00eancia das avalia\u00e7\u00f5es. \u201cA de hoje estava mais dif\u00edcil. Principalmente matem\u00e1tica estava mais complicado\u201d, constata.<\/p>\n<p>A assistente financeira Viviane Ramos, 38 anos, n\u00e3o teve interesse em conhecer a prova aplicada em novembro. \u201cEu me inscrevi no Enem por curiosidade. Formei em 1998. J\u00e1 estou at\u00e9 fazendo especializa\u00e7\u00e3o\u201d, explica. Ela n\u00e3o viu problemas no adiamento do exame, mas tamb\u00e9m confessou que queria ter feito as provas mais pr\u00f3ximo de casa. No m\u00eas passado, ela realizaria o exame na Escola Estadual Maria Luiza Miranda Bastos, no bairro Planalto, a 14 quil\u00f4metros do novo local, o Centro Universit\u00e1rio UNA.<\/p>\n<p>(Ag\u00eancia Brasil)<\/p>\n","protected":false},"excerpt":{"rendered":"<p>Estudantes de Belo Horizonte afetados pelo adiamento da aplica\u00e7\u00e3o do Exame Nacional do Ensino M\u00e9dio (Enem) reclamaram da dist\u00e2ncia dos novos locais onde a avalia\u00e7\u00e3o foi aplicada. Hoje (4\/12\/2016), no segundo e \u00faltimo dia das provas, foram realizadas quest\u00f5es de matem\u00e1tica e linguagens, al\u00e9m da reda\u00e7\u00e3o. Aplicado no in\u00edcio de novembro para 5,8 milh\u00f5es de [&hellip;]<\/p>\n","protected":false},"author":1,"featured_media":101584,"comment_status":"open","ping_status":"closed","sticky":false,"template":"","format":"standard","meta":{"amp_status":"","footnotes":""},"categories":[40238,123],"tags":[108557,194,524,88584,128763,128762,128764,19776,93033,22388,128765,128766],"class_list":["post-103378","post","type-post","status-publish","format-standard","has-post-thumbnail","hentry","category-educacao-2","category-gerais","tag-adiamento","tag-belo-horizonte","tag-enem","tag-enem-2016","tag-estudantes-em-belo-horizonte-reclamam-de-distancia-de-novo-local-de-prova-do-enem","tag-estudantes-em-bh-reclamam-de-distancia-de-novo-local-de-prova-do-enem","tag-estudantes-reclamam-de-distancia-de-novo-local-de-prova-do-enem-em-belo-horizonte","tag-exame-nacional-do-ensino-medio","tag-exame-nacional-do-ensino-medio-2016","tag-provas","tag-vanessa-dos-santos-gomes","tag-victor-alexandre-da-silva"],"_links":{"self":[{"href":"https:\/\/aconteceunovale.com.br\/portal\/index.php?rest_route=\/wp\/v2\/posts\/103378","targetHints":{"allow":["GET"]}}],"collection":[{"href":"https:\/\/aconteceunovale.com.br\/portal\/index.php?rest_route=\/wp\/v2\/posts"}],"about":[{"href":"https:\/\/aconteceunovale.com.br\/portal\/index.php?rest_route=\/wp\/v2\/types\/post"}],"author":[{"embeddable":true,"href":"https:\/\/aconteceunovale.com.br\/portal\/index.php?rest_route=\/wp\/v2\/users\/1"}],"replies":[{"embeddable":true,"href":"https:\/\/aconteceunovale.com.br\/portal\/index.php?rest_route=%2Fwp%2Fv2%2Fcomments&post=103378"}],"version-history":[{"count":0,"href":"https:\/\/aconteceunovale.com.br\/portal\/index.php?rest_route=\/wp\/v2\/posts\/103378\/revisions"}],"wp:featuredmedia":[{"embeddable":true,"href":"https:\/\/aconteceunovale.com.br\/portal\/index.php?rest_route=\/wp\/v2\/media\/101584"}],"wp:attachment":[{"href":"https:\/\/aconteceunovale.com.br\/portal\/index.php?rest_route=%2Fwp%2Fv2%2Fmedia&parent=103378"}],"wp:term":[{"taxonomy":"category","embeddable":true,"href":"https:\/\/aconteceunovale.com.br\/portal\/index.php?rest_route=%2Fwp%2Fv2%2Fcategories&post=103378"},{"taxonomy":"post_tag","embeddable":true,"href":"https:\/\/aconteceunovale.com.br\/portal\/index.php?rest_route=%2Fwp%2Fv2%2Ftags&post=103378"}],"curies":[{"name":"wp","href":"https:\/\/api.w.org\/{rel}","templated":true}]}}