{"id":103343,"date":"2016-12-03T20:43:15","date_gmt":"2016-12-03T22:43:15","guid":{"rendered":"http:\/\/aconteceunovale.com.br\/portal\/?p=103343"},"modified":"2016-12-03T20:43:15","modified_gmt":"2016-12-03T22:43:15","slug":"crianca-de-dois-anos-morre-apos-levar-tiro-de-chumbinho-na-cabeca-em-minas","status":"publish","type":"post","link":"https:\/\/aconteceunovale.com.br\/portal\/?p=103343","title":{"rendered":"Crian\u00e7a de dois anos morre ap\u00f3s levar tiro de chumbinho na cabe\u00e7a em Minas"},"content":{"rendered":"<p>Um menino de 2 anos morreu neste s\u00e1bado (03\/12\/2016), ap\u00f3s levar um tiro de chumbinho na cabe\u00e7a, disparado acidentalmente pela irm\u00e3 mais velha, de 8 anos, na zona rural de Lagamar, na regi\u00e3o Noroeste de Minas Gerais. Segundo as informa\u00e7\u00f5es da Pol\u00edcia Militar (PM), na sexta-feira, os pais das crian\u00e7as foram at\u00e9 a casa dos av\u00f3s maternos, que fica a aproximadamente 10 quil\u00f4metros da zona urbana, onde acontecia uma festa. A av\u00f3 pediu para ficar com os netos no fim de semana e os pais concordaram, voltando para a cidade.<\/p>\n<p>Na manh\u00e3 deste s\u00e1bado, por volta das 7h, os av\u00f3s se descuidaram e deixaram uma espingarda de press\u00e3o, j\u00e1 carregada, na cama de um dos c\u00f4modos da casa. As crian\u00e7as encontraram a arma e come\u00e7aram a brincar com ela, quando a menina apontou a arma para a cabe\u00e7a do irm\u00e3o e disparou.<\/p>\n<p><img decoding=\"async\" src=\"http:\/\/aconteceunovale.com.br\/portal\/wp-content\/uploads\/2016\/12\/vitima_chumbinho_2.jpeg\" alt=\"\" \/><em>Casa onde o incidente ocorreu, na zona rural de Lagamar (Divulga\u00e7\u00e3o\/PM)<\/em><br \/>\n<\/br><\/p>\n<p>O projetil entrou dentro do cr\u00e2nio do menino e se alojou na parte de tr\u00e1s da cabe\u00e7a. Os av\u00f3s da crian\u00e7a a levaram para o pronto de socorro da cidade e em seguida encaminhados para o Hospital Regional de Patos de Minas. Os m\u00e9dicos alertaram os familiares sobre a situa\u00e7\u00e3o do garoto e foram autorizados a realizar uma opera\u00e7\u00e3o. O garoto n\u00e3o resistiu ao procedimento e morreu no hospital.<\/p>\n<p>De acordo com a PM, era de conhecimento de todos que os av\u00f3s tinham a arma em casa e por se tratar de uma arma de ar comprimido, n\u00e3o \u00e9 necess\u00e1ria uma autoriza\u00e7\u00e3o de porte, apenas sua nota fiscal. A delegacia de plant\u00e3o, que fica em Pato de Minas, determinou que os envolvidos v\u00e3o ser escutados na segunda-feira para avaliar a responsabilidade dos av\u00f3s no ocorrido.<\/p>\n<p><img decoding=\"async\" src=\"http:\/\/aconteceunovale.com.br\/portal\/wp-content\/uploads\/2016\/12\/vitima_chumbinho_1.jpeg\" alt=\"\" \/><em>Espingarda de press\u00e3o estava carregada (Divulga\u00e7\u00e3o\/PM)<\/em><br \/>\n<\/br><\/p>\n<p><em>(Fonte: O Tempo)<\/em><\/p>\n","protected":false},"excerpt":{"rendered":"<p>Um menino de 2 anos morreu neste s\u00e1bado (03\/12\/2016), ap\u00f3s levar um tiro de chumbinho na cabe\u00e7a, disparado acidentalmente pela irm\u00e3 mais velha, de 8 anos, na zona rural de Lagamar, na regi\u00e3o Noroeste de Minas Gerais. Segundo as informa\u00e7\u00f5es da Pol\u00edcia Militar (PM), na sexta-feira, os pais das crian\u00e7as foram at\u00e9 a casa dos [&hellip;]<\/p>\n","protected":false},"author":1,"featured_media":103344,"comment_status":"open","ping_status":"closed","sticky":false,"template":"","format":"standard","meta":{"amp_status":"","footnotes":""},"categories":[123],"tags":[128686,128688,128691,128690,128687,128689,1684,214],"class_list":["post-103343","post","type-post","status-publish","format-standard","has-post-thumbnail","hentry","category-gerais","tag-acidente-com-chumbinho-em-lagamar","tag-crianca-assassinada-em-lagamar","tag-crianca-de-dois-anos-morre-apos-levar-tiro-de-chumbinho-na-cabeca-em-lagamar","tag-crianca-de-dois-anos-morre-apos-levar-tiro-de-chumbinho-na-cabeca-em-minas","tag-crianca-morta-em-lagamar","tag-crianca-vitima-de-chumbinho-em-lagamar","tag-lagamar","tag-patos-de-minas"],"yoast_head":"<!-- This site is optimized with the Yoast SEO plugin v28.3 - https:\/\/yoast.com\/product\/yoast-seo-wordpress\/ -->\n<title>Crian\u00e7a de dois anos morre ap\u00f3s levar tiro de chumbinho na cabe\u00e7a em Minas - Aconteceu no Vale<\/title>\n<meta name=\"robots\" content=\"index, follow, max-snippet:-1, max-image-preview:large, max-video-preview:-1\" \/>\n<link rel=\"canonical\" href=\"https:\/\/aconteceunovale.com.br\/portal\/?p=103343\" \/>\n<meta property=\"og:locale\" content=\"pt_BR\" \/>\n<meta property=\"og:type\" content=\"article\" \/>\n<meta property=\"og:title\" content=\"Crian\u00e7a de dois anos morre ap\u00f3s levar tiro de chumbinho na cabe\u00e7a em Minas - Aconteceu no Vale\" \/>\n<meta property=\"og:description\" content=\"Um menino de 2 anos morreu neste s\u00e1bado (03\/12\/2016), ap\u00f3s levar um tiro de chumbinho na cabe\u00e7a, disparado acidentalmente pela irm\u00e3 mais velha, de 8 anos, na zona rural de Lagamar, na regi\u00e3o Noroeste de Minas Gerais. Segundo as informa\u00e7\u00f5es da Pol\u00edcia Militar (PM), na sexta-feira, os pais das crian\u00e7as foram at\u00e9 a casa dos [&hellip;]\" \/>\n<meta property=\"og:url\" content=\"https:\/\/aconteceunovale.com.br\/portal\/?p=103343\" \/>\n<meta property=\"og:site_name\" content=\"Aconteceu no Vale\" \/>\n<meta property=\"article:publisher\" content=\"https:\/\/www.facebook.com\/aconteceunovale\/\" \/>\n<meta property=\"article:published_time\" content=\"2016-12-03T22:43:15+00:00\" \/>\n<meta property=\"og:image\" content=\"https:\/\/aconteceunovale.com.br\/portal\/wp-content\/uploads\/2016\/12\/vitima_chumbinho_1.jpeg\" \/>\n\t<meta property=\"og:image:width\" content=\"620\" \/>\n\t<meta property=\"og:image:height\" content=\"413\" \/>\n\t<meta property=\"og:image:type\" content=\"image\/jpeg\" \/>\n<meta name=\"author\" content=\"Aconteceu no Vale\" \/>\n<meta name=\"twitter:card\" content=\"summary_large_image\" \/>\n<meta name=\"twitter:creator\" content=\"@noticiadosvales\" \/>\n<meta name=\"twitter:site\" content=\"@noticiadosvales\" \/>\n<meta name=\"twitter:label1\" content=\"Escrito por\" \/>\n\t<meta name=\"twitter:data1\" content=\"Aconteceu no Vale\" \/>\n\t<meta name=\"twitter:label2\" content=\"Est. tempo de leitura\" \/>\n\t<meta name=\"twitter:data2\" content=\"2 minutos\" \/>\n<script type=\"application\/ld+json\" class=\"yoast-schema-graph\">{\"@context\":\"https:\\\/\\\/schema.org\",\"@graph\":[{\"@type\":\"Article\",\"@id\":\"https:\\\/\\\/aconteceunovale.com.br\\\/portal\\\/?p=103343#article\",\"isPartOf\":{\"@id\":\"https:\\\/\\\/aconteceunovale.com.br\\\/portal\\\/?p=103343\"},\"author\":{\"name\":\"Aconteceu no Vale\",\"@id\":\"https:\\\/\\\/aconteceunovale.com.br\\\/portal\\\/#\\\/schema\\\/person\\\/633529146f2c94272bef50ac2953d589\"},\"headline\":\"Crian\u00e7a de dois anos morre ap\u00f3s levar tiro de chumbinho na cabe\u00e7a em Minas\",\"datePublished\":\"2016-12-03T22:43:15+00:00\",\"mainEntityOfPage\":{\"@id\":\"https:\\\/\\\/aconteceunovale.com.br\\\/portal\\\/?p=103343\"},\"wordCount\":347,\"commentCount\":0,\"image\":{\"@id\":\"https:\\\/\\\/aconteceunovale.com.br\\\/portal\\\/?p=103343#primaryimage\"},\"thumbnailUrl\":\"https:\\\/\\\/aconteceunovale.com.br\\\/portal\\\/wp-content\\\/uploads\\\/2016\\\/12\\\/vitima_chumbinho_1.jpeg\",\"keywords\":[\"Acidente com chumbinho em Lagamar\",\"Crian\u00e7a assassinada em Lagamar\",\"Crian\u00e7a de dois anos morre ap\u00f3s levar tiro de chumbinho na cabe\u00e7a em Lagamar\",\"Crian\u00e7a de dois anos morre ap\u00f3s levar tiro de chumbinho na cabe\u00e7a em Minas\",\"Crian\u00e7a morta em Lagamar\",\"Crian\u00e7a v\u00edtima de chumbinho em Lagamar\",\"Lagamar\",\"Patos de Minas\"],\"articleSection\":[\"Minas Gerais\"],\"inLanguage\":\"pt-BR\",\"potentialAction\":[{\"@type\":\"CommentAction\",\"name\":\"Comment\",\"target\":[\"https:\\\/\\\/aconteceunovale.com.br\\\/portal\\\/?p=103343#respond\"]}]},{\"@type\":\"WebPage\",\"@id\":\"https:\\\/\\\/aconteceunovale.com.br\\\/portal\\\/?p=103343\",\"url\":\"https:\\\/\\\/aconteceunovale.com.br\\\/portal\\\/?p=103343\",\"name\":\"Crian\u00e7a de dois anos morre ap\u00f3s levar tiro de chumbinho na cabe\u00e7a em Minas - Aconteceu no Vale\",\"isPartOf\":{\"@id\":\"https:\\\/\\\/aconteceunovale.com.br\\\/portal\\\/#website\"},\"primaryImageOfPage\":{\"@id\":\"https:\\\/\\\/aconteceunovale.com.br\\\/portal\\\/?p=103343#primaryimage\"},\"image\":{\"@id\":\"https:\\\/\\\/aconteceunovale.com.br\\\/portal\\\/?p=103343#primaryimage\"},\"thumbnailUrl\":\"https:\\\/\\\/aconteceunovale.com.br\\\/portal\\\/wp-content\\\/uploads\\\/2016\\\/12\\\/vitima_chumbinho_1.jpeg\",\"datePublished\":\"2016-12-03T22:43:15+00:00\",\"author\":{\"@id\":\"https:\\\/\\\/aconteceunovale.com.br\\\/portal\\\/#\\\/schema\\\/person\\\/633529146f2c94272bef50ac2953d589\"},\"breadcrumb\":{\"@id\":\"https:\\\/\\\/aconteceunovale.com.br\\\/portal\\\/?p=103343#breadcrumb\"},\"inLanguage\":\"pt-BR\",\"potentialAction\":[{\"@type\":\"ReadAction\",\"target\":[\"https:\\\/\\\/aconteceunovale.com.br\\\/portal\\\/?p=103343\"]}]},{\"@type\":\"ImageObject\",\"inLanguage\":\"pt-BR\",\"@id\":\"https:\\\/\\\/aconteceunovale.com.br\\\/portal\\\/?p=103343#primaryimage\",\"url\":\"https:\\\/\\\/aconteceunovale.com.br\\\/portal\\\/wp-content\\\/uploads\\\/2016\\\/12\\\/vitima_chumbinho_1.jpeg\",\"contentUrl\":\"https:\\\/\\\/aconteceunovale.com.br\\\/portal\\\/wp-content\\\/uploads\\\/2016\\\/12\\\/vitima_chumbinho_1.jpeg\",\"width\":620,\"height\":413},{\"@type\":\"BreadcrumbList\",\"@id\":\"https:\\\/\\\/aconteceunovale.com.br\\\/portal\\\/?p=103343#breadcrumb\",\"itemListElement\":[{\"@type\":\"ListItem\",\"position\":1,\"name\":\"In\u00edcio\",\"item\":\"https:\\\/\\\/aconteceunovale.com.br\\\/portal\\\/\"},{\"@type\":\"ListItem\",\"position\":2,\"name\":\"Crian\u00e7a de dois anos morre ap\u00f3s levar tiro de chumbinho na cabe\u00e7a em Minas\"}]},{\"@type\":\"WebSite\",\"@id\":\"https:\\\/\\\/aconteceunovale.com.br\\\/portal\\\/#website\",\"url\":\"https:\\\/\\\/aconteceunovale.com.br\\\/portal\\\/\",\"name\":\"Aconteceu no Vale\",\"description\":\"Portal de Not\u00edcias\",\"potentialAction\":[{\"@type\":\"SearchAction\",\"target\":{\"@type\":\"EntryPoint\",\"urlTemplate\":\"https:\\\/\\\/aconteceunovale.com.br\\\/portal\\\/?s={search_term_string}\"},\"query-input\":{\"@type\":\"PropertyValueSpecification\",\"valueRequired\":true,\"valueName\":\"search_term_string\"}}],\"inLanguage\":\"pt-BR\"},{\"@type\":\"Person\",\"@id\":\"https:\\\/\\\/aconteceunovale.com.br\\\/portal\\\/#\\\/schema\\\/person\\\/633529146f2c94272bef50ac2953d589\",\"name\":\"Aconteceu no Vale\",\"description\":\"Equipe de reportagem do Aconteceu no Vale, portal de not\u00edcias do Vale do Jequitinhonha, em Minas Gerais. Cobrimos as 51 cidades do Vale desde 2013. Sugest\u00f5es de pauta e pedidos de corre\u00e7\u00e3o: contato@aconteceunovale.com.br\",\"sameAs\":[\"http:\\\/\\\/www.aconteceunovale.com.br\"],\"url\":\"https:\\\/\\\/aconteceunovale.com.br\\\/portal\\\/?author=1\"}]}<\/script>\n<!-- \/ Yoast SEO plugin. -->","yoast_head_json":{"title":"Crian\u00e7a de dois anos morre ap\u00f3s levar tiro de chumbinho na cabe\u00e7a em Minas - Aconteceu no Vale","robots":{"index":"index","follow":"follow","max-snippet":"max-snippet:-1","max-image-preview":"max-image-preview:large","max-video-preview":"max-video-preview:-1"},"canonical":"https:\/\/aconteceunovale.com.br\/portal\/?p=103343","og_locale":"pt_BR","og_type":"article","og_title":"Crian\u00e7a de dois anos morre ap\u00f3s levar tiro de chumbinho na cabe\u00e7a em Minas - Aconteceu no Vale","og_description":"Um menino de 2 anos morreu neste s\u00e1bado (03\/12\/2016), ap\u00f3s levar um tiro de chumbinho na cabe\u00e7a, disparado acidentalmente pela irm\u00e3 mais velha, de 8 anos, na zona rural de Lagamar, na regi\u00e3o Noroeste de Minas Gerais. Segundo as informa\u00e7\u00f5es da Pol\u00edcia Militar (PM), na sexta-feira, os pais das crian\u00e7as foram at\u00e9 a casa dos [&hellip;]","og_url":"https:\/\/aconteceunovale.com.br\/portal\/?p=103343","og_site_name":"Aconteceu no Vale","article_publisher":"https:\/\/www.facebook.com\/aconteceunovale\/","article_published_time":"2016-12-03T22:43:15+00:00","og_image":[{"width":620,"height":413,"url":"https:\/\/aconteceunovale.com.br\/portal\/wp-content\/uploads\/2016\/12\/vitima_chumbinho_1.jpeg","type":"image\/jpeg"}],"author":"Aconteceu no Vale","twitter_card":"summary_large_image","twitter_creator":"@noticiadosvales","twitter_site":"@noticiadosvales","twitter_misc":{"Escrito por":"Aconteceu no Vale","Est. tempo de leitura":"2 minutos"},"schema":{"@context":"https:\/\/schema.org","@graph":[{"@type":"Article","@id":"https:\/\/aconteceunovale.com.br\/portal\/?p=103343#article","isPartOf":{"@id":"https:\/\/aconteceunovale.com.br\/portal\/?p=103343"},"author":{"name":"Aconteceu no Vale","@id":"https:\/\/aconteceunovale.com.br\/portal\/#\/schema\/person\/633529146f2c94272bef50ac2953d589"},"headline":"Crian\u00e7a de dois anos morre ap\u00f3s levar tiro de chumbinho na cabe\u00e7a em Minas","datePublished":"2016-12-03T22:43:15+00:00","mainEntityOfPage":{"@id":"https:\/\/aconteceunovale.com.br\/portal\/?p=103343"},"wordCount":347,"commentCount":0,"image":{"@id":"https:\/\/aconteceunovale.com.br\/portal\/?p=103343#primaryimage"},"thumbnailUrl":"https:\/\/aconteceunovale.com.br\/portal\/wp-content\/uploads\/2016\/12\/vitima_chumbinho_1.jpeg","keywords":["Acidente com chumbinho em Lagamar","Crian\u00e7a assassinada em Lagamar","Crian\u00e7a de dois anos morre ap\u00f3s levar tiro de chumbinho na cabe\u00e7a em Lagamar","Crian\u00e7a de dois anos morre ap\u00f3s levar tiro de chumbinho na cabe\u00e7a em Minas","Crian\u00e7a morta em Lagamar","Crian\u00e7a v\u00edtima de chumbinho em Lagamar","Lagamar","Patos de Minas"],"articleSection":["Minas Gerais"],"inLanguage":"pt-BR","potentialAction":[{"@type":"CommentAction","name":"Comment","target":["https:\/\/aconteceunovale.com.br\/portal\/?p=103343#respond"]}]},{"@type":"WebPage","@id":"https:\/\/aconteceunovale.com.br\/portal\/?p=103343","url":"https:\/\/aconteceunovale.com.br\/portal\/?p=103343","name":"Crian\u00e7a de dois anos morre ap\u00f3s levar tiro de chumbinho na cabe\u00e7a em Minas - Aconteceu no Vale","isPartOf":{"@id":"https:\/\/aconteceunovale.com.br\/portal\/#website"},"primaryImageOfPage":{"@id":"https:\/\/aconteceunovale.com.br\/portal\/?p=103343#primaryimage"},"image":{"@id":"https:\/\/aconteceunovale.com.br\/portal\/?p=103343#primaryimage"},"thumbnailUrl":"https:\/\/aconteceunovale.com.br\/portal\/wp-content\/uploads\/2016\/12\/vitima_chumbinho_1.jpeg","datePublished":"2016-12-03T22:43:15+00:00","author":{"@id":"https:\/\/aconteceunovale.com.br\/portal\/#\/schema\/person\/633529146f2c94272bef50ac2953d589"},"breadcrumb":{"@id":"https:\/\/aconteceunovale.com.br\/portal\/?p=103343#breadcrumb"},"inLanguage":"pt-BR","potentialAction":[{"@type":"ReadAction","target":["https:\/\/aconteceunovale.com.br\/portal\/?p=103343"]}]},{"@type":"ImageObject","inLanguage":"pt-BR","@id":"https:\/\/aconteceunovale.com.br\/portal\/?p=103343#primaryimage","url":"https:\/\/aconteceunovale.com.br\/portal\/wp-content\/uploads\/2016\/12\/vitima_chumbinho_1.jpeg","contentUrl":"https:\/\/aconteceunovale.com.br\/portal\/wp-content\/uploads\/2016\/12\/vitima_chumbinho_1.jpeg","width":620,"height":413},{"@type":"BreadcrumbList","@id":"https:\/\/aconteceunovale.com.br\/portal\/?p=103343#breadcrumb","itemListElement":[{"@type":"ListItem","position":1,"name":"In\u00edcio","item":"https:\/\/aconteceunovale.com.br\/portal\/"},{"@type":"ListItem","position":2,"name":"Crian\u00e7a de dois anos morre ap\u00f3s levar tiro de chumbinho na cabe\u00e7a em Minas"}]},{"@type":"WebSite","@id":"https:\/\/aconteceunovale.com.br\/portal\/#website","url":"https:\/\/aconteceunovale.com.br\/portal\/","name":"Aconteceu no Vale","description":"Portal de Not\u00edcias","potentialAction":[{"@type":"SearchAction","target":{"@type":"EntryPoint","urlTemplate":"https:\/\/aconteceunovale.com.br\/portal\/?s={search_term_string}"},"query-input":{"@type":"PropertyValueSpecification","valueRequired":true,"valueName":"search_term_string"}}],"inLanguage":"pt-BR"},{"@type":"Person","@id":"https:\/\/aconteceunovale.com.br\/portal\/#\/schema\/person\/633529146f2c94272bef50ac2953d589","name":"Aconteceu no Vale","description":"Equipe de reportagem do Aconteceu no Vale, portal de not\u00edcias do Vale do Jequitinhonha, em Minas Gerais. Cobrimos as 51 cidades do Vale desde 2013. Sugest\u00f5es de pauta e pedidos de corre\u00e7\u00e3o: contato@aconteceunovale.com.br","sameAs":["http:\/\/www.aconteceunovale.com.br"],"url":"https:\/\/aconteceunovale.com.br\/portal\/?author=1"}]}},"_links":{"self":[{"href":"https:\/\/aconteceunovale.com.br\/portal\/index.php?rest_route=\/wp\/v2\/posts\/103343","targetHints":{"allow":["GET"]}}],"collection":[{"href":"https:\/\/aconteceunovale.com.br\/portal\/index.php?rest_route=\/wp\/v2\/posts"}],"about":[{"href":"https:\/\/aconteceunovale.com.br\/portal\/index.php?rest_route=\/wp\/v2\/types\/post"}],"author":[{"embeddable":true,"href":"https:\/\/aconteceunovale.com.br\/portal\/index.php?rest_route=\/wp\/v2\/users\/1"}],"replies":[{"embeddable":true,"href":"https:\/\/aconteceunovale.com.br\/portal\/index.php?rest_route=%2Fwp%2Fv2%2Fcomments&post=103343"}],"version-history":[{"count":0,"href":"https:\/\/aconteceunovale.com.br\/portal\/index.php?rest_route=\/wp\/v2\/posts\/103343\/revisions"}],"wp:featuredmedia":[{"embeddable":true,"href":"https:\/\/aconteceunovale.com.br\/portal\/index.php?rest_route=\/wp\/v2\/media\/103344"}],"wp:attachment":[{"href":"https:\/\/aconteceunovale.com.br\/portal\/index.php?rest_route=%2Fwp%2Fv2%2Fmedia&parent=103343"}],"wp:term":[{"taxonomy":"category","embeddable":true,"href":"https:\/\/aconteceunovale.com.br\/portal\/index.php?rest_route=%2Fwp%2Fv2%2Fcategories&post=103343"},{"taxonomy":"post_tag","embeddable":true,"href":"https:\/\/aconteceunovale.com.br\/portal\/index.php?rest_route=%2Fwp%2Fv2%2Ftags&post=103343"}],"curies":[{"name":"wp","href":"https:\/\/api.w.org\/{rel}","templated":true}]}}