{"id":103336,"date":"2016-12-03T20:01:07","date_gmt":"2016-12-03T22:01:07","guid":{"rendered":"http:\/\/aconteceunovale.com.br\/portal\/?p=103336"},"modified":"2016-12-03T20:01:07","modified_gmt":"2016-12-03T22:01:07","slug":"treinador-de-goleiros-da-chapecoense-sera-enterrado-na-capital-mineira","status":"publish","type":"post","link":"https:\/\/aconteceunovale.com.br\/portal\/?p=103336","title":{"rendered":"Treinador de goleiros da Chapecoense ser\u00e1 enterrado na capital mineira"},"content":{"rendered":"<p>O treinador de goleiros da Chapecoense, Anderson Roberto Martins, de 46 anos, ser\u00e1 enterrado em Belo Horizonte neste domingo (4\/12\/2016). Ele \u00e9 uma das 71 v\u00edtimas da queda do avi\u00e3o que levava o time catarinense para a final da Copa Sul-Americana na Col\u00f4mbia.<\/p>\n<p>Natural de Pirapora, o treinador de goleiros vivia uma boa fase no time diante da atua\u00e7\u00e3o do goleiro Danilo, tamb\u00e9m morto na trag\u00e9dia. A defesa de Danilo ajudou o time a se classificar para a final de seu primeiro campeonato internacional.<\/p>\n<p>Luiz Pereira, empres\u00e1rio e dono do Pirapora Futebol Clube, \u00e9 amigo de inf\u00e2ncia do treinador de goleiros e contou que todos na cidade-natal de Boi\u00e3o est\u00e3o muito sentidos com a morte deles. Os amigos e parte da fam\u00edlia aguardavam por ele neste m\u00eas, quando ele visitaria a cidade.<\/p>\n<p>Segundo Luiz, o pai mora em Pirapora e a m\u00e3e, em Belo Horizonte. Foi a m\u00e3e de Anderson que pediu que ele fosse enterrado na capital mineira. O pai chegou neste s\u00e1bado a Belo Horizonte e amigos viajam nesta noite para a capital para acompanhar as \u00faltimas homenagens ao treinador.<\/p>\n<p>O corpo de Boi\u00e3o foi velado na Arena Cond\u00e1, em Chapec\u00f3, neste s\u00e1bado (3), com a presen\u00e7a de autoridades pol\u00edticas, como o prefeito Luciano Buligon e o presidente da Rep\u00fablica, Michel Temer, e autoridades do futebol, como presidente da Federa\u00e7\u00e3o Internacional de Futebol (Fifa), Gianni Infantino. O vel\u00f3rio foi marcado por forte emo\u00e7\u00e3o, arquibancadas lotadas e honras militares.<\/p>\n<p>A previs\u00e3o \u00e9 que o corpo de Anderson chegue a Belo Horizonte na manh\u00e3 de domingo (4). Deve ser realizado um curto vel\u00f3rio no Cemit\u00e9rio da Paz, no bairro Cai\u00e7ara, Regi\u00e3o Noroeste de Belo Horizonte, e o enterro na sequ\u00eancia. Os hor\u00e1rios ainda n\u00e3o est\u00e3o confirmados.<\/p>\n<p><img decoding=\"async\" src=\"http:\/\/aconteceunovale.com.br\/portal\/wp-content\/uploads\/2016\/12\/boiao.jpg\" alt=\"\" \/><em>Treinador de goleiros da Chapecoense, Anderson Martins (Foto: Arquivo pessoal\/Anderson Martins)<\/em><br \/>\n<\/br><\/p>\n<h4><strong>Marcelo ser\u00e1 velado na C\u00e2mara de Juiz de Fora<\/strong><\/h4>\n<p>O zagueiro Marcelo Augusto Mathias da Silva ser\u00e1 sepultado em Juiz de Fora. O vel\u00f3rio ser\u00e1 na C\u00e2mara Municipal e o enterro, no Cemit\u00e9rio Municipal. Ainda n\u00e3o se sabe os hor\u00e1rios das cerim\u00f4nias, mas, de acordo com o pai do jogador, Paulo Manoel da Silva, a previs\u00e3o \u00e9 de que o corpo do jogador chegue a Juiz de Fora neste domingo (4).<\/p>\n<p><img decoding=\"async\" src=\"http:\/\/aconteceunovale.com.br\/portal\/wp-content\/uploads\/2016\/12\/marcelo_chape.jpg\" alt=\"\" \/><em>Zagueiro Marcelo estava no voo que caiu na Col\u00f4mbia (Foto: Cleberson Silva\/Chapecoense)<\/em><br \/>\n<\/br><\/p>\n<p><em>(Fonte: G1 Minas e G1 Zona da Mata)<\/em><\/p>\n","protected":false},"excerpt":{"rendered":"<p>O treinador de goleiros da Chapecoense, Anderson Roberto Martins, de 46 anos, ser\u00e1 enterrado em Belo Horizonte neste domingo (4\/12\/2016). Ele \u00e9 uma das 71 v\u00edtimas da queda do avi\u00e3o que levava o time catarinense para a final da Copa Sul-Americana na Col\u00f4mbia. Natural de Pirapora, o treinador de goleiros vivia uma boa fase no [&hellip;]<\/p>\n","protected":false},"author":1,"featured_media":103338,"comment_status":"open","ping_status":"closed","sticky":false,"template":"","format":"standard","meta":{"amp_status":"","footnotes":""},"categories":[59,123,1236],"tags":[128673,128006,128040,194,13241,206,128675,128679,128677,128680,254,128098,128672,128671,128670,128676,128674,128678],"class_list":["post-103336","post","type-post","status-publish","format-standard","has-post-thumbnail","hentry","category-esportes","category-gerais","category-norte_de_minas","tag-acidente-aviao-da-chapecoense","tag-acidente-chapecoense","tag-anderson-roberto-martins","tag-belo-horizonte","tag-chapecoense","tag-juiz-de-fora","tag-luiz-pereira","tag-marcelo-augusto-mathias-da-silva","tag-marcelo-sera-velado-na-camara-de-juiz-de-fora","tag-paulo-manoel-da-silva","tag-pirapora","tag-pirapora-futebol-clube","tag-tragedia-aviao-chapecoense","tag-tragedia-chapecoense","tag-treinador-de-goleiros-da-chapecoense","tag-treinador-de-goleiros-da-chapecoense-sera-enterrado-na-capital-mineira","tag-vitimas-da-queda-do-aviao-que-levava-o-time-catarinense-para-a-final-da-copa-sul-americana-na-colombia","tag-zagueiro-marcelo-augusto-mathias-da-silva"],"yoast_head":"<!-- This site is optimized with the Yoast SEO plugin v28.3 - https:\/\/yoast.com\/product\/yoast-seo-wordpress\/ -->\n<title>Treinador de goleiros da Chapecoense ser\u00e1 enterrado na capital mineira - Aconteceu no Vale<\/title>\n<meta name=\"robots\" content=\"index, follow, max-snippet:-1, max-image-preview:large, max-video-preview:-1\" \/>\n<link rel=\"canonical\" href=\"https:\/\/aconteceunovale.com.br\/portal\/?p=103336\" \/>\n<meta property=\"og:locale\" content=\"pt_BR\" \/>\n<meta property=\"og:type\" content=\"article\" \/>\n<meta property=\"og:title\" content=\"Treinador de goleiros da Chapecoense ser\u00e1 enterrado na capital mineira - Aconteceu no Vale\" \/>\n<meta property=\"og:description\" content=\"O treinador de goleiros da Chapecoense, Anderson Roberto Martins, de 46 anos, ser\u00e1 enterrado em Belo Horizonte neste domingo (4\/12\/2016). Ele \u00e9 uma das 71 v\u00edtimas da queda do avi\u00e3o que levava o time catarinense para a final da Copa Sul-Americana na Col\u00f4mbia. Natural de Pirapora, o treinador de goleiros vivia uma boa fase no [&hellip;]\" \/>\n<meta property=\"og:url\" content=\"https:\/\/aconteceunovale.com.br\/portal\/?p=103336\" \/>\n<meta property=\"og:site_name\" content=\"Aconteceu no Vale\" \/>\n<meta property=\"article:publisher\" content=\"https:\/\/www.facebook.com\/aconteceunovale\/\" \/>\n<meta property=\"article:published_time\" content=\"2016-12-03T22:01:07+00:00\" \/>\n<meta property=\"og:image\" content=\"https:\/\/aconteceunovale.com.br\/portal\/wp-content\/uploads\/2016\/12\/boiao.jpg\" \/>\n\t<meta property=\"og:image:width\" content=\"678\" \/>\n\t<meta property=\"og:image:height\" content=\"381\" \/>\n\t<meta property=\"og:image:type\" content=\"image\/jpeg\" \/>\n<meta name=\"author\" content=\"Aconteceu no Vale\" \/>\n<meta name=\"twitter:card\" content=\"summary_large_image\" \/>\n<meta name=\"twitter:creator\" content=\"@noticiadosvales\" \/>\n<meta name=\"twitter:site\" content=\"@noticiadosvales\" \/>\n<meta name=\"twitter:label1\" content=\"Escrito por\" \/>\n\t<meta name=\"twitter:data1\" content=\"Aconteceu no Vale\" \/>\n\t<meta name=\"twitter:label2\" content=\"Est. tempo de leitura\" \/>\n\t<meta name=\"twitter:data2\" content=\"2 minutos\" \/>\n<script type=\"application\/ld+json\" class=\"yoast-schema-graph\">{\"@context\":\"https:\\\/\\\/schema.org\",\"@graph\":[{\"@type\":\"Article\",\"@id\":\"https:\\\/\\\/aconteceunovale.com.br\\\/portal\\\/?p=103336#article\",\"isPartOf\":{\"@id\":\"https:\\\/\\\/aconteceunovale.com.br\\\/portal\\\/?p=103336\"},\"author\":{\"name\":\"Aconteceu no Vale\",\"@id\":\"https:\\\/\\\/aconteceunovale.com.br\\\/portal\\\/#\\\/schema\\\/person\\\/633529146f2c94272bef50ac2953d589\"},\"headline\":\"Treinador de goleiros da Chapecoense ser\u00e1 enterrado na capital mineira\",\"datePublished\":\"2016-12-03T22:01:07+00:00\",\"mainEntityOfPage\":{\"@id\":\"https:\\\/\\\/aconteceunovale.com.br\\\/portal\\\/?p=103336\"},\"wordCount\":431,\"commentCount\":0,\"image\":{\"@id\":\"https:\\\/\\\/aconteceunovale.com.br\\\/portal\\\/?p=103336#primaryimage\"},\"thumbnailUrl\":\"https:\\\/\\\/aconteceunovale.com.br\\\/portal\\\/wp-content\\\/uploads\\\/2016\\\/12\\\/boiao.jpg\",\"keywords\":[\"Acidente avi\u00e3o da Chapecoense\",\"Acidente Chapecoense\",\"Anderson Roberto Martins\",\"Belo Horizonte\",\"chapecoense\",\"Juiz de Fora\",\"Luiz Pereira\",\"Marcelo Augusto Mathias da Silva\",\"Marcelo ser\u00e1 velado na C\u00e2mara de Juiz de Fora\",\"Paulo Manoel da Silva\",\"Pirapora\",\"Pirapora Futebol Clube\",\"Trag\u00e9dia avi\u00e3o Chapecoense\",\"Trag\u00e9dia Chapecoense\",\"treinador de goleiros da Chapecoense\",\"Treinador de goleiros da Chapecoense ser\u00e1 enterrado na capital mineira\",\"V\u00edtimas da queda do avi\u00e3o que levava o time catarinense para a final da Copa Sul-Americana na Col\u00f4mbia\",\"zagueiro Marcelo Augusto Mathias da Silva\"],\"articleSection\":[\"Esportes\",\"Minas Gerais\",\"Norte de Minas\"],\"inLanguage\":\"pt-BR\",\"potentialAction\":[{\"@type\":\"CommentAction\",\"name\":\"Comment\",\"target\":[\"https:\\\/\\\/aconteceunovale.com.br\\\/portal\\\/?p=103336#respond\"]}]},{\"@type\":\"WebPage\",\"@id\":\"https:\\\/\\\/aconteceunovale.com.br\\\/portal\\\/?p=103336\",\"url\":\"https:\\\/\\\/aconteceunovale.com.br\\\/portal\\\/?p=103336\",\"name\":\"Treinador de goleiros da Chapecoense ser\u00e1 enterrado na capital mineira - Aconteceu no Vale\",\"isPartOf\":{\"@id\":\"https:\\\/\\\/aconteceunovale.com.br\\\/portal\\\/#website\"},\"primaryImageOfPage\":{\"@id\":\"https:\\\/\\\/aconteceunovale.com.br\\\/portal\\\/?p=103336#primaryimage\"},\"image\":{\"@id\":\"https:\\\/\\\/aconteceunovale.com.br\\\/portal\\\/?p=103336#primaryimage\"},\"thumbnailUrl\":\"https:\\\/\\\/aconteceunovale.com.br\\\/portal\\\/wp-content\\\/uploads\\\/2016\\\/12\\\/boiao.jpg\",\"datePublished\":\"2016-12-03T22:01:07+00:00\",\"author\":{\"@id\":\"https:\\\/\\\/aconteceunovale.com.br\\\/portal\\\/#\\\/schema\\\/person\\\/633529146f2c94272bef50ac2953d589\"},\"breadcrumb\":{\"@id\":\"https:\\\/\\\/aconteceunovale.com.br\\\/portal\\\/?p=103336#breadcrumb\"},\"inLanguage\":\"pt-BR\",\"potentialAction\":[{\"@type\":\"ReadAction\",\"target\":[\"https:\\\/\\\/aconteceunovale.com.br\\\/portal\\\/?p=103336\"]}]},{\"@type\":\"ImageObject\",\"inLanguage\":\"pt-BR\",\"@id\":\"https:\\\/\\\/aconteceunovale.com.br\\\/portal\\\/?p=103336#primaryimage\",\"url\":\"https:\\\/\\\/aconteceunovale.com.br\\\/portal\\\/wp-content\\\/uploads\\\/2016\\\/12\\\/boiao.jpg\",\"contentUrl\":\"https:\\\/\\\/aconteceunovale.com.br\\\/portal\\\/wp-content\\\/uploads\\\/2016\\\/12\\\/boiao.jpg\",\"width\":678,\"height\":381},{\"@type\":\"BreadcrumbList\",\"@id\":\"https:\\\/\\\/aconteceunovale.com.br\\\/portal\\\/?p=103336#breadcrumb\",\"itemListElement\":[{\"@type\":\"ListItem\",\"position\":1,\"name\":\"In\u00edcio\",\"item\":\"https:\\\/\\\/aconteceunovale.com.br\\\/portal\\\/\"},{\"@type\":\"ListItem\",\"position\":2,\"name\":\"Treinador de goleiros da Chapecoense ser\u00e1 enterrado na capital mineira\"}]},{\"@type\":\"WebSite\",\"@id\":\"https:\\\/\\\/aconteceunovale.com.br\\\/portal\\\/#website\",\"url\":\"https:\\\/\\\/aconteceunovale.com.br\\\/portal\\\/\",\"name\":\"Aconteceu no Vale\",\"description\":\"Portal de Not\u00edcias\",\"potentialAction\":[{\"@type\":\"SearchAction\",\"target\":{\"@type\":\"EntryPoint\",\"urlTemplate\":\"https:\\\/\\\/aconteceunovale.com.br\\\/portal\\\/?s={search_term_string}\"},\"query-input\":{\"@type\":\"PropertyValueSpecification\",\"valueRequired\":true,\"valueName\":\"search_term_string\"}}],\"inLanguage\":\"pt-BR\"},{\"@type\":\"Person\",\"@id\":\"https:\\\/\\\/aconteceunovale.com.br\\\/portal\\\/#\\\/schema\\\/person\\\/633529146f2c94272bef50ac2953d589\",\"name\":\"Aconteceu no Vale\",\"description\":\"Equipe de reportagem do Aconteceu no Vale, portal de not\u00edcias do Vale do Jequitinhonha, em Minas Gerais. Cobrimos as 51 cidades do Vale desde 2013. Sugest\u00f5es de pauta e pedidos de corre\u00e7\u00e3o: contato@aconteceunovale.com.br\",\"sameAs\":[\"http:\\\/\\\/www.aconteceunovale.com.br\"],\"url\":\"https:\\\/\\\/aconteceunovale.com.br\\\/portal\\\/?author=1\"}]}<\/script>\n<!-- \/ Yoast SEO plugin. -->","yoast_head_json":{"title":"Treinador de goleiros da Chapecoense ser\u00e1 enterrado na capital mineira - Aconteceu no Vale","robots":{"index":"index","follow":"follow","max-snippet":"max-snippet:-1","max-image-preview":"max-image-preview:large","max-video-preview":"max-video-preview:-1"},"canonical":"https:\/\/aconteceunovale.com.br\/portal\/?p=103336","og_locale":"pt_BR","og_type":"article","og_title":"Treinador de goleiros da Chapecoense ser\u00e1 enterrado na capital mineira - Aconteceu no Vale","og_description":"O treinador de goleiros da Chapecoense, Anderson Roberto Martins, de 46 anos, ser\u00e1 enterrado em Belo Horizonte neste domingo (4\/12\/2016). Ele \u00e9 uma das 71 v\u00edtimas da queda do avi\u00e3o que levava o time catarinense para a final da Copa Sul-Americana na Col\u00f4mbia. Natural de Pirapora, o treinador de goleiros vivia uma boa fase no [&hellip;]","og_url":"https:\/\/aconteceunovale.com.br\/portal\/?p=103336","og_site_name":"Aconteceu no Vale","article_publisher":"https:\/\/www.facebook.com\/aconteceunovale\/","article_published_time":"2016-12-03T22:01:07+00:00","og_image":[{"width":678,"height":381,"url":"https:\/\/aconteceunovale.com.br\/portal\/wp-content\/uploads\/2016\/12\/boiao.jpg","type":"image\/jpeg"}],"author":"Aconteceu no Vale","twitter_card":"summary_large_image","twitter_creator":"@noticiadosvales","twitter_site":"@noticiadosvales","twitter_misc":{"Escrito por":"Aconteceu no Vale","Est. tempo de leitura":"2 minutos"},"schema":{"@context":"https:\/\/schema.org","@graph":[{"@type":"Article","@id":"https:\/\/aconteceunovale.com.br\/portal\/?p=103336#article","isPartOf":{"@id":"https:\/\/aconteceunovale.com.br\/portal\/?p=103336"},"author":{"name":"Aconteceu no Vale","@id":"https:\/\/aconteceunovale.com.br\/portal\/#\/schema\/person\/633529146f2c94272bef50ac2953d589"},"headline":"Treinador de goleiros da Chapecoense ser\u00e1 enterrado na capital mineira","datePublished":"2016-12-03T22:01:07+00:00","mainEntityOfPage":{"@id":"https:\/\/aconteceunovale.com.br\/portal\/?p=103336"},"wordCount":431,"commentCount":0,"image":{"@id":"https:\/\/aconteceunovale.com.br\/portal\/?p=103336#primaryimage"},"thumbnailUrl":"https:\/\/aconteceunovale.com.br\/portal\/wp-content\/uploads\/2016\/12\/boiao.jpg","keywords":["Acidente avi\u00e3o da Chapecoense","Acidente Chapecoense","Anderson Roberto Martins","Belo Horizonte","chapecoense","Juiz de Fora","Luiz Pereira","Marcelo Augusto Mathias da Silva","Marcelo ser\u00e1 velado na C\u00e2mara de Juiz de Fora","Paulo Manoel da Silva","Pirapora","Pirapora Futebol Clube","Trag\u00e9dia avi\u00e3o Chapecoense","Trag\u00e9dia Chapecoense","treinador de goleiros da Chapecoense","Treinador de goleiros da Chapecoense ser\u00e1 enterrado na capital mineira","V\u00edtimas da queda do avi\u00e3o que levava o time catarinense para a final da Copa Sul-Americana na Col\u00f4mbia","zagueiro Marcelo Augusto Mathias da Silva"],"articleSection":["Esportes","Minas Gerais","Norte de Minas"],"inLanguage":"pt-BR","potentialAction":[{"@type":"CommentAction","name":"Comment","target":["https:\/\/aconteceunovale.com.br\/portal\/?p=103336#respond"]}]},{"@type":"WebPage","@id":"https:\/\/aconteceunovale.com.br\/portal\/?p=103336","url":"https:\/\/aconteceunovale.com.br\/portal\/?p=103336","name":"Treinador de goleiros da Chapecoense ser\u00e1 enterrado na capital mineira - Aconteceu no Vale","isPartOf":{"@id":"https:\/\/aconteceunovale.com.br\/portal\/#website"},"primaryImageOfPage":{"@id":"https:\/\/aconteceunovale.com.br\/portal\/?p=103336#primaryimage"},"image":{"@id":"https:\/\/aconteceunovale.com.br\/portal\/?p=103336#primaryimage"},"thumbnailUrl":"https:\/\/aconteceunovale.com.br\/portal\/wp-content\/uploads\/2016\/12\/boiao.jpg","datePublished":"2016-12-03T22:01:07+00:00","author":{"@id":"https:\/\/aconteceunovale.com.br\/portal\/#\/schema\/person\/633529146f2c94272bef50ac2953d589"},"breadcrumb":{"@id":"https:\/\/aconteceunovale.com.br\/portal\/?p=103336#breadcrumb"},"inLanguage":"pt-BR","potentialAction":[{"@type":"ReadAction","target":["https:\/\/aconteceunovale.com.br\/portal\/?p=103336"]}]},{"@type":"ImageObject","inLanguage":"pt-BR","@id":"https:\/\/aconteceunovale.com.br\/portal\/?p=103336#primaryimage","url":"https:\/\/aconteceunovale.com.br\/portal\/wp-content\/uploads\/2016\/12\/boiao.jpg","contentUrl":"https:\/\/aconteceunovale.com.br\/portal\/wp-content\/uploads\/2016\/12\/boiao.jpg","width":678,"height":381},{"@type":"BreadcrumbList","@id":"https:\/\/aconteceunovale.com.br\/portal\/?p=103336#breadcrumb","itemListElement":[{"@type":"ListItem","position":1,"name":"In\u00edcio","item":"https:\/\/aconteceunovale.com.br\/portal\/"},{"@type":"ListItem","position":2,"name":"Treinador de goleiros da Chapecoense ser\u00e1 enterrado na capital mineira"}]},{"@type":"WebSite","@id":"https:\/\/aconteceunovale.com.br\/portal\/#website","url":"https:\/\/aconteceunovale.com.br\/portal\/","name":"Aconteceu no Vale","description":"Portal de Not\u00edcias","potentialAction":[{"@type":"SearchAction","target":{"@type":"EntryPoint","urlTemplate":"https:\/\/aconteceunovale.com.br\/portal\/?s={search_term_string}"},"query-input":{"@type":"PropertyValueSpecification","valueRequired":true,"valueName":"search_term_string"}}],"inLanguage":"pt-BR"},{"@type":"Person","@id":"https:\/\/aconteceunovale.com.br\/portal\/#\/schema\/person\/633529146f2c94272bef50ac2953d589","name":"Aconteceu no Vale","description":"Equipe de reportagem do Aconteceu no Vale, portal de not\u00edcias do Vale do Jequitinhonha, em Minas Gerais. Cobrimos as 51 cidades do Vale desde 2013. Sugest\u00f5es de pauta e pedidos de corre\u00e7\u00e3o: contato@aconteceunovale.com.br","sameAs":["http:\/\/www.aconteceunovale.com.br"],"url":"https:\/\/aconteceunovale.com.br\/portal\/?author=1"}]}},"_links":{"self":[{"href":"https:\/\/aconteceunovale.com.br\/portal\/index.php?rest_route=\/wp\/v2\/posts\/103336","targetHints":{"allow":["GET"]}}],"collection":[{"href":"https:\/\/aconteceunovale.com.br\/portal\/index.php?rest_route=\/wp\/v2\/posts"}],"about":[{"href":"https:\/\/aconteceunovale.com.br\/portal\/index.php?rest_route=\/wp\/v2\/types\/post"}],"author":[{"embeddable":true,"href":"https:\/\/aconteceunovale.com.br\/portal\/index.php?rest_route=\/wp\/v2\/users\/1"}],"replies":[{"embeddable":true,"href":"https:\/\/aconteceunovale.com.br\/portal\/index.php?rest_route=%2Fwp%2Fv2%2Fcomments&post=103336"}],"version-history":[{"count":0,"href":"https:\/\/aconteceunovale.com.br\/portal\/index.php?rest_route=\/wp\/v2\/posts\/103336\/revisions"}],"wp:featuredmedia":[{"embeddable":true,"href":"https:\/\/aconteceunovale.com.br\/portal\/index.php?rest_route=\/wp\/v2\/media\/103338"}],"wp:attachment":[{"href":"https:\/\/aconteceunovale.com.br\/portal\/index.php?rest_route=%2Fwp%2Fv2%2Fmedia&parent=103336"}],"wp:term":[{"taxonomy":"category","embeddable":true,"href":"https:\/\/aconteceunovale.com.br\/portal\/index.php?rest_route=%2Fwp%2Fv2%2Fcategories&post=103336"},{"taxonomy":"post_tag","embeddable":true,"href":"https:\/\/aconteceunovale.com.br\/portal\/index.php?rest_route=%2Fwp%2Fv2%2Ftags&post=103336"}],"curies":[{"name":"wp","href":"https:\/\/api.w.org\/{rel}","templated":true}]}}