{"id":103323,"date":"2016-12-03T18:46:36","date_gmt":"2016-12-03T20:46:36","guid":{"rendered":"http:\/\/aconteceunovale.com.br\/portal\/?p=103323"},"modified":"2016-12-03T18:46:36","modified_gmt":"2016-12-03T20:46:36","slug":"comercio-de-montes-claros-tera-horario-de-funcionamento-diferenciado-no-fim-de-ano","status":"publish","type":"post","link":"https:\/\/aconteceunovale.com.br\/portal\/?p=103323","title":{"rendered":"Com\u00e9rcio de Montes Claros ter\u00e1 hor\u00e1rio de funcionamento diferenciado no fim de ano"},"content":{"rendered":"<p>A partir da pr\u00f3xima segunda-feira (05\/12\/2016), as lojas do Centro e bairros de Montes Claros passam a funcionar em hor\u00e1rio diferenciado. A mudan\u00e7a, segundo o Sindicato do Com\u00e9rcio Varejista (Sindcom\u00e9rcio), visa impulsionar as vendas dos lojistas e dar mais conforto, e tempo, aos clientes na hora da compra dos tradicionais presentes de fim de ano.<\/p>\n<p>Para o presidente do Sindcom\u00e9rcio, Glenn Andrade, trata-se da melhor data promocional do ano em termos de vendas e a extens\u00e3o no hor\u00e1rio de atendimento \u00e9 uma estrat\u00e9gia que beneficia a todos. &#8220;Vai ganhar o empres\u00e1rio e o colaborador, que conseguem boas vendas, e o consumidor, que ter\u00e1 mais tempo para a escolha do que comprar&#8221;.<\/p>\n<p>O funcionamento das lojas nesta segunda-feira vai das 8h \u00e0s 20h. A mudan\u00e7a no hor\u00e1rio foi acordada entre o Sindcom\u00e9rcio e o Sindicato dos Empregados no Com\u00e9rcio. Durante o acordo, os representantes garantiram refor\u00e7o da Pol\u00edcia Militar, tanto na \u00e1rea central, quando nos bairros. Al\u00e9m da extens\u00e3o do funcionamento ao longo dos dias \u00fateis da semana, alguns s\u00e1bados e domingos tamb\u00e9m ganhar\u00e3o hor\u00e1rio alternativo; o primeiro deles no s\u00e1bado 10, com funcionamento das 8h \u00e0s 16h.<\/p>\n<p><strong>Expectativa<\/strong><\/p>\n<p>De acordo com Glenn Andrade, mesmo com algumas incertezas, o com\u00e9rcio da cidade espera que o Natal em 2016 n\u00e3o tenha retra\u00e7\u00e3o nas vendas. &#8220;N\u00e3o tem como dizer que ser\u00e1 ruim. Mas, acreditamos que haver\u00e1 fluxo e movimento de vendas igual ou at\u00e9 5% a mais do que em 2015. N\u00e3o acreditamos que ficar\u00e1 abaixo do ano passado. Pode haver mudan\u00e7a nos itens comercializados, mais em conta ou promo\u00e7\u00f5es. Por isso \u00e9 importante que o lojista disponibilize itens diversos&#8221;, destaca.<\/p>\n<p><strong>Confira as mudan\u00e7as nos hor\u00e1rios<\/strong><\/p>\n<p>&#8211; De 5 \u00e0 9\/12 &#8211; Funcionamento das 8h \u00e0s 20h<br \/>\n&#8211; Dia 10\/12 &#8211; Funcionamento das 8h \u00e0s 16h<br \/>\n&#8211; De 12 \u00e0 16\/12 &#8211; Funcionamento das 9h \u00e0s 21h<br \/>\n&#8211; Dia 17\/12 &#8211; Funcionamento das 8h \u00e0s 18h<br \/>\n&#8211; Dia 18\/12 &#8211; Funcionamento das 8h \u00e0s 14h<br \/>\n&#8211; De 19 \u00e0 23\/12 &#8211; &#8211; Funcionamento das 9h \u00e0s 22h<br \/>\n&#8211; Dia 24\/12 &#8211; &#8211; Funcionamento das 9h \u00e0s 21h<br \/>\n* Dia 25\/12 (Natal) &#8211; Fechado<br \/>\n&#8211; De 26 \u00e0 30\/12 &#8211; &#8211; Funcionamento das 8h \u00e0s 20h<br \/>\n&#8211; Dia 31\/12 &#8211; Funcionamento das 8h \u00e0s 14h<br \/>\n* Dia 1\u00b0 de janeiro de 2017 &#8211; Fechado<\/p>\n<p><img decoding=\"async\" src=\"http:\/\/aconteceunovale.com.br\/portal\/wp-content\/uploads\/2016\/02\/montes_claros_mg.jpg\" alt=\"\" \/><em>Montes Claros \u00e9 a principal cidade do Norte de Minas (Divulga\u00e7\u00e3o)<\/em><br \/>\n<\/br><\/p>\n<p><em>(Fonte: G1 Grande Minas)<\/em><\/p>\n","protected":false},"excerpt":{"rendered":"<p>A partir da pr\u00f3xima segunda-feira (05\/12\/2016), as lojas do Centro e bairros de Montes Claros passam a funcionar em hor\u00e1rio diferenciado. A mudan\u00e7a, segundo o Sindicato do Com\u00e9rcio Varejista (Sindcom\u00e9rcio), visa impulsionar as vendas dos lojistas e dar mais conforto, e tempo, aos clientes na hora da compra dos tradicionais presentes de fim de ano. [&hellip;]<\/p>\n","protected":false},"author":1,"featured_media":78106,"comment_status":"open","ping_status":"closed","sticky":false,"template":"","format":"standard","meta":{"amp_status":"","footnotes":""},"categories":[1236],"tags":[128645,128650,128646,128649,210,128648,128643,128651,128644,128647],"class_list":["post-103323","post","type-post","status-publish","format-standard","has-post-thumbnail","hentry","category-norte_de_minas","tag-comercio-de-montes-claros","tag-comercio-de-montes-claros-tera-horario-de-funcionamento-diferenciado-no-fim-de-ano","tag-funcionamento-do-comercio-de-montes-claros","tag-glenn-andrade","tag-montes-claros","tag-presidente-do-sindcomercio","tag-sindcomercio","tag-sindcomercio-de-montes-claros","tag-sindicato-do-comercio-varejista","tag-vendas-de-fim-de-ano-em-montes-claros"],"yoast_head":"<!-- This site is optimized with the Yoast SEO plugin v28.3 - https:\/\/yoast.com\/product\/yoast-seo-wordpress\/ -->\n<title>Com\u00e9rcio de Montes Claros ter\u00e1 hor\u00e1rio de funcionamento diferenciado no fim de ano - Aconteceu no Vale<\/title>\n<meta name=\"robots\" content=\"index, follow, max-snippet:-1, max-image-preview:large, max-video-preview:-1\" \/>\n<link rel=\"canonical\" href=\"https:\/\/aconteceunovale.com.br\/portal\/?p=103323\" \/>\n<meta property=\"og:locale\" content=\"pt_BR\" \/>\n<meta property=\"og:type\" content=\"article\" \/>\n<meta property=\"og:title\" content=\"Com\u00e9rcio de Montes Claros ter\u00e1 hor\u00e1rio de funcionamento diferenciado no fim de ano - Aconteceu no Vale\" \/>\n<meta property=\"og:description\" content=\"A partir da pr\u00f3xima segunda-feira (05\/12\/2016), as lojas do Centro e bairros de Montes Claros passam a funcionar em hor\u00e1rio diferenciado. A mudan\u00e7a, segundo o Sindicato do Com\u00e9rcio Varejista (Sindcom\u00e9rcio), visa impulsionar as vendas dos lojistas e dar mais conforto, e tempo, aos clientes na hora da compra dos tradicionais presentes de fim de ano. [&hellip;]\" \/>\n<meta property=\"og:url\" content=\"https:\/\/aconteceunovale.com.br\/portal\/?p=103323\" \/>\n<meta property=\"og:site_name\" content=\"Aconteceu no Vale\" \/>\n<meta property=\"article:publisher\" content=\"https:\/\/www.facebook.com\/aconteceunovale\/\" \/>\n<meta property=\"article:published_time\" content=\"2016-12-03T20:46:36+00:00\" \/>\n<meta property=\"og:image\" content=\"https:\/\/aconteceunovale.com.br\/portal\/wp-content\/uploads\/2016\/02\/montes_claros_mg.jpg\" \/>\n\t<meta property=\"og:image:width\" content=\"678\" \/>\n\t<meta property=\"og:image:height\" content=\"450\" \/>\n\t<meta property=\"og:image:type\" content=\"image\/jpeg\" \/>\n<meta name=\"author\" content=\"Aconteceu no Vale\" \/>\n<meta name=\"twitter:card\" content=\"summary_large_image\" \/>\n<meta name=\"twitter:creator\" content=\"@noticiadosvales\" \/>\n<meta name=\"twitter:site\" content=\"@noticiadosvales\" \/>\n<meta name=\"twitter:label1\" content=\"Escrito por\" \/>\n\t<meta name=\"twitter:data1\" content=\"Aconteceu no Vale\" \/>\n\t<meta name=\"twitter:label2\" content=\"Est. tempo de leitura\" \/>\n\t<meta name=\"twitter:data2\" content=\"2 minutos\" \/>\n<script type=\"application\/ld+json\" class=\"yoast-schema-graph\">{\"@context\":\"https:\\\/\\\/schema.org\",\"@graph\":[{\"@type\":\"Article\",\"@id\":\"https:\\\/\\\/aconteceunovale.com.br\\\/portal\\\/?p=103323#article\",\"isPartOf\":{\"@id\":\"https:\\\/\\\/aconteceunovale.com.br\\\/portal\\\/?p=103323\"},\"author\":{\"name\":\"Aconteceu no Vale\",\"@id\":\"https:\\\/\\\/aconteceunovale.com.br\\\/portal\\\/#\\\/schema\\\/person\\\/633529146f2c94272bef50ac2953d589\"},\"headline\":\"Com\u00e9rcio de Montes Claros ter\u00e1 hor\u00e1rio de funcionamento diferenciado no fim de ano\",\"datePublished\":\"2016-12-03T20:46:36+00:00\",\"mainEntityOfPage\":{\"@id\":\"https:\\\/\\\/aconteceunovale.com.br\\\/portal\\\/?p=103323\"},\"wordCount\":413,\"commentCount\":0,\"image\":{\"@id\":\"https:\\\/\\\/aconteceunovale.com.br\\\/portal\\\/?p=103323#primaryimage\"},\"thumbnailUrl\":\"https:\\\/\\\/aconteceunovale.com.br\\\/portal\\\/wp-content\\\/uploads\\\/2016\\\/02\\\/montes_claros_mg.jpg\",\"keywords\":[\"Com\u00e9rcio de Montes Claros\",\"Com\u00e9rcio de Montes Claros ter\u00e1 hor\u00e1rio de funcionamento diferenciado no fim de ano\",\"Funcionamento do com\u00e9rcio de Montes Claros\",\"Glenn Andrade\",\"Montes Claros\",\"presidente do Sindcom\u00e9rcio\",\"Sindcom\u00e9rcio\",\"Sindcom\u00e9rcio de Montes Claros\",\"Sindicato do Com\u00e9rcio Varejista\",\"Vendas de fim de ano em Montes Claros\"],\"articleSection\":[\"Norte de Minas\"],\"inLanguage\":\"pt-BR\",\"potentialAction\":[{\"@type\":\"CommentAction\",\"name\":\"Comment\",\"target\":[\"https:\\\/\\\/aconteceunovale.com.br\\\/portal\\\/?p=103323#respond\"]}]},{\"@type\":\"WebPage\",\"@id\":\"https:\\\/\\\/aconteceunovale.com.br\\\/portal\\\/?p=103323\",\"url\":\"https:\\\/\\\/aconteceunovale.com.br\\\/portal\\\/?p=103323\",\"name\":\"Com\u00e9rcio de Montes Claros ter\u00e1 hor\u00e1rio de funcionamento diferenciado no fim de ano - Aconteceu no Vale\",\"isPartOf\":{\"@id\":\"https:\\\/\\\/aconteceunovale.com.br\\\/portal\\\/#website\"},\"primaryImageOfPage\":{\"@id\":\"https:\\\/\\\/aconteceunovale.com.br\\\/portal\\\/?p=103323#primaryimage\"},\"image\":{\"@id\":\"https:\\\/\\\/aconteceunovale.com.br\\\/portal\\\/?p=103323#primaryimage\"},\"thumbnailUrl\":\"https:\\\/\\\/aconteceunovale.com.br\\\/portal\\\/wp-content\\\/uploads\\\/2016\\\/02\\\/montes_claros_mg.jpg\",\"datePublished\":\"2016-12-03T20:46:36+00:00\",\"author\":{\"@id\":\"https:\\\/\\\/aconteceunovale.com.br\\\/portal\\\/#\\\/schema\\\/person\\\/633529146f2c94272bef50ac2953d589\"},\"breadcrumb\":{\"@id\":\"https:\\\/\\\/aconteceunovale.com.br\\\/portal\\\/?p=103323#breadcrumb\"},\"inLanguage\":\"pt-BR\",\"potentialAction\":[{\"@type\":\"ReadAction\",\"target\":[\"https:\\\/\\\/aconteceunovale.com.br\\\/portal\\\/?p=103323\"]}]},{\"@type\":\"ImageObject\",\"inLanguage\":\"pt-BR\",\"@id\":\"https:\\\/\\\/aconteceunovale.com.br\\\/portal\\\/?p=103323#primaryimage\",\"url\":\"https:\\\/\\\/aconteceunovale.com.br\\\/portal\\\/wp-content\\\/uploads\\\/2016\\\/02\\\/montes_claros_mg.jpg\",\"contentUrl\":\"https:\\\/\\\/aconteceunovale.com.br\\\/portal\\\/wp-content\\\/uploads\\\/2016\\\/02\\\/montes_claros_mg.jpg\",\"width\":678,\"height\":450},{\"@type\":\"BreadcrumbList\",\"@id\":\"https:\\\/\\\/aconteceunovale.com.br\\\/portal\\\/?p=103323#breadcrumb\",\"itemListElement\":[{\"@type\":\"ListItem\",\"position\":1,\"name\":\"In\u00edcio\",\"item\":\"https:\\\/\\\/aconteceunovale.com.br\\\/portal\\\/\"},{\"@type\":\"ListItem\",\"position\":2,\"name\":\"Com\u00e9rcio de Montes Claros ter\u00e1 hor\u00e1rio de funcionamento diferenciado no fim de ano\"}]},{\"@type\":\"WebSite\",\"@id\":\"https:\\\/\\\/aconteceunovale.com.br\\\/portal\\\/#website\",\"url\":\"https:\\\/\\\/aconteceunovale.com.br\\\/portal\\\/\",\"name\":\"Aconteceu no Vale\",\"description\":\"Portal de Not\u00edcias\",\"potentialAction\":[{\"@type\":\"SearchAction\",\"target\":{\"@type\":\"EntryPoint\",\"urlTemplate\":\"https:\\\/\\\/aconteceunovale.com.br\\\/portal\\\/?s={search_term_string}\"},\"query-input\":{\"@type\":\"PropertyValueSpecification\",\"valueRequired\":true,\"valueName\":\"search_term_string\"}}],\"inLanguage\":\"pt-BR\"},{\"@type\":\"Person\",\"@id\":\"https:\\\/\\\/aconteceunovale.com.br\\\/portal\\\/#\\\/schema\\\/person\\\/633529146f2c94272bef50ac2953d589\",\"name\":\"Aconteceu no Vale\",\"description\":\"Equipe de reportagem do Aconteceu no Vale, portal de not\u00edcias do Vale do Jequitinhonha, em Minas Gerais. Cobrimos as 51 cidades do Vale desde 2013. Sugest\u00f5es de pauta e pedidos de corre\u00e7\u00e3o: contato@aconteceunovale.com.br\",\"sameAs\":[\"http:\\\/\\\/www.aconteceunovale.com.br\"],\"url\":\"https:\\\/\\\/aconteceunovale.com.br\\\/portal\\\/?author=1\"}]}<\/script>\n<!-- \/ Yoast SEO plugin. -->","yoast_head_json":{"title":"Com\u00e9rcio de Montes Claros ter\u00e1 hor\u00e1rio de funcionamento diferenciado no fim de ano - Aconteceu no Vale","robots":{"index":"index","follow":"follow","max-snippet":"max-snippet:-1","max-image-preview":"max-image-preview:large","max-video-preview":"max-video-preview:-1"},"canonical":"https:\/\/aconteceunovale.com.br\/portal\/?p=103323","og_locale":"pt_BR","og_type":"article","og_title":"Com\u00e9rcio de Montes Claros ter\u00e1 hor\u00e1rio de funcionamento diferenciado no fim de ano - Aconteceu no Vale","og_description":"A partir da pr\u00f3xima segunda-feira (05\/12\/2016), as lojas do Centro e bairros de Montes Claros passam a funcionar em hor\u00e1rio diferenciado. A mudan\u00e7a, segundo o Sindicato do Com\u00e9rcio Varejista (Sindcom\u00e9rcio), visa impulsionar as vendas dos lojistas e dar mais conforto, e tempo, aos clientes na hora da compra dos tradicionais presentes de fim de ano. [&hellip;]","og_url":"https:\/\/aconteceunovale.com.br\/portal\/?p=103323","og_site_name":"Aconteceu no Vale","article_publisher":"https:\/\/www.facebook.com\/aconteceunovale\/","article_published_time":"2016-12-03T20:46:36+00:00","og_image":[{"width":678,"height":450,"url":"https:\/\/aconteceunovale.com.br\/portal\/wp-content\/uploads\/2016\/02\/montes_claros_mg.jpg","type":"image\/jpeg"}],"author":"Aconteceu no Vale","twitter_card":"summary_large_image","twitter_creator":"@noticiadosvales","twitter_site":"@noticiadosvales","twitter_misc":{"Escrito por":"Aconteceu no Vale","Est. tempo de leitura":"2 minutos"},"schema":{"@context":"https:\/\/schema.org","@graph":[{"@type":"Article","@id":"https:\/\/aconteceunovale.com.br\/portal\/?p=103323#article","isPartOf":{"@id":"https:\/\/aconteceunovale.com.br\/portal\/?p=103323"},"author":{"name":"Aconteceu no Vale","@id":"https:\/\/aconteceunovale.com.br\/portal\/#\/schema\/person\/633529146f2c94272bef50ac2953d589"},"headline":"Com\u00e9rcio de Montes Claros ter\u00e1 hor\u00e1rio de funcionamento diferenciado no fim de ano","datePublished":"2016-12-03T20:46:36+00:00","mainEntityOfPage":{"@id":"https:\/\/aconteceunovale.com.br\/portal\/?p=103323"},"wordCount":413,"commentCount":0,"image":{"@id":"https:\/\/aconteceunovale.com.br\/portal\/?p=103323#primaryimage"},"thumbnailUrl":"https:\/\/aconteceunovale.com.br\/portal\/wp-content\/uploads\/2016\/02\/montes_claros_mg.jpg","keywords":["Com\u00e9rcio de Montes Claros","Com\u00e9rcio de Montes Claros ter\u00e1 hor\u00e1rio de funcionamento diferenciado no fim de ano","Funcionamento do com\u00e9rcio de Montes Claros","Glenn Andrade","Montes Claros","presidente do Sindcom\u00e9rcio","Sindcom\u00e9rcio","Sindcom\u00e9rcio de Montes Claros","Sindicato do Com\u00e9rcio Varejista","Vendas de fim de ano em Montes Claros"],"articleSection":["Norte de Minas"],"inLanguage":"pt-BR","potentialAction":[{"@type":"CommentAction","name":"Comment","target":["https:\/\/aconteceunovale.com.br\/portal\/?p=103323#respond"]}]},{"@type":"WebPage","@id":"https:\/\/aconteceunovale.com.br\/portal\/?p=103323","url":"https:\/\/aconteceunovale.com.br\/portal\/?p=103323","name":"Com\u00e9rcio de Montes Claros ter\u00e1 hor\u00e1rio de funcionamento diferenciado no fim de ano - Aconteceu no Vale","isPartOf":{"@id":"https:\/\/aconteceunovale.com.br\/portal\/#website"},"primaryImageOfPage":{"@id":"https:\/\/aconteceunovale.com.br\/portal\/?p=103323#primaryimage"},"image":{"@id":"https:\/\/aconteceunovale.com.br\/portal\/?p=103323#primaryimage"},"thumbnailUrl":"https:\/\/aconteceunovale.com.br\/portal\/wp-content\/uploads\/2016\/02\/montes_claros_mg.jpg","datePublished":"2016-12-03T20:46:36+00:00","author":{"@id":"https:\/\/aconteceunovale.com.br\/portal\/#\/schema\/person\/633529146f2c94272bef50ac2953d589"},"breadcrumb":{"@id":"https:\/\/aconteceunovale.com.br\/portal\/?p=103323#breadcrumb"},"inLanguage":"pt-BR","potentialAction":[{"@type":"ReadAction","target":["https:\/\/aconteceunovale.com.br\/portal\/?p=103323"]}]},{"@type":"ImageObject","inLanguage":"pt-BR","@id":"https:\/\/aconteceunovale.com.br\/portal\/?p=103323#primaryimage","url":"https:\/\/aconteceunovale.com.br\/portal\/wp-content\/uploads\/2016\/02\/montes_claros_mg.jpg","contentUrl":"https:\/\/aconteceunovale.com.br\/portal\/wp-content\/uploads\/2016\/02\/montes_claros_mg.jpg","width":678,"height":450},{"@type":"BreadcrumbList","@id":"https:\/\/aconteceunovale.com.br\/portal\/?p=103323#breadcrumb","itemListElement":[{"@type":"ListItem","position":1,"name":"In\u00edcio","item":"https:\/\/aconteceunovale.com.br\/portal\/"},{"@type":"ListItem","position":2,"name":"Com\u00e9rcio de Montes Claros ter\u00e1 hor\u00e1rio de funcionamento diferenciado no fim de ano"}]},{"@type":"WebSite","@id":"https:\/\/aconteceunovale.com.br\/portal\/#website","url":"https:\/\/aconteceunovale.com.br\/portal\/","name":"Aconteceu no Vale","description":"Portal de Not\u00edcias","potentialAction":[{"@type":"SearchAction","target":{"@type":"EntryPoint","urlTemplate":"https:\/\/aconteceunovale.com.br\/portal\/?s={search_term_string}"},"query-input":{"@type":"PropertyValueSpecification","valueRequired":true,"valueName":"search_term_string"}}],"inLanguage":"pt-BR"},{"@type":"Person","@id":"https:\/\/aconteceunovale.com.br\/portal\/#\/schema\/person\/633529146f2c94272bef50ac2953d589","name":"Aconteceu no Vale","description":"Equipe de reportagem do Aconteceu no Vale, portal de not\u00edcias do Vale do Jequitinhonha, em Minas Gerais. Cobrimos as 51 cidades do Vale desde 2013. Sugest\u00f5es de pauta e pedidos de corre\u00e7\u00e3o: contato@aconteceunovale.com.br","sameAs":["http:\/\/www.aconteceunovale.com.br"],"url":"https:\/\/aconteceunovale.com.br\/portal\/?author=1"}]}},"_links":{"self":[{"href":"https:\/\/aconteceunovale.com.br\/portal\/index.php?rest_route=\/wp\/v2\/posts\/103323","targetHints":{"allow":["GET"]}}],"collection":[{"href":"https:\/\/aconteceunovale.com.br\/portal\/index.php?rest_route=\/wp\/v2\/posts"}],"about":[{"href":"https:\/\/aconteceunovale.com.br\/portal\/index.php?rest_route=\/wp\/v2\/types\/post"}],"author":[{"embeddable":true,"href":"https:\/\/aconteceunovale.com.br\/portal\/index.php?rest_route=\/wp\/v2\/users\/1"}],"replies":[{"embeddable":true,"href":"https:\/\/aconteceunovale.com.br\/portal\/index.php?rest_route=%2Fwp%2Fv2%2Fcomments&post=103323"}],"version-history":[{"count":0,"href":"https:\/\/aconteceunovale.com.br\/portal\/index.php?rest_route=\/wp\/v2\/posts\/103323\/revisions"}],"wp:featuredmedia":[{"embeddable":true,"href":"https:\/\/aconteceunovale.com.br\/portal\/index.php?rest_route=\/wp\/v2\/media\/78106"}],"wp:attachment":[{"href":"https:\/\/aconteceunovale.com.br\/portal\/index.php?rest_route=%2Fwp%2Fv2%2Fmedia&parent=103323"}],"wp:term":[{"taxonomy":"category","embeddable":true,"href":"https:\/\/aconteceunovale.com.br\/portal\/index.php?rest_route=%2Fwp%2Fv2%2Fcategories&post=103323"},{"taxonomy":"post_tag","embeddable":true,"href":"https:\/\/aconteceunovale.com.br\/portal\/index.php?rest_route=%2Fwp%2Fv2%2Ftags&post=103323"}],"curies":[{"name":"wp","href":"https:\/\/api.w.org\/{rel}","templated":true}]}}