{"id":103320,"date":"2016-12-03T18:36:23","date_gmt":"2016-12-03T20:36:23","guid":{"rendered":"http:\/\/aconteceunovale.com.br\/portal\/?p=103320"},"modified":"2016-12-03T18:36:23","modified_gmt":"2016-12-03T20:36:23","slug":"suspeitos-de-envolvimento-na-morte-de-comerciante-no-municipio-de-jaiba-sao-presos-em-varzelandia","status":"publish","type":"post","link":"https:\/\/aconteceunovale.com.br\/portal\/?p=103320","title":{"rendered":"Suspeitos de envolvimento na morte de comerciante no munic\u00edpio de Ja\u00edba s\u00e3o presos em Varzel\u00e2ndia"},"content":{"rendered":"<p>Uma a\u00e7\u00e3o conjunta das pol\u00edcias Civil e Militar encontrou na tarde desta sexta-feira (02\/12\/2016) em Varzel\u00e2ndia (MG) dois jovens suspeitos de envolvimento no assassinato de Jo\u00e3o Batista Alves da Silva, de 50 anos. Eles estavam escondidos em uma mata, no Distrito de Condado do Norte.<\/p>\n<p>O crime foi no dia 28 de novembro, na zona rural Ja\u00edba, no Norte de Minas. Quatro rapazes participaram do homic\u00eddio. Ap\u00f3s matar o homem, eles invadiram a casa, reviraram o im\u00f3vel e colocaram fogo em quatro ve\u00edculos da fam\u00edlia.<\/p>\n<p>Durante a fuga, o grupo invadiu ainda outra resid\u00eancia e roubou uma caminhonete. Eles seguiram sentido \u00e0 cidade de S\u00e3o Jo\u00e3o da Ponte, onde policiais fizeram cerco e bloqueio e conseguiram deter um adolescente e apreender sete armas de fogo. Tr\u00eas dos envolvidos conseguiram fugir por uma mata.<\/p>\n<p>Nesta sexta-feira, policiais civis e militares continuaram as buscas e localizaram dois dos fugitivos. Contra um deles, de 26 anos, havia um mandado de pris\u00e3o preventiva em aberto devido \u00e0 participa\u00e7\u00e3o no homic\u00eddio. Ele foi encaminhado \u00e0 cadeia de S\u00e3o Jo\u00e3o da Ponte. O outro detido nesta tarde foi ouvido e liberado.<\/p>\n<p><img decoding=\"async\" src=\"http:\/\/aconteceunovale.com.br\/portal\/wp-content\/uploads\/2016\/12\/presos_bandidos.jpg\" alt=\"\" \/><em>Jovens foram encontrados em uma mata em Varzel\u00e2ndia (Foto: Pol\u00edcia Civil\/Divulga\u00e7\u00e3o)<\/em><br \/>\n<\/br><\/p>\n<p><em>(Fonte: G1 Grande Minas)<\/em><\/p>\n","protected":false},"excerpt":{"rendered":"<p>Uma a\u00e7\u00e3o conjunta das pol\u00edcias Civil e Militar encontrou na tarde desta sexta-feira (02\/12\/2016) em Varzel\u00e2ndia (MG) dois jovens suspeitos de envolvimento no assassinato de Jo\u00e3o Batista Alves da Silva, de 50 anos. Eles estavam escondidos em uma mata, no Distrito de Condado do Norte. O crime foi no dia 28 de novembro, na zona [&hellip;]<\/p>\n","protected":false},"author":1,"featured_media":103321,"comment_status":"open","ping_status":"closed","sticky":false,"template":"","format":"standard","meta":{"amp_status":"","footnotes":""},"categories":[1236],"tags":[83774,128053,1018,74229,1058,128054,128101,128100,83773,128102,128642,1713,83771],"class_list":["post-103320","post","type-post","status-publish","format-standard","has-post-thumbnail","hentry","category-norte_de_minas","tag-assassinato-jaiba","tag-criminosos-matam-dono-de-bar-e-colocam-fogo-em-veiculos-no-municipio-de-jaiba","tag-destaque","tag-homicidio-jaiba","tag-jaiba","tag-joao-batista-alves-da-silva","tag-joao-sem-medo","tag-morte-joao-sem-medo","tag-morto-jaiba","tag-suspeito-de-envolvimento-na-morte-de-comerciante-na-zona-rural-de-jaiba-e-detido-em-sao-joao-da-ponte","tag-suspeitos-de-envolvimento-na-morte-de-comerciante-no-municipio-de-jaiba-sao-presos-em-varzelandia","tag-varzelandia","tag-violencia-jaiba"],"yoast_head":"<!-- This site is optimized with the Yoast SEO plugin v28.3 - https:\/\/yoast.com\/product\/yoast-seo-wordpress\/ -->\n<title>Suspeitos de envolvimento na morte de comerciante no munic\u00edpio de Ja\u00edba s\u00e3o presos em Varzel\u00e2ndia - Aconteceu no Vale<\/title>\n<meta name=\"robots\" content=\"index, follow, max-snippet:-1, max-image-preview:large, max-video-preview:-1\" \/>\n<link rel=\"canonical\" href=\"https:\/\/aconteceunovale.com.br\/portal\/?p=103320\" \/>\n<meta property=\"og:locale\" content=\"pt_BR\" \/>\n<meta property=\"og:type\" content=\"article\" \/>\n<meta property=\"og:title\" content=\"Suspeitos de envolvimento na morte de comerciante no munic\u00edpio de Ja\u00edba s\u00e3o presos em Varzel\u00e2ndia - Aconteceu no Vale\" \/>\n<meta property=\"og:description\" content=\"Uma a\u00e7\u00e3o conjunta das pol\u00edcias Civil e Militar encontrou na tarde desta sexta-feira (02\/12\/2016) em Varzel\u00e2ndia (MG) dois jovens suspeitos de envolvimento no assassinato de Jo\u00e3o Batista Alves da Silva, de 50 anos. Eles estavam escondidos em uma mata, no Distrito de Condado do Norte. O crime foi no dia 28 de novembro, na zona [&hellip;]\" \/>\n<meta property=\"og:url\" content=\"https:\/\/aconteceunovale.com.br\/portal\/?p=103320\" \/>\n<meta property=\"og:site_name\" content=\"Aconteceu no Vale\" \/>\n<meta property=\"article:publisher\" content=\"https:\/\/www.facebook.com\/aconteceunovale\/\" \/>\n<meta property=\"article:published_time\" content=\"2016-12-03T20:36:23+00:00\" \/>\n<meta property=\"og:image\" content=\"https:\/\/aconteceunovale.com.br\/portal\/wp-content\/uploads\/2016\/12\/presos_bandidos.jpg\" \/>\n\t<meta property=\"og:image:width\" content=\"600\" \/>\n\t<meta property=\"og:image:height\" content=\"450\" \/>\n\t<meta property=\"og:image:type\" content=\"image\/jpeg\" \/>\n<meta name=\"author\" content=\"Aconteceu no Vale\" \/>\n<meta name=\"twitter:card\" content=\"summary_large_image\" \/>\n<meta name=\"twitter:creator\" content=\"@noticiadosvales\" \/>\n<meta name=\"twitter:site\" content=\"@noticiadosvales\" \/>\n<meta name=\"twitter:label1\" content=\"Escrito por\" \/>\n\t<meta name=\"twitter:data1\" content=\"Aconteceu no Vale\" \/>\n\t<meta name=\"twitter:label2\" content=\"Est. tempo de leitura\" \/>\n\t<meta name=\"twitter:data2\" content=\"1 minuto\" \/>\n<script type=\"application\/ld+json\" class=\"yoast-schema-graph\">{\"@context\":\"https:\\\/\\\/schema.org\",\"@graph\":[{\"@type\":\"Article\",\"@id\":\"https:\\\/\\\/aconteceunovale.com.br\\\/portal\\\/?p=103320#article\",\"isPartOf\":{\"@id\":\"https:\\\/\\\/aconteceunovale.com.br\\\/portal\\\/?p=103320\"},\"author\":{\"name\":\"Aconteceu no Vale\",\"@id\":\"https:\\\/\\\/aconteceunovale.com.br\\\/portal\\\/#\\\/schema\\\/person\\\/633529146f2c94272bef50ac2953d589\"},\"headline\":\"Suspeitos de envolvimento na morte de comerciante no munic\u00edpio de Ja\u00edba s\u00e3o presos em Varzel\u00e2ndia\",\"datePublished\":\"2016-12-03T20:36:23+00:00\",\"mainEntityOfPage\":{\"@id\":\"https:\\\/\\\/aconteceunovale.com.br\\\/portal\\\/?p=103320\"},\"wordCount\":235,\"commentCount\":0,\"image\":{\"@id\":\"https:\\\/\\\/aconteceunovale.com.br\\\/portal\\\/?p=103320#primaryimage\"},\"thumbnailUrl\":\"https:\\\/\\\/aconteceunovale.com.br\\\/portal\\\/wp-content\\\/uploads\\\/2016\\\/12\\\/presos_bandidos.jpg\",\"keywords\":[\"assassinato Ja\u00edba\",\"Criminosos matam dono de bar e colocam fogo em ve\u00edculos no munic\u00edpio de Ja\u00edba\",\"destaque\",\"homic\u00eddio ja\u00edba\",\"ja\u00edba\",\"Jo\u00e3o Batista Alves da Silva\",\"Jo\u00e3o sem medo\",\"Morte jo\u00e3o sem medo\",\"morto Ja\u00edba\",\"Suspeito de envolvimento na morte de comerciante na zona rural de Ja\u00edba \u00e9 detido em S\u00e3o Jo\u00e3o da Ponte\",\"Suspeitos de envolvimento na morte de comerciante no munic\u00edpio de Ja\u00edba s\u00e3o presos em Varzel\u00e2ndia\",\"Varzel\u00e2ndia\",\"viol\u00eancia Ja\u00edba\"],\"articleSection\":[\"Norte de Minas\"],\"inLanguage\":\"pt-BR\",\"potentialAction\":[{\"@type\":\"CommentAction\",\"name\":\"Comment\",\"target\":[\"https:\\\/\\\/aconteceunovale.com.br\\\/portal\\\/?p=103320#respond\"]}]},{\"@type\":\"WebPage\",\"@id\":\"https:\\\/\\\/aconteceunovale.com.br\\\/portal\\\/?p=103320\",\"url\":\"https:\\\/\\\/aconteceunovale.com.br\\\/portal\\\/?p=103320\",\"name\":\"Suspeitos de envolvimento na morte de comerciante no munic\u00edpio de Ja\u00edba s\u00e3o presos em Varzel\u00e2ndia - Aconteceu no Vale\",\"isPartOf\":{\"@id\":\"https:\\\/\\\/aconteceunovale.com.br\\\/portal\\\/#website\"},\"primaryImageOfPage\":{\"@id\":\"https:\\\/\\\/aconteceunovale.com.br\\\/portal\\\/?p=103320#primaryimage\"},\"image\":{\"@id\":\"https:\\\/\\\/aconteceunovale.com.br\\\/portal\\\/?p=103320#primaryimage\"},\"thumbnailUrl\":\"https:\\\/\\\/aconteceunovale.com.br\\\/portal\\\/wp-content\\\/uploads\\\/2016\\\/12\\\/presos_bandidos.jpg\",\"datePublished\":\"2016-12-03T20:36:23+00:00\",\"author\":{\"@id\":\"https:\\\/\\\/aconteceunovale.com.br\\\/portal\\\/#\\\/schema\\\/person\\\/633529146f2c94272bef50ac2953d589\"},\"breadcrumb\":{\"@id\":\"https:\\\/\\\/aconteceunovale.com.br\\\/portal\\\/?p=103320#breadcrumb\"},\"inLanguage\":\"pt-BR\",\"potentialAction\":[{\"@type\":\"ReadAction\",\"target\":[\"https:\\\/\\\/aconteceunovale.com.br\\\/portal\\\/?p=103320\"]}]},{\"@type\":\"ImageObject\",\"inLanguage\":\"pt-BR\",\"@id\":\"https:\\\/\\\/aconteceunovale.com.br\\\/portal\\\/?p=103320#primaryimage\",\"url\":\"https:\\\/\\\/aconteceunovale.com.br\\\/portal\\\/wp-content\\\/uploads\\\/2016\\\/12\\\/presos_bandidos.jpg\",\"contentUrl\":\"https:\\\/\\\/aconteceunovale.com.br\\\/portal\\\/wp-content\\\/uploads\\\/2016\\\/12\\\/presos_bandidos.jpg\",\"width\":600,\"height\":450},{\"@type\":\"BreadcrumbList\",\"@id\":\"https:\\\/\\\/aconteceunovale.com.br\\\/portal\\\/?p=103320#breadcrumb\",\"itemListElement\":[{\"@type\":\"ListItem\",\"position\":1,\"name\":\"In\u00edcio\",\"item\":\"https:\\\/\\\/aconteceunovale.com.br\\\/portal\\\/\"},{\"@type\":\"ListItem\",\"position\":2,\"name\":\"Suspeitos de envolvimento na morte de comerciante no munic\u00edpio de Ja\u00edba s\u00e3o presos em Varzel\u00e2ndia\"}]},{\"@type\":\"WebSite\",\"@id\":\"https:\\\/\\\/aconteceunovale.com.br\\\/portal\\\/#website\",\"url\":\"https:\\\/\\\/aconteceunovale.com.br\\\/portal\\\/\",\"name\":\"Aconteceu no Vale\",\"description\":\"Portal de Not\u00edcias\",\"potentialAction\":[{\"@type\":\"SearchAction\",\"target\":{\"@type\":\"EntryPoint\",\"urlTemplate\":\"https:\\\/\\\/aconteceunovale.com.br\\\/portal\\\/?s={search_term_string}\"},\"query-input\":{\"@type\":\"PropertyValueSpecification\",\"valueRequired\":true,\"valueName\":\"search_term_string\"}}],\"inLanguage\":\"pt-BR\"},{\"@type\":\"Person\",\"@id\":\"https:\\\/\\\/aconteceunovale.com.br\\\/portal\\\/#\\\/schema\\\/person\\\/633529146f2c94272bef50ac2953d589\",\"name\":\"Aconteceu no Vale\",\"description\":\"Equipe de reportagem do Aconteceu no Vale, portal de not\u00edcias do Vale do Jequitinhonha, em Minas Gerais. Cobrimos as 51 cidades do Vale desde 2013. Sugest\u00f5es de pauta e pedidos de corre\u00e7\u00e3o: contato@aconteceunovale.com.br\",\"sameAs\":[\"http:\\\/\\\/www.aconteceunovale.com.br\"],\"url\":\"https:\\\/\\\/aconteceunovale.com.br\\\/portal\\\/?author=1\"}]}<\/script>\n<!-- \/ Yoast SEO plugin. -->","yoast_head_json":{"title":"Suspeitos de envolvimento na morte de comerciante no munic\u00edpio de Ja\u00edba s\u00e3o presos em Varzel\u00e2ndia - Aconteceu no Vale","robots":{"index":"index","follow":"follow","max-snippet":"max-snippet:-1","max-image-preview":"max-image-preview:large","max-video-preview":"max-video-preview:-1"},"canonical":"https:\/\/aconteceunovale.com.br\/portal\/?p=103320","og_locale":"pt_BR","og_type":"article","og_title":"Suspeitos de envolvimento na morte de comerciante no munic\u00edpio de Ja\u00edba s\u00e3o presos em Varzel\u00e2ndia - Aconteceu no Vale","og_description":"Uma a\u00e7\u00e3o conjunta das pol\u00edcias Civil e Militar encontrou na tarde desta sexta-feira (02\/12\/2016) em Varzel\u00e2ndia (MG) dois jovens suspeitos de envolvimento no assassinato de Jo\u00e3o Batista Alves da Silva, de 50 anos. Eles estavam escondidos em uma mata, no Distrito de Condado do Norte. O crime foi no dia 28 de novembro, na zona [&hellip;]","og_url":"https:\/\/aconteceunovale.com.br\/portal\/?p=103320","og_site_name":"Aconteceu no Vale","article_publisher":"https:\/\/www.facebook.com\/aconteceunovale\/","article_published_time":"2016-12-03T20:36:23+00:00","og_image":[{"width":600,"height":450,"url":"https:\/\/aconteceunovale.com.br\/portal\/wp-content\/uploads\/2016\/12\/presos_bandidos.jpg","type":"image\/jpeg"}],"author":"Aconteceu no Vale","twitter_card":"summary_large_image","twitter_creator":"@noticiadosvales","twitter_site":"@noticiadosvales","twitter_misc":{"Escrito por":"Aconteceu no Vale","Est. tempo de leitura":"1 minuto"},"schema":{"@context":"https:\/\/schema.org","@graph":[{"@type":"Article","@id":"https:\/\/aconteceunovale.com.br\/portal\/?p=103320#article","isPartOf":{"@id":"https:\/\/aconteceunovale.com.br\/portal\/?p=103320"},"author":{"name":"Aconteceu no Vale","@id":"https:\/\/aconteceunovale.com.br\/portal\/#\/schema\/person\/633529146f2c94272bef50ac2953d589"},"headline":"Suspeitos de envolvimento na morte de comerciante no munic\u00edpio de Ja\u00edba s\u00e3o presos em Varzel\u00e2ndia","datePublished":"2016-12-03T20:36:23+00:00","mainEntityOfPage":{"@id":"https:\/\/aconteceunovale.com.br\/portal\/?p=103320"},"wordCount":235,"commentCount":0,"image":{"@id":"https:\/\/aconteceunovale.com.br\/portal\/?p=103320#primaryimage"},"thumbnailUrl":"https:\/\/aconteceunovale.com.br\/portal\/wp-content\/uploads\/2016\/12\/presos_bandidos.jpg","keywords":["assassinato Ja\u00edba","Criminosos matam dono de bar e colocam fogo em ve\u00edculos no munic\u00edpio de Ja\u00edba","destaque","homic\u00eddio ja\u00edba","ja\u00edba","Jo\u00e3o Batista Alves da Silva","Jo\u00e3o sem medo","Morte jo\u00e3o sem medo","morto Ja\u00edba","Suspeito de envolvimento na morte de comerciante na zona rural de Ja\u00edba \u00e9 detido em S\u00e3o Jo\u00e3o da Ponte","Suspeitos de envolvimento na morte de comerciante no munic\u00edpio de Ja\u00edba s\u00e3o presos em Varzel\u00e2ndia","Varzel\u00e2ndia","viol\u00eancia Ja\u00edba"],"articleSection":["Norte de Minas"],"inLanguage":"pt-BR","potentialAction":[{"@type":"CommentAction","name":"Comment","target":["https:\/\/aconteceunovale.com.br\/portal\/?p=103320#respond"]}]},{"@type":"WebPage","@id":"https:\/\/aconteceunovale.com.br\/portal\/?p=103320","url":"https:\/\/aconteceunovale.com.br\/portal\/?p=103320","name":"Suspeitos de envolvimento na morte de comerciante no munic\u00edpio de Ja\u00edba s\u00e3o presos em Varzel\u00e2ndia - Aconteceu no Vale","isPartOf":{"@id":"https:\/\/aconteceunovale.com.br\/portal\/#website"},"primaryImageOfPage":{"@id":"https:\/\/aconteceunovale.com.br\/portal\/?p=103320#primaryimage"},"image":{"@id":"https:\/\/aconteceunovale.com.br\/portal\/?p=103320#primaryimage"},"thumbnailUrl":"https:\/\/aconteceunovale.com.br\/portal\/wp-content\/uploads\/2016\/12\/presos_bandidos.jpg","datePublished":"2016-12-03T20:36:23+00:00","author":{"@id":"https:\/\/aconteceunovale.com.br\/portal\/#\/schema\/person\/633529146f2c94272bef50ac2953d589"},"breadcrumb":{"@id":"https:\/\/aconteceunovale.com.br\/portal\/?p=103320#breadcrumb"},"inLanguage":"pt-BR","potentialAction":[{"@type":"ReadAction","target":["https:\/\/aconteceunovale.com.br\/portal\/?p=103320"]}]},{"@type":"ImageObject","inLanguage":"pt-BR","@id":"https:\/\/aconteceunovale.com.br\/portal\/?p=103320#primaryimage","url":"https:\/\/aconteceunovale.com.br\/portal\/wp-content\/uploads\/2016\/12\/presos_bandidos.jpg","contentUrl":"https:\/\/aconteceunovale.com.br\/portal\/wp-content\/uploads\/2016\/12\/presos_bandidos.jpg","width":600,"height":450},{"@type":"BreadcrumbList","@id":"https:\/\/aconteceunovale.com.br\/portal\/?p=103320#breadcrumb","itemListElement":[{"@type":"ListItem","position":1,"name":"In\u00edcio","item":"https:\/\/aconteceunovale.com.br\/portal\/"},{"@type":"ListItem","position":2,"name":"Suspeitos de envolvimento na morte de comerciante no munic\u00edpio de Ja\u00edba s\u00e3o presos em Varzel\u00e2ndia"}]},{"@type":"WebSite","@id":"https:\/\/aconteceunovale.com.br\/portal\/#website","url":"https:\/\/aconteceunovale.com.br\/portal\/","name":"Aconteceu no Vale","description":"Portal de Not\u00edcias","potentialAction":[{"@type":"SearchAction","target":{"@type":"EntryPoint","urlTemplate":"https:\/\/aconteceunovale.com.br\/portal\/?s={search_term_string}"},"query-input":{"@type":"PropertyValueSpecification","valueRequired":true,"valueName":"search_term_string"}}],"inLanguage":"pt-BR"},{"@type":"Person","@id":"https:\/\/aconteceunovale.com.br\/portal\/#\/schema\/person\/633529146f2c94272bef50ac2953d589","name":"Aconteceu no Vale","description":"Equipe de reportagem do Aconteceu no Vale, portal de not\u00edcias do Vale do Jequitinhonha, em Minas Gerais. Cobrimos as 51 cidades do Vale desde 2013. Sugest\u00f5es de pauta e pedidos de corre\u00e7\u00e3o: contato@aconteceunovale.com.br","sameAs":["http:\/\/www.aconteceunovale.com.br"],"url":"https:\/\/aconteceunovale.com.br\/portal\/?author=1"}]}},"_links":{"self":[{"href":"https:\/\/aconteceunovale.com.br\/portal\/index.php?rest_route=\/wp\/v2\/posts\/103320","targetHints":{"allow":["GET"]}}],"collection":[{"href":"https:\/\/aconteceunovale.com.br\/portal\/index.php?rest_route=\/wp\/v2\/posts"}],"about":[{"href":"https:\/\/aconteceunovale.com.br\/portal\/index.php?rest_route=\/wp\/v2\/types\/post"}],"author":[{"embeddable":true,"href":"https:\/\/aconteceunovale.com.br\/portal\/index.php?rest_route=\/wp\/v2\/users\/1"}],"replies":[{"embeddable":true,"href":"https:\/\/aconteceunovale.com.br\/portal\/index.php?rest_route=%2Fwp%2Fv2%2Fcomments&post=103320"}],"version-history":[{"count":0,"href":"https:\/\/aconteceunovale.com.br\/portal\/index.php?rest_route=\/wp\/v2\/posts\/103320\/revisions"}],"wp:featuredmedia":[{"embeddable":true,"href":"https:\/\/aconteceunovale.com.br\/portal\/index.php?rest_route=\/wp\/v2\/media\/103321"}],"wp:attachment":[{"href":"https:\/\/aconteceunovale.com.br\/portal\/index.php?rest_route=%2Fwp%2Fv2%2Fmedia&parent=103320"}],"wp:term":[{"taxonomy":"category","embeddable":true,"href":"https:\/\/aconteceunovale.com.br\/portal\/index.php?rest_route=%2Fwp%2Fv2%2Fcategories&post=103320"},{"taxonomy":"post_tag","embeddable":true,"href":"https:\/\/aconteceunovale.com.br\/portal\/index.php?rest_route=%2Fwp%2Fv2%2Ftags&post=103320"}],"curies":[{"name":"wp","href":"https:\/\/api.w.org\/{rel}","templated":true}]}}