{"id":103317,"date":"2016-12-03T18:29:58","date_gmt":"2016-12-03T20:29:58","guid":{"rendered":"http:\/\/aconteceunovale.com.br\/portal\/?p=103317"},"modified":"2016-12-03T18:29:58","modified_gmt":"2016-12-03T20:29:58","slug":"pastor-acusado-de-estuprar-crianca-em-montes-claros-e-solto-por-superlotacao-de-presidio","status":"publish","type":"post","link":"https:\/\/aconteceunovale.com.br\/portal\/?p=103317","title":{"rendered":"Pastor acusado de estuprar crian\u00e7a em Montes Claros \u00e9 solto por superlota\u00e7\u00e3o de pres\u00eddio"},"content":{"rendered":"<p>O Tribunal de Justi\u00e7a de Minas Gerais (TJMG) concedeu liberdade provis\u00f3ria para o pastor Jo\u00e3o da Silva, investigado por suspeita de abusar de uma menina de cinco anos em Montes Claros. O motivo principal que fundamentou a decis\u00e3o do juiz Fausto Geraldo Ferreira Filho \u00e9 a superlota\u00e7\u00e3o do Pres\u00eddio Alvorada.<\/p>\n<p>Na decis\u00e3o, o juiz diz tamb\u00e9m que o pastor possui bom antecedente e curso superior, \u201csitua\u00e7\u00e3o que, por si s\u00f3, recomenda pris\u00e3o em cela especial\u201d. Para o advogado Pedro Bernab\u00e9, que defende o pastor no processo, outro motivo que pode ter influenciado na decis\u00e3o \u00e9 a demora para concluir o processo.<\/p>\n<p>\u201cO que se tem \u00e9 muito pouco para justificar a perman\u00eancia dele na pris\u00e3o. Queremos a conclus\u00e3o deste inqu\u00e9rito, pois o que se percebe \u00e9 que existe a imaterialidade nos autos\u201d, afirma.<\/p>\n<p>O advogado diz ainda que seu cliente se comprometeu a permanecer na cidade, assim com aconteceu desde o in\u00edcio da investiga\u00e7\u00e3o.<\/p>\n<p>Apesar de ser questionada sobre a superlota\u00e7\u00e3o, a Secretaria de Estado de Administra\u00e7\u00e3o Prisional (SEDS), se limitou a informar que Jo\u00e3o da Silva foi desligado do Pres\u00eddio Alvorada por revoga\u00e7\u00e3o de pris\u00e3o preventiva, mediante alvar\u00e1 de soltura concedido pela Justi\u00e7a.<\/p>\n<p><strong>Pris\u00e3o do pastor<\/strong><\/p>\n<p>Jo\u00e3o da Silva era pastor secund\u00e1rio em uma igreja evang\u00e9lica no Bairro Roxo Verde em Montes Claros. Os abusos contra a menina de cinco anos eram cometidos dentro da igreja, onde ele lecionava aulas particulares de ingl\u00eas para a crian\u00e7a.<\/p>\n<p>Na \u00e9poca, a Pol\u00edcia Civil afirmou que os pais desconfiaram do crime ap\u00f3s a crian\u00e7a demonstrar desinteresse em participar das aulas. Ela alegava que \u201co tio Jo\u00e3o fazia bobagens com ela\u201d. Ap\u00f3s acompanhamento psicol\u00f3gico, os pais observaram os desenhos feitos pela crian\u00e7a e perceberam que havia algo errado. Eles denunciaram o caso e a Justi\u00e7a decretou a pris\u00e3o tempor\u00e1ria do pastor.<\/p>\n<p><strong>Superlota\u00e7\u00e3o<\/strong><\/p>\n<p>O Pres\u00eddio Alvorada possui capacidade para 262 presos, mas est\u00e1 com cerca de 600 detentos, de acordo com relat\u00f3rio do Conselho da Comunidade na Execu\u00e7\u00e3o Penal da Comarca de Montes Claros.<\/p>\n<p>O relat\u00f3rio foi entregue \u00e0 Justi\u00e7a no dia 30 de novembro. Nele o conselho relata que a situa\u00e7\u00e3o transforma o Pres\u00eddio Alvorada em um \u201cverdadeiro cen\u00e1rio de horrores\u201d, que possibilita a prolifera\u00e7\u00e3o de doen\u00e7as.<\/p>\n<p>Funcion\u00e1rios do pres\u00eddio, que n\u00e3o quiseram se identificar, relatam que atualmente presos que chegam \u00e0 unidade aguardam na sala de triagem enquanto s\u00e3o liberadas vagas em algumas das celas. &#8220;A qualquer momento pode ocorrer uma rebeli\u00e3o ou coisa pior&#8221;, diz um dos funcion\u00e1rios.<\/p>\n<p>Ainda no documento, o Conselho pede a desinterdi\u00e7\u00e3o do Pres\u00eddio Regional, que est\u00e1 impedido de receber presos desde maio deste ano. Atualmente o Regional est\u00e1 com cerca de 860 detentos; 432 a menos que na \u00e9poca da interdi\u00e7\u00e3o.<\/p>\n<p><img decoding=\"async\" src=\"http:\/\/aconteceunovale.com.br\/portal\/wp-content\/uploads\/2016\/12\/pastor_estuprador.jpeg\" alt=\"\" \/><em>Jo\u00e3o da Silva era pastor na igreja onde os abusos ocorreram (Foto: Michelly Oda\/G1)<\/em><br \/>\n<\/br><\/p>\n<p><em>(Fonte: G1 Grande Minas\/Valdivan Veloso)<\/em><\/p>\n","protected":false},"excerpt":{"rendered":"<p>O Tribunal de Justi\u00e7a de Minas Gerais (TJMG) concedeu liberdade provis\u00f3ria para o pastor Jo\u00e3o da Silva, investigado por suspeita de abusar de uma menina de cinco anos em Montes Claros. O motivo principal que fundamentou a decis\u00e3o do juiz Fausto Geraldo Ferreira Filho \u00e9 a superlota\u00e7\u00e3o do Pres\u00eddio Alvorada. Na decis\u00e3o, o juiz diz [&hellip;]<\/p>\n","protected":false},"author":1,"featured_media":103318,"comment_status":"open","ping_status":"closed","sticky":false,"template":"","format":"standard","meta":{"amp_status":"","footnotes":""},"categories":[1236],"tags":[128638,210,128641,120443,120446,120448,128640,120447,128639,270,92646],"class_list":["post-103317","post","type-post","status-publish","format-standard","has-post-thumbnail","hentry","category-norte_de_minas","tag-libertacao-do-pastor-joao-da-silva","tag-montes-claros","tag-pastor-acusado-de-estuprar-crianca-em-montes-claros-e-solto-por-superlotacao-de-presidio","tag-pastor-estuprador-de-montes-claros","tag-pastor-joao-da-silva","tag-pastor-joao-da-silva-e-preso-por-estupro","tag-pedro-bernabe","tag-prisao-do-pastor-joao-da-silva","tag-superlotacao-do-presidio-alvorada","tag-tjmg","tag-tribunal-de-justica-de-minas-gerais"],"yoast_head":"<!-- This site is optimized with the Yoast SEO plugin v28.3 - https:\/\/yoast.com\/product\/yoast-seo-wordpress\/ -->\n<title>Pastor acusado de estuprar crian\u00e7a em Montes Claros \u00e9 solto por superlota\u00e7\u00e3o de pres\u00eddio - Aconteceu no Vale<\/title>\n<meta name=\"robots\" content=\"index, follow, max-snippet:-1, max-image-preview:large, max-video-preview:-1\" \/>\n<link rel=\"canonical\" href=\"https:\/\/aconteceunovale.com.br\/portal\/?p=103317\" \/>\n<meta property=\"og:locale\" content=\"pt_BR\" \/>\n<meta property=\"og:type\" content=\"article\" \/>\n<meta property=\"og:title\" content=\"Pastor acusado de estuprar crian\u00e7a em Montes Claros \u00e9 solto por superlota\u00e7\u00e3o de pres\u00eddio - Aconteceu no Vale\" \/>\n<meta property=\"og:description\" content=\"O Tribunal de Justi\u00e7a de Minas Gerais (TJMG) concedeu liberdade provis\u00f3ria para o pastor Jo\u00e3o da Silva, investigado por suspeita de abusar de uma menina de cinco anos em Montes Claros. O motivo principal que fundamentou a decis\u00e3o do juiz Fausto Geraldo Ferreira Filho \u00e9 a superlota\u00e7\u00e3o do Pres\u00eddio Alvorada. Na decis\u00e3o, o juiz diz [&hellip;]\" \/>\n<meta property=\"og:url\" content=\"https:\/\/aconteceunovale.com.br\/portal\/?p=103317\" \/>\n<meta property=\"og:site_name\" content=\"Aconteceu no Vale\" \/>\n<meta property=\"article:publisher\" content=\"https:\/\/www.facebook.com\/aconteceunovale\/\" \/>\n<meta property=\"article:published_time\" content=\"2016-12-03T20:29:58+00:00\" \/>\n<meta property=\"og:image\" content=\"https:\/\/aconteceunovale.com.br\/portal\/wp-content\/uploads\/2016\/12\/pastor_estuprador.jpeg\" \/>\n\t<meta property=\"og:image:width\" content=\"600\" \/>\n\t<meta property=\"og:image:height\" content=\"450\" \/>\n\t<meta property=\"og:image:type\" content=\"image\/jpeg\" \/>\n<meta name=\"author\" content=\"Aconteceu no Vale\" \/>\n<meta name=\"twitter:card\" content=\"summary_large_image\" \/>\n<meta name=\"twitter:creator\" content=\"@noticiadosvales\" \/>\n<meta name=\"twitter:site\" content=\"@noticiadosvales\" \/>\n<meta name=\"twitter:label1\" content=\"Escrito por\" \/>\n\t<meta name=\"twitter:data1\" content=\"Aconteceu no Vale\" \/>\n\t<meta name=\"twitter:label2\" content=\"Est. tempo de leitura\" \/>\n\t<meta name=\"twitter:data2\" content=\"3 minutos\" \/>\n<script type=\"application\/ld+json\" class=\"yoast-schema-graph\">{\"@context\":\"https:\\\/\\\/schema.org\",\"@graph\":[{\"@type\":\"Article\",\"@id\":\"https:\\\/\\\/aconteceunovale.com.br\\\/portal\\\/?p=103317#article\",\"isPartOf\":{\"@id\":\"https:\\\/\\\/aconteceunovale.com.br\\\/portal\\\/?p=103317\"},\"author\":{\"name\":\"Aconteceu no Vale\",\"@id\":\"https:\\\/\\\/aconteceunovale.com.br\\\/portal\\\/#\\\/schema\\\/person\\\/633529146f2c94272bef50ac2953d589\"},\"headline\":\"Pastor acusado de estuprar crian\u00e7a em Montes Claros \u00e9 solto por superlota\u00e7\u00e3o de pres\u00eddio\",\"datePublished\":\"2016-12-03T20:29:58+00:00\",\"mainEntityOfPage\":{\"@id\":\"https:\\\/\\\/aconteceunovale.com.br\\\/portal\\\/?p=103317\"},\"wordCount\":532,\"commentCount\":0,\"image\":{\"@id\":\"https:\\\/\\\/aconteceunovale.com.br\\\/portal\\\/?p=103317#primaryimage\"},\"thumbnailUrl\":\"https:\\\/\\\/aconteceunovale.com.br\\\/portal\\\/wp-content\\\/uploads\\\/2016\\\/12\\\/pastor_estuprador.jpeg\",\"keywords\":[\"Liberta\u00e7\u00e3o do pastor Jo\u00e3o da Silva\",\"Montes Claros\",\"Pastor acusado de estuprar crian\u00e7a em Montes Claros \u00e9 solto por superlota\u00e7\u00e3o de pres\u00eddio\",\"Pastor estuprador de Montes Claros\",\"Pastor Jo\u00e3o da Silva\",\"Pastor Jo\u00e3o da Silva \u00e9 preso por estupro\",\"Pedro Bernab\u00e9\",\"Pris\u00e3o do Pastor Jo\u00e3o da Silva\",\"superlota\u00e7\u00e3o do Pres\u00eddio Alvorada\",\"TJMG\",\"Tribunal de Justi\u00e7a de Minas Gerais\"],\"articleSection\":[\"Norte de Minas\"],\"inLanguage\":\"pt-BR\",\"potentialAction\":[{\"@type\":\"CommentAction\",\"name\":\"Comment\",\"target\":[\"https:\\\/\\\/aconteceunovale.com.br\\\/portal\\\/?p=103317#respond\"]}]},{\"@type\":\"WebPage\",\"@id\":\"https:\\\/\\\/aconteceunovale.com.br\\\/portal\\\/?p=103317\",\"url\":\"https:\\\/\\\/aconteceunovale.com.br\\\/portal\\\/?p=103317\",\"name\":\"Pastor acusado de estuprar crian\u00e7a em Montes Claros \u00e9 solto por superlota\u00e7\u00e3o de pres\u00eddio - Aconteceu no Vale\",\"isPartOf\":{\"@id\":\"https:\\\/\\\/aconteceunovale.com.br\\\/portal\\\/#website\"},\"primaryImageOfPage\":{\"@id\":\"https:\\\/\\\/aconteceunovale.com.br\\\/portal\\\/?p=103317#primaryimage\"},\"image\":{\"@id\":\"https:\\\/\\\/aconteceunovale.com.br\\\/portal\\\/?p=103317#primaryimage\"},\"thumbnailUrl\":\"https:\\\/\\\/aconteceunovale.com.br\\\/portal\\\/wp-content\\\/uploads\\\/2016\\\/12\\\/pastor_estuprador.jpeg\",\"datePublished\":\"2016-12-03T20:29:58+00:00\",\"author\":{\"@id\":\"https:\\\/\\\/aconteceunovale.com.br\\\/portal\\\/#\\\/schema\\\/person\\\/633529146f2c94272bef50ac2953d589\"},\"breadcrumb\":{\"@id\":\"https:\\\/\\\/aconteceunovale.com.br\\\/portal\\\/?p=103317#breadcrumb\"},\"inLanguage\":\"pt-BR\",\"potentialAction\":[{\"@type\":\"ReadAction\",\"target\":[\"https:\\\/\\\/aconteceunovale.com.br\\\/portal\\\/?p=103317\"]}]},{\"@type\":\"ImageObject\",\"inLanguage\":\"pt-BR\",\"@id\":\"https:\\\/\\\/aconteceunovale.com.br\\\/portal\\\/?p=103317#primaryimage\",\"url\":\"https:\\\/\\\/aconteceunovale.com.br\\\/portal\\\/wp-content\\\/uploads\\\/2016\\\/12\\\/pastor_estuprador.jpeg\",\"contentUrl\":\"https:\\\/\\\/aconteceunovale.com.br\\\/portal\\\/wp-content\\\/uploads\\\/2016\\\/12\\\/pastor_estuprador.jpeg\",\"width\":600,\"height\":450},{\"@type\":\"BreadcrumbList\",\"@id\":\"https:\\\/\\\/aconteceunovale.com.br\\\/portal\\\/?p=103317#breadcrumb\",\"itemListElement\":[{\"@type\":\"ListItem\",\"position\":1,\"name\":\"In\u00edcio\",\"item\":\"https:\\\/\\\/aconteceunovale.com.br\\\/portal\\\/\"},{\"@type\":\"ListItem\",\"position\":2,\"name\":\"Pastor acusado de estuprar crian\u00e7a em Montes Claros \u00e9 solto por superlota\u00e7\u00e3o de pres\u00eddio\"}]},{\"@type\":\"WebSite\",\"@id\":\"https:\\\/\\\/aconteceunovale.com.br\\\/portal\\\/#website\",\"url\":\"https:\\\/\\\/aconteceunovale.com.br\\\/portal\\\/\",\"name\":\"Aconteceu no Vale\",\"description\":\"Portal de Not\u00edcias\",\"potentialAction\":[{\"@type\":\"SearchAction\",\"target\":{\"@type\":\"EntryPoint\",\"urlTemplate\":\"https:\\\/\\\/aconteceunovale.com.br\\\/portal\\\/?s={search_term_string}\"},\"query-input\":{\"@type\":\"PropertyValueSpecification\",\"valueRequired\":true,\"valueName\":\"search_term_string\"}}],\"inLanguage\":\"pt-BR\"},{\"@type\":\"Person\",\"@id\":\"https:\\\/\\\/aconteceunovale.com.br\\\/portal\\\/#\\\/schema\\\/person\\\/633529146f2c94272bef50ac2953d589\",\"name\":\"Aconteceu no Vale\",\"description\":\"Equipe de reportagem do Aconteceu no Vale, portal de not\u00edcias do Vale do Jequitinhonha, em Minas Gerais. Cobrimos as 51 cidades do Vale desde 2013. Sugest\u00f5es de pauta e pedidos de corre\u00e7\u00e3o: contato@aconteceunovale.com.br\",\"sameAs\":[\"http:\\\/\\\/www.aconteceunovale.com.br\"],\"url\":\"https:\\\/\\\/aconteceunovale.com.br\\\/portal\\\/?author=1\"}]}<\/script>\n<!-- \/ Yoast SEO plugin. -->","yoast_head_json":{"title":"Pastor acusado de estuprar crian\u00e7a em Montes Claros \u00e9 solto por superlota\u00e7\u00e3o de pres\u00eddio - Aconteceu no Vale","robots":{"index":"index","follow":"follow","max-snippet":"max-snippet:-1","max-image-preview":"max-image-preview:large","max-video-preview":"max-video-preview:-1"},"canonical":"https:\/\/aconteceunovale.com.br\/portal\/?p=103317","og_locale":"pt_BR","og_type":"article","og_title":"Pastor acusado de estuprar crian\u00e7a em Montes Claros \u00e9 solto por superlota\u00e7\u00e3o de pres\u00eddio - Aconteceu no Vale","og_description":"O Tribunal de Justi\u00e7a de Minas Gerais (TJMG) concedeu liberdade provis\u00f3ria para o pastor Jo\u00e3o da Silva, investigado por suspeita de abusar de uma menina de cinco anos em Montes Claros. O motivo principal que fundamentou a decis\u00e3o do juiz Fausto Geraldo Ferreira Filho \u00e9 a superlota\u00e7\u00e3o do Pres\u00eddio Alvorada. Na decis\u00e3o, o juiz diz [&hellip;]","og_url":"https:\/\/aconteceunovale.com.br\/portal\/?p=103317","og_site_name":"Aconteceu no Vale","article_publisher":"https:\/\/www.facebook.com\/aconteceunovale\/","article_published_time":"2016-12-03T20:29:58+00:00","og_image":[{"width":600,"height":450,"url":"https:\/\/aconteceunovale.com.br\/portal\/wp-content\/uploads\/2016\/12\/pastor_estuprador.jpeg","type":"image\/jpeg"}],"author":"Aconteceu no Vale","twitter_card":"summary_large_image","twitter_creator":"@noticiadosvales","twitter_site":"@noticiadosvales","twitter_misc":{"Escrito por":"Aconteceu no Vale","Est. tempo de leitura":"3 minutos"},"schema":{"@context":"https:\/\/schema.org","@graph":[{"@type":"Article","@id":"https:\/\/aconteceunovale.com.br\/portal\/?p=103317#article","isPartOf":{"@id":"https:\/\/aconteceunovale.com.br\/portal\/?p=103317"},"author":{"name":"Aconteceu no Vale","@id":"https:\/\/aconteceunovale.com.br\/portal\/#\/schema\/person\/633529146f2c94272bef50ac2953d589"},"headline":"Pastor acusado de estuprar crian\u00e7a em Montes Claros \u00e9 solto por superlota\u00e7\u00e3o de pres\u00eddio","datePublished":"2016-12-03T20:29:58+00:00","mainEntityOfPage":{"@id":"https:\/\/aconteceunovale.com.br\/portal\/?p=103317"},"wordCount":532,"commentCount":0,"image":{"@id":"https:\/\/aconteceunovale.com.br\/portal\/?p=103317#primaryimage"},"thumbnailUrl":"https:\/\/aconteceunovale.com.br\/portal\/wp-content\/uploads\/2016\/12\/pastor_estuprador.jpeg","keywords":["Liberta\u00e7\u00e3o do pastor Jo\u00e3o da Silva","Montes Claros","Pastor acusado de estuprar crian\u00e7a em Montes Claros \u00e9 solto por superlota\u00e7\u00e3o de pres\u00eddio","Pastor estuprador de Montes Claros","Pastor Jo\u00e3o da Silva","Pastor Jo\u00e3o da Silva \u00e9 preso por estupro","Pedro Bernab\u00e9","Pris\u00e3o do Pastor Jo\u00e3o da Silva","superlota\u00e7\u00e3o do Pres\u00eddio Alvorada","TJMG","Tribunal de Justi\u00e7a de Minas Gerais"],"articleSection":["Norte de Minas"],"inLanguage":"pt-BR","potentialAction":[{"@type":"CommentAction","name":"Comment","target":["https:\/\/aconteceunovale.com.br\/portal\/?p=103317#respond"]}]},{"@type":"WebPage","@id":"https:\/\/aconteceunovale.com.br\/portal\/?p=103317","url":"https:\/\/aconteceunovale.com.br\/portal\/?p=103317","name":"Pastor acusado de estuprar crian\u00e7a em Montes Claros \u00e9 solto por superlota\u00e7\u00e3o de pres\u00eddio - Aconteceu no Vale","isPartOf":{"@id":"https:\/\/aconteceunovale.com.br\/portal\/#website"},"primaryImageOfPage":{"@id":"https:\/\/aconteceunovale.com.br\/portal\/?p=103317#primaryimage"},"image":{"@id":"https:\/\/aconteceunovale.com.br\/portal\/?p=103317#primaryimage"},"thumbnailUrl":"https:\/\/aconteceunovale.com.br\/portal\/wp-content\/uploads\/2016\/12\/pastor_estuprador.jpeg","datePublished":"2016-12-03T20:29:58+00:00","author":{"@id":"https:\/\/aconteceunovale.com.br\/portal\/#\/schema\/person\/633529146f2c94272bef50ac2953d589"},"breadcrumb":{"@id":"https:\/\/aconteceunovale.com.br\/portal\/?p=103317#breadcrumb"},"inLanguage":"pt-BR","potentialAction":[{"@type":"ReadAction","target":["https:\/\/aconteceunovale.com.br\/portal\/?p=103317"]}]},{"@type":"ImageObject","inLanguage":"pt-BR","@id":"https:\/\/aconteceunovale.com.br\/portal\/?p=103317#primaryimage","url":"https:\/\/aconteceunovale.com.br\/portal\/wp-content\/uploads\/2016\/12\/pastor_estuprador.jpeg","contentUrl":"https:\/\/aconteceunovale.com.br\/portal\/wp-content\/uploads\/2016\/12\/pastor_estuprador.jpeg","width":600,"height":450},{"@type":"BreadcrumbList","@id":"https:\/\/aconteceunovale.com.br\/portal\/?p=103317#breadcrumb","itemListElement":[{"@type":"ListItem","position":1,"name":"In\u00edcio","item":"https:\/\/aconteceunovale.com.br\/portal\/"},{"@type":"ListItem","position":2,"name":"Pastor acusado de estuprar crian\u00e7a em Montes Claros \u00e9 solto por superlota\u00e7\u00e3o de pres\u00eddio"}]},{"@type":"WebSite","@id":"https:\/\/aconteceunovale.com.br\/portal\/#website","url":"https:\/\/aconteceunovale.com.br\/portal\/","name":"Aconteceu no Vale","description":"Portal de Not\u00edcias","potentialAction":[{"@type":"SearchAction","target":{"@type":"EntryPoint","urlTemplate":"https:\/\/aconteceunovale.com.br\/portal\/?s={search_term_string}"},"query-input":{"@type":"PropertyValueSpecification","valueRequired":true,"valueName":"search_term_string"}}],"inLanguage":"pt-BR"},{"@type":"Person","@id":"https:\/\/aconteceunovale.com.br\/portal\/#\/schema\/person\/633529146f2c94272bef50ac2953d589","name":"Aconteceu no Vale","description":"Equipe de reportagem do Aconteceu no Vale, portal de not\u00edcias do Vale do Jequitinhonha, em Minas Gerais. Cobrimos as 51 cidades do Vale desde 2013. Sugest\u00f5es de pauta e pedidos de corre\u00e7\u00e3o: contato@aconteceunovale.com.br","sameAs":["http:\/\/www.aconteceunovale.com.br"],"url":"https:\/\/aconteceunovale.com.br\/portal\/?author=1"}]}},"_links":{"self":[{"href":"https:\/\/aconteceunovale.com.br\/portal\/index.php?rest_route=\/wp\/v2\/posts\/103317","targetHints":{"allow":["GET"]}}],"collection":[{"href":"https:\/\/aconteceunovale.com.br\/portal\/index.php?rest_route=\/wp\/v2\/posts"}],"about":[{"href":"https:\/\/aconteceunovale.com.br\/portal\/index.php?rest_route=\/wp\/v2\/types\/post"}],"author":[{"embeddable":true,"href":"https:\/\/aconteceunovale.com.br\/portal\/index.php?rest_route=\/wp\/v2\/users\/1"}],"replies":[{"embeddable":true,"href":"https:\/\/aconteceunovale.com.br\/portal\/index.php?rest_route=%2Fwp%2Fv2%2Fcomments&post=103317"}],"version-history":[{"count":0,"href":"https:\/\/aconteceunovale.com.br\/portal\/index.php?rest_route=\/wp\/v2\/posts\/103317\/revisions"}],"wp:featuredmedia":[{"embeddable":true,"href":"https:\/\/aconteceunovale.com.br\/portal\/index.php?rest_route=\/wp\/v2\/media\/103318"}],"wp:attachment":[{"href":"https:\/\/aconteceunovale.com.br\/portal\/index.php?rest_route=%2Fwp%2Fv2%2Fmedia&parent=103317"}],"wp:term":[{"taxonomy":"category","embeddable":true,"href":"https:\/\/aconteceunovale.com.br\/portal\/index.php?rest_route=%2Fwp%2Fv2%2Fcategories&post=103317"},{"taxonomy":"post_tag","embeddable":true,"href":"https:\/\/aconteceunovale.com.br\/portal\/index.php?rest_route=%2Fwp%2Fv2%2Ftags&post=103317"}],"curies":[{"name":"wp","href":"https:\/\/api.w.org\/{rel}","templated":true}]}}