{"id":103306,"date":"2016-12-03T16:33:03","date_gmt":"2016-12-03T18:33:03","guid":{"rendered":"http:\/\/aconteceunovale.com.br\/portal\/?p=103306"},"modified":"2016-12-03T16:33:03","modified_gmt":"2016-12-03T18:33:03","slug":"abelhas-atacam-moradores-em-bairro-de-governador-valadares","status":"publish","type":"post","link":"https:\/\/aconteceunovale.com.br\/portal\/?p=103306","title":{"rendered":"Abelhas atacam moradores em bairro de Governador Valadares"},"content":{"rendered":"<p>Uma pessoa foi hospitalizada e outras ficaram feridas ap\u00f3s o ataque de abelhas em Governador Valadares, no Vale do Rio Doce, na manh\u00e3 de quinta-feira (1\u00ba de dezembro de 2016). O enxame estava dentro de uma resid\u00eancia no bairro Santo Ant\u00f4nio.<\/p>\n<p>O ataque come\u00e7ou por volta das 11h, na rua 2, quando a assessora parlamentar Raimunda Fernandes, 51 anos, foi investigar um mau cheiro que vinha do terra\u00e7o da casa em que mora. \u201cPor ser um lugar isolado e em constru\u00e7\u00e3o, n\u00e3o costumava ir com frequ\u00eancia. Mas quando senti o cheiro, fui l\u00e1 conferir e notei que vinha de dentro de um cano fechado. Quando bati nele e comecei a limpar, ca\u00edram muitas abelhas mortas\u201d, relata Raimunda. \u201cAs abelhas vivas juntaram em mim, no meu neto de onze anos e em muita gente na rua\u201d.<\/p>\n<p><img decoding=\"async\" src=\"http:\/\/aconteceunovale.com.br\/portal\/wp-content\/uploads\/2016\/12\/abelhas_gv_1.jpeg\" alt=\"\" \/><em>Muito mel foi encontrado no local (Foto: Divulga\u00e7\u00e3o\/Bombeiros)<\/em><br \/>\n<\/br><\/p>\n<p>Raimunda conta que saiu \u00e0s pressas da resid\u00eancia com o neto e acionou o Corpo de Bombeiros. Os vizinhos da assessora tamb\u00e9m foram feridos.  Uma dona de casa chegou a ser ferroada diversas vezes e precisou ser encaminhada ao Hospital Municipal de Governador Valadares. A mulher se queixava de fortes dores de cabe\u00e7a. Ela foi medicada e recebeu alta no mesmo dia, informou a unidade de sa\u00fade.<\/p>\n<p>\u201cAs abelhas tamb\u00e9m atacaram o cachorro e algumas galinhas do vizinho. Foi terr\u00edvel e causou um grande preju\u00edzo\u201d, diz Raimunda.<\/p>\n<p>Duas viaturas do Corpo de Bombeiros foram acionadas para dispersar os insetos. Os militarem vestiram roupas de prote\u00e7\u00e3o durante a a\u00e7\u00e3o, que contou com aux\u00edlio de um apicultor da cidade. O enxame foi capturado com uma armadilha que prendeu a abelha rainha em uma caixa.<\/p>\n<p>As abelhas foram levadas para um s\u00edtio do apicultor no munic\u00edpio de Marilac, a 60 quil\u00f4metros de Governador Valadares. Muito mel foi localizado no esconderijo das abelhas, indicou os militares.<\/p>\n<p><img decoding=\"async\" src=\"http:\/\/aconteceunovale.com.br\/portal\/wp-content\/uploads\/2016\/12\/abelhas_gv_2.jpeg\" alt=\"\" \/><em>Muito mel foi encontrado no local (Foto: Divulga\u00e7\u00e3o\/Bombeiros)<\/em><br \/>\n<\/br><\/p>\n<p><img decoding=\"async\" src=\"http:\/\/aconteceunovale.com.br\/portal\/wp-content\/uploads\/2016\/12\/abelhas_gv_3.jpeg\" alt=\"\" \/><em>Muito mel foi encontrado no local (Foto: Divulga\u00e7\u00e3o\/Bombeiros)<\/em><br \/>\n<\/br><\/p>\n<p><em>(Fonte: O Tempo)<\/em><\/p>\n","protected":false},"excerpt":{"rendered":"<p>Uma pessoa foi hospitalizada e outras ficaram feridas ap\u00f3s o ataque de abelhas em Governador Valadares, no Vale do Rio Doce, na manh\u00e3 de quinta-feira (1\u00ba de dezembro de 2016). O enxame estava dentro de uma resid\u00eancia no bairro Santo Ant\u00f4nio. O ataque come\u00e7ou por volta das 11h, na rua 2, quando a assessora parlamentar [&hellip;]<\/p>\n","protected":false},"author":1,"featured_media":103307,"comment_status":"open","ping_status":"closed","sticky":false,"template":"","format":"standard","meta":{"amp_status":"","footnotes":""},"categories":[121],"tags":[128618,80963,83431,128619,128620,128621,247,300,128622],"class_list":["post-103306","post","type-post","status-publish","format-standard","has-post-thumbnail","hentry","category-leste","tag-abelhas-atacam-moradores-em-bairro-de-governador-valadares","tag-abelhas-governador-valadares","tag-ataque-de-abelhas-em-governador-valadares","tag-ataque-de-abelhas-governador-valadares","tag-ataque-de-enxame-de-abelhas-governador-valadares","tag-enxame-de-abelhas-governador-valadares","tag-governador-valadares","tag-marilac","tag-raimunda-fernandes"],"yoast_head":"<!-- This site is optimized with the Yoast SEO plugin v28.3 - https:\/\/yoast.com\/product\/yoast-seo-wordpress\/ -->\n<title>Abelhas atacam moradores em bairro de Governador Valadares - Aconteceu no Vale<\/title>\n<meta name=\"robots\" content=\"index, follow, max-snippet:-1, max-image-preview:large, max-video-preview:-1\" \/>\n<link rel=\"canonical\" href=\"https:\/\/aconteceunovale.com.br\/portal\/?p=103306\" \/>\n<meta property=\"og:locale\" content=\"pt_BR\" \/>\n<meta property=\"og:type\" content=\"article\" \/>\n<meta property=\"og:title\" content=\"Abelhas atacam moradores em bairro de Governador Valadares - Aconteceu no Vale\" \/>\n<meta property=\"og:description\" content=\"Uma pessoa foi hospitalizada e outras ficaram feridas ap\u00f3s o ataque de abelhas em Governador Valadares, no Vale do Rio Doce, na manh\u00e3 de quinta-feira (1\u00ba de dezembro de 2016). O enxame estava dentro de uma resid\u00eancia no bairro Santo Ant\u00f4nio. O ataque come\u00e7ou por volta das 11h, na rua 2, quando a assessora parlamentar [&hellip;]\" \/>\n<meta property=\"og:url\" content=\"https:\/\/aconteceunovale.com.br\/portal\/?p=103306\" \/>\n<meta property=\"og:site_name\" content=\"Aconteceu no Vale\" \/>\n<meta property=\"article:publisher\" content=\"https:\/\/www.facebook.com\/aconteceunovale\/\" \/>\n<meta property=\"article:published_time\" content=\"2016-12-03T18:33:03+00:00\" \/>\n<meta property=\"og:image\" content=\"https:\/\/aconteceunovale.com.br\/portal\/wp-content\/uploads\/2016\/12\/abelhas_gv_1.jpeg\" \/>\n\t<meta property=\"og:image:width\" content=\"620\" \/>\n\t<meta property=\"og:image:height\" content=\"413\" \/>\n\t<meta property=\"og:image:type\" content=\"image\/jpeg\" \/>\n<meta name=\"author\" content=\"Aconteceu no Vale\" \/>\n<meta name=\"twitter:card\" content=\"summary_large_image\" \/>\n<meta name=\"twitter:creator\" content=\"@noticiadosvales\" \/>\n<meta name=\"twitter:site\" content=\"@noticiadosvales\" \/>\n<meta name=\"twitter:label1\" content=\"Escrito por\" \/>\n\t<meta name=\"twitter:data1\" content=\"Aconteceu no Vale\" \/>\n\t<meta name=\"twitter:label2\" content=\"Est. tempo de leitura\" \/>\n\t<meta name=\"twitter:data2\" content=\"2 minutos\" \/>\n<script type=\"application\/ld+json\" class=\"yoast-schema-graph\">{\"@context\":\"https:\\\/\\\/schema.org\",\"@graph\":[{\"@type\":\"Article\",\"@id\":\"https:\\\/\\\/aconteceunovale.com.br\\\/portal\\\/?p=103306#article\",\"isPartOf\":{\"@id\":\"https:\\\/\\\/aconteceunovale.com.br\\\/portal\\\/?p=103306\"},\"author\":{\"name\":\"Aconteceu no Vale\",\"@id\":\"https:\\\/\\\/aconteceunovale.com.br\\\/portal\\\/#\\\/schema\\\/person\\\/633529146f2c94272bef50ac2953d589\"},\"headline\":\"Abelhas atacam moradores em bairro de Governador Valadares\",\"datePublished\":\"2016-12-03T18:33:03+00:00\",\"mainEntityOfPage\":{\"@id\":\"https:\\\/\\\/aconteceunovale.com.br\\\/portal\\\/?p=103306\"},\"wordCount\":355,\"commentCount\":0,\"image\":{\"@id\":\"https:\\\/\\\/aconteceunovale.com.br\\\/portal\\\/?p=103306#primaryimage\"},\"thumbnailUrl\":\"https:\\\/\\\/aconteceunovale.com.br\\\/portal\\\/wp-content\\\/uploads\\\/2016\\\/12\\\/abelhas_gv_1.jpeg\",\"keywords\":[\"Abelhas atacam moradores em bairro de Governador Valadares\",\"Abelhas Governador Valadares\",\"ataque de abelhas em Governador Valadares\",\"Ataque de abelhas Governador Valadares\",\"Ataque de enxame de abelhas Governador Valadares\",\"Enxame de abelhas Governador Valadares\",\"Governador Valadares\",\"Marilac\",\"Raimunda Fernandes\"],\"articleSection\":[\"Leste de Minas\"],\"inLanguage\":\"pt-BR\",\"potentialAction\":[{\"@type\":\"CommentAction\",\"name\":\"Comment\",\"target\":[\"https:\\\/\\\/aconteceunovale.com.br\\\/portal\\\/?p=103306#respond\"]}]},{\"@type\":\"WebPage\",\"@id\":\"https:\\\/\\\/aconteceunovale.com.br\\\/portal\\\/?p=103306\",\"url\":\"https:\\\/\\\/aconteceunovale.com.br\\\/portal\\\/?p=103306\",\"name\":\"Abelhas atacam moradores em bairro de Governador Valadares - Aconteceu no Vale\",\"isPartOf\":{\"@id\":\"https:\\\/\\\/aconteceunovale.com.br\\\/portal\\\/#website\"},\"primaryImageOfPage\":{\"@id\":\"https:\\\/\\\/aconteceunovale.com.br\\\/portal\\\/?p=103306#primaryimage\"},\"image\":{\"@id\":\"https:\\\/\\\/aconteceunovale.com.br\\\/portal\\\/?p=103306#primaryimage\"},\"thumbnailUrl\":\"https:\\\/\\\/aconteceunovale.com.br\\\/portal\\\/wp-content\\\/uploads\\\/2016\\\/12\\\/abelhas_gv_1.jpeg\",\"datePublished\":\"2016-12-03T18:33:03+00:00\",\"author\":{\"@id\":\"https:\\\/\\\/aconteceunovale.com.br\\\/portal\\\/#\\\/schema\\\/person\\\/633529146f2c94272bef50ac2953d589\"},\"breadcrumb\":{\"@id\":\"https:\\\/\\\/aconteceunovale.com.br\\\/portal\\\/?p=103306#breadcrumb\"},\"inLanguage\":\"pt-BR\",\"potentialAction\":[{\"@type\":\"ReadAction\",\"target\":[\"https:\\\/\\\/aconteceunovale.com.br\\\/portal\\\/?p=103306\"]}]},{\"@type\":\"ImageObject\",\"inLanguage\":\"pt-BR\",\"@id\":\"https:\\\/\\\/aconteceunovale.com.br\\\/portal\\\/?p=103306#primaryimage\",\"url\":\"https:\\\/\\\/aconteceunovale.com.br\\\/portal\\\/wp-content\\\/uploads\\\/2016\\\/12\\\/abelhas_gv_1.jpeg\",\"contentUrl\":\"https:\\\/\\\/aconteceunovale.com.br\\\/portal\\\/wp-content\\\/uploads\\\/2016\\\/12\\\/abelhas_gv_1.jpeg\",\"width\":620,\"height\":413},{\"@type\":\"BreadcrumbList\",\"@id\":\"https:\\\/\\\/aconteceunovale.com.br\\\/portal\\\/?p=103306#breadcrumb\",\"itemListElement\":[{\"@type\":\"ListItem\",\"position\":1,\"name\":\"In\u00edcio\",\"item\":\"https:\\\/\\\/aconteceunovale.com.br\\\/portal\\\/\"},{\"@type\":\"ListItem\",\"position\":2,\"name\":\"Abelhas atacam moradores em bairro de Governador Valadares\"}]},{\"@type\":\"WebSite\",\"@id\":\"https:\\\/\\\/aconteceunovale.com.br\\\/portal\\\/#website\",\"url\":\"https:\\\/\\\/aconteceunovale.com.br\\\/portal\\\/\",\"name\":\"Aconteceu no Vale\",\"description\":\"Portal de Not\u00edcias\",\"potentialAction\":[{\"@type\":\"SearchAction\",\"target\":{\"@type\":\"EntryPoint\",\"urlTemplate\":\"https:\\\/\\\/aconteceunovale.com.br\\\/portal\\\/?s={search_term_string}\"},\"query-input\":{\"@type\":\"PropertyValueSpecification\",\"valueRequired\":true,\"valueName\":\"search_term_string\"}}],\"inLanguage\":\"pt-BR\"},{\"@type\":\"Person\",\"@id\":\"https:\\\/\\\/aconteceunovale.com.br\\\/portal\\\/#\\\/schema\\\/person\\\/633529146f2c94272bef50ac2953d589\",\"name\":\"Aconteceu no Vale\",\"description\":\"Equipe de reportagem do Aconteceu no Vale, portal de not\u00edcias do Vale do Jequitinhonha, em Minas Gerais. Cobrimos as 51 cidades do Vale desde 2013. Sugest\u00f5es de pauta e pedidos de corre\u00e7\u00e3o: contato@aconteceunovale.com.br\",\"sameAs\":[\"http:\\\/\\\/www.aconteceunovale.com.br\"],\"url\":\"https:\\\/\\\/aconteceunovale.com.br\\\/portal\\\/?author=1\"}]}<\/script>\n<!-- \/ Yoast SEO plugin. -->","yoast_head_json":{"title":"Abelhas atacam moradores em bairro de Governador Valadares - Aconteceu no Vale","robots":{"index":"index","follow":"follow","max-snippet":"max-snippet:-1","max-image-preview":"max-image-preview:large","max-video-preview":"max-video-preview:-1"},"canonical":"https:\/\/aconteceunovale.com.br\/portal\/?p=103306","og_locale":"pt_BR","og_type":"article","og_title":"Abelhas atacam moradores em bairro de Governador Valadares - Aconteceu no Vale","og_description":"Uma pessoa foi hospitalizada e outras ficaram feridas ap\u00f3s o ataque de abelhas em Governador Valadares, no Vale do Rio Doce, na manh\u00e3 de quinta-feira (1\u00ba de dezembro de 2016). O enxame estava dentro de uma resid\u00eancia no bairro Santo Ant\u00f4nio. O ataque come\u00e7ou por volta das 11h, na rua 2, quando a assessora parlamentar [&hellip;]","og_url":"https:\/\/aconteceunovale.com.br\/portal\/?p=103306","og_site_name":"Aconteceu no Vale","article_publisher":"https:\/\/www.facebook.com\/aconteceunovale\/","article_published_time":"2016-12-03T18:33:03+00:00","og_image":[{"width":620,"height":413,"url":"https:\/\/aconteceunovale.com.br\/portal\/wp-content\/uploads\/2016\/12\/abelhas_gv_1.jpeg","type":"image\/jpeg"}],"author":"Aconteceu no Vale","twitter_card":"summary_large_image","twitter_creator":"@noticiadosvales","twitter_site":"@noticiadosvales","twitter_misc":{"Escrito por":"Aconteceu no Vale","Est. tempo de leitura":"2 minutos"},"schema":{"@context":"https:\/\/schema.org","@graph":[{"@type":"Article","@id":"https:\/\/aconteceunovale.com.br\/portal\/?p=103306#article","isPartOf":{"@id":"https:\/\/aconteceunovale.com.br\/portal\/?p=103306"},"author":{"name":"Aconteceu no Vale","@id":"https:\/\/aconteceunovale.com.br\/portal\/#\/schema\/person\/633529146f2c94272bef50ac2953d589"},"headline":"Abelhas atacam moradores em bairro de Governador Valadares","datePublished":"2016-12-03T18:33:03+00:00","mainEntityOfPage":{"@id":"https:\/\/aconteceunovale.com.br\/portal\/?p=103306"},"wordCount":355,"commentCount":0,"image":{"@id":"https:\/\/aconteceunovale.com.br\/portal\/?p=103306#primaryimage"},"thumbnailUrl":"https:\/\/aconteceunovale.com.br\/portal\/wp-content\/uploads\/2016\/12\/abelhas_gv_1.jpeg","keywords":["Abelhas atacam moradores em bairro de Governador Valadares","Abelhas Governador Valadares","ataque de abelhas em Governador Valadares","Ataque de abelhas Governador Valadares","Ataque de enxame de abelhas Governador Valadares","Enxame de abelhas Governador Valadares","Governador Valadares","Marilac","Raimunda Fernandes"],"articleSection":["Leste de Minas"],"inLanguage":"pt-BR","potentialAction":[{"@type":"CommentAction","name":"Comment","target":["https:\/\/aconteceunovale.com.br\/portal\/?p=103306#respond"]}]},{"@type":"WebPage","@id":"https:\/\/aconteceunovale.com.br\/portal\/?p=103306","url":"https:\/\/aconteceunovale.com.br\/portal\/?p=103306","name":"Abelhas atacam moradores em bairro de Governador Valadares - Aconteceu no Vale","isPartOf":{"@id":"https:\/\/aconteceunovale.com.br\/portal\/#website"},"primaryImageOfPage":{"@id":"https:\/\/aconteceunovale.com.br\/portal\/?p=103306#primaryimage"},"image":{"@id":"https:\/\/aconteceunovale.com.br\/portal\/?p=103306#primaryimage"},"thumbnailUrl":"https:\/\/aconteceunovale.com.br\/portal\/wp-content\/uploads\/2016\/12\/abelhas_gv_1.jpeg","datePublished":"2016-12-03T18:33:03+00:00","author":{"@id":"https:\/\/aconteceunovale.com.br\/portal\/#\/schema\/person\/633529146f2c94272bef50ac2953d589"},"breadcrumb":{"@id":"https:\/\/aconteceunovale.com.br\/portal\/?p=103306#breadcrumb"},"inLanguage":"pt-BR","potentialAction":[{"@type":"ReadAction","target":["https:\/\/aconteceunovale.com.br\/portal\/?p=103306"]}]},{"@type":"ImageObject","inLanguage":"pt-BR","@id":"https:\/\/aconteceunovale.com.br\/portal\/?p=103306#primaryimage","url":"https:\/\/aconteceunovale.com.br\/portal\/wp-content\/uploads\/2016\/12\/abelhas_gv_1.jpeg","contentUrl":"https:\/\/aconteceunovale.com.br\/portal\/wp-content\/uploads\/2016\/12\/abelhas_gv_1.jpeg","width":620,"height":413},{"@type":"BreadcrumbList","@id":"https:\/\/aconteceunovale.com.br\/portal\/?p=103306#breadcrumb","itemListElement":[{"@type":"ListItem","position":1,"name":"In\u00edcio","item":"https:\/\/aconteceunovale.com.br\/portal\/"},{"@type":"ListItem","position":2,"name":"Abelhas atacam moradores em bairro de Governador Valadares"}]},{"@type":"WebSite","@id":"https:\/\/aconteceunovale.com.br\/portal\/#website","url":"https:\/\/aconteceunovale.com.br\/portal\/","name":"Aconteceu no Vale","description":"Portal de Not\u00edcias","potentialAction":[{"@type":"SearchAction","target":{"@type":"EntryPoint","urlTemplate":"https:\/\/aconteceunovale.com.br\/portal\/?s={search_term_string}"},"query-input":{"@type":"PropertyValueSpecification","valueRequired":true,"valueName":"search_term_string"}}],"inLanguage":"pt-BR"},{"@type":"Person","@id":"https:\/\/aconteceunovale.com.br\/portal\/#\/schema\/person\/633529146f2c94272bef50ac2953d589","name":"Aconteceu no Vale","description":"Equipe de reportagem do Aconteceu no Vale, portal de not\u00edcias do Vale do Jequitinhonha, em Minas Gerais. Cobrimos as 51 cidades do Vale desde 2013. Sugest\u00f5es de pauta e pedidos de corre\u00e7\u00e3o: contato@aconteceunovale.com.br","sameAs":["http:\/\/www.aconteceunovale.com.br"],"url":"https:\/\/aconteceunovale.com.br\/portal\/?author=1"}]}},"_links":{"self":[{"href":"https:\/\/aconteceunovale.com.br\/portal\/index.php?rest_route=\/wp\/v2\/posts\/103306","targetHints":{"allow":["GET"]}}],"collection":[{"href":"https:\/\/aconteceunovale.com.br\/portal\/index.php?rest_route=\/wp\/v2\/posts"}],"about":[{"href":"https:\/\/aconteceunovale.com.br\/portal\/index.php?rest_route=\/wp\/v2\/types\/post"}],"author":[{"embeddable":true,"href":"https:\/\/aconteceunovale.com.br\/portal\/index.php?rest_route=\/wp\/v2\/users\/1"}],"replies":[{"embeddable":true,"href":"https:\/\/aconteceunovale.com.br\/portal\/index.php?rest_route=%2Fwp%2Fv2%2Fcomments&post=103306"}],"version-history":[{"count":0,"href":"https:\/\/aconteceunovale.com.br\/portal\/index.php?rest_route=\/wp\/v2\/posts\/103306\/revisions"}],"wp:featuredmedia":[{"embeddable":true,"href":"https:\/\/aconteceunovale.com.br\/portal\/index.php?rest_route=\/wp\/v2\/media\/103307"}],"wp:attachment":[{"href":"https:\/\/aconteceunovale.com.br\/portal\/index.php?rest_route=%2Fwp%2Fv2%2Fmedia&parent=103306"}],"wp:term":[{"taxonomy":"category","embeddable":true,"href":"https:\/\/aconteceunovale.com.br\/portal\/index.php?rest_route=%2Fwp%2Fv2%2Fcategories&post=103306"},{"taxonomy":"post_tag","embeddable":true,"href":"https:\/\/aconteceunovale.com.br\/portal\/index.php?rest_route=%2Fwp%2Fv2%2Ftags&post=103306"}],"curies":[{"name":"wp","href":"https:\/\/api.w.org\/{rel}","templated":true}]}}