{"id":103300,"date":"2016-12-02T21:32:11","date_gmt":"2016-12-02T23:32:11","guid":{"rendered":"http:\/\/aconteceunovale.com.br\/portal\/?p=103300"},"modified":"2026-09-02T12:39:26","modified_gmt":"2026-09-02T15:39:26","slug":"policia-prende-suspeito-de-crime-brutal-na-zona-rural-de-carbonita-no-vale-do-jequitinhonha-2","status":"publish","type":"post","link":"https:\/\/aconteceunovale.com.br\/portal\/?p=103300","title":{"rendered":"Pol\u00edcia prende suspeito de crime brutal na zona rural de Carbonita, no Vale do Jequitinhonha"},"content":{"rendered":"<p>Uma opera\u00e7\u00e3o envolvendo as pol\u00edcias Militar e Civil das cidades de Bocaiuva, Carbonita e Olhos D&#8217;\u00e1gua prendeu na noite desta sexta-feira (02\/12\/2016) o principal suspeito de matar a ex-mulher e a ex-sogra. O crime ocorreu na zona rural do munic\u00edpio de Carbonita, em uma propriedade nas proximidades do distrito de Monte Belo, regi\u00e3o do Vale do Jequitinhonha, no \u00faltimo fim de semana. As v\u00edtimas foram assassinadas e jogadas em uma fossa. Roberto Adriano de Souza Ara\u00fajo, de 35 anos, ainda feriu o ex-sogro durante a a\u00e7\u00e3o.<\/p>\n<p>Inicialmente os policiais de Bocaiuva receberam a den\u00fancia, que informava que o suspeito do crime estaria escondido em uma casa em Olhos D&#8217;\u00e1gua, cidades no Norte de Minas. Os policiais fizeram contato com os demais pelot\u00f5es e com a justi\u00e7a de Carbonita, que expediu mandado de pris\u00e3o contra o autor.<\/p>\n<p>Roberto Adriano foi encontrado na resid\u00eancia, localizada na \u00e1rea urbana de Olhos D&#8217;\u00e1gua e n\u00e3o ofereceu resist\u00eancia \u00e0 pris\u00e3o. O autor chegou a confessar, segundo a PM, o crime aos militares. Ele foi conduzido \u00e0 delegacia de Montes Claros, onde at\u00e9 a manh\u00e3 deste s\u00e1bado (3) permanecia para ser ouvido.<\/p>\n<p><img decoding=\"async\" src=\"http:\/\/aconteceunovale.com.br\/portal\/wp-content\/uploads\/2016\/12\/capturado_carbonita.jpg\" alt=\"\" \/><em>Roberto Adriano foi preso em Olhos D&#8217;\u00c1gua (Foto: Divulga\u00e7\u00e3o)<\/em><br \/>\n<\/br><\/p>\n<p><strong>Relembre<\/strong><\/p>\n<p>Roberto Adriano \u00e9 acusado de agredir a ex-companheira e os ex-sogros. As duas mulheres n\u00e3o resistiram aos graves ferimentos e foram encontradas mortas dentro de uma fossa s\u00e9ptica. O crime aconteceu em uma propriedade rural na regi\u00e3o do distrito de Monte Belo, no munic\u00edpio de Carbonita. <\/p>\n<p>O duplo homic\u00eddio teria ocorrido na noite de s\u00e1bado (26\/11\/2016) para domingo (27) e chocou a popula\u00e7\u00e3o de Carbonita e munic\u00edpios circunvizinhos. O ex-sogro do suspeito foi socorrido com vida e encaminhado em estado grave para um hospital.<\/p>\n<p>As primeiras informa\u00e7\u00f5es d\u00e3o conta de que Roberto cometeu o crime na presen\u00e7a de uma filha. A menina foi amarrada e solta em uma chapada na estrada que liga o distrito a sede do munic\u00edpio. <\/p>\n<p>Roberto Adriano tamb\u00e9m \u00e9 suspeito de abusar sexualmente da crian\u00e7a. Segundo informa\u00e7\u00f5es, a fam\u00edlia estava sendo acompanhada pelo Conselho Tutelar de Carbonita devido a suspeita de estupro.<\/p>\n<p><img decoding=\"async\" src=\"http:\/\/aconteceunovale.com.br\/portal\/wp-content\/uploads\/2016\/12\/preso_carbonita_1.jpg\" alt=\"\" \/><img decoding=\"async\" src=\"http:\/\/aconteceunovale.com.br\/portal\/wp-content\/uploads\/2016\/12\/preso_carbonita_2.jpg\" alt=\"\" \/><em>Roberto Adriano foi preso em Olhos D&#8217;\u00c1gua (Foto: Divulga\u00e7\u00e3o)<\/em><br \/>\n<\/br><\/p>\n<p><em>(Com informa\u00e7\u00f5es do G1 Grande Minas e Aconteceu no Vale)<\/em><\/p>\n","protected":false},"excerpt":{"rendered":"<p>Uma opera\u00e7\u00e3o envolvendo as pol\u00edcias Militar e Civil das cidades de Bocaiuva, Carbonita e Olhos D&#8217;\u00e1gua prendeu na noite desta sexta-feira (02\/12\/2016) o principal suspeito de matar a ex-mulher e a ex-sogra. O crime ocorreu na zona rural do munic\u00edpio de Carbonita, em uma propriedade nas proximidades do distrito de Monte Belo, regi\u00e3o do Vale [&hellip;]<\/p>\n","protected":false},"author":1,"featured_media":103331,"comment_status":"open","ping_status":"closed","sticky":false,"template":"","format":"standard","meta":{"amp_status":"","footnotes":""},"categories":[272537,1236,120],"tags":[127636,127641,557,127635,127648,127647,1018,127638,127645,127646,127637,127644,41270,127640,127643,127639,127642,127725,127724,127927],"class_list":["post-103300","post","type-post","status-publish","format-standard","has-post-thumbnail","hentry","category-carbonita","category-norte_de_minas","category-jequi","tag-assassinatos-carbonita","tag-assassinatos-monte-belo","tag-carbonita","tag-crime-barbaro-choca-populacao-de-carbonita","tag-crime-barbaro-em-carbonita","tag-crime-barbaro-em-monte-belo","tag-destaque","tag-duplo-homicidio-carbonita","tag-duplo-homicidio-monte-belo","tag-homem-mata-esposa-e-a-sogra-em-carbonita","tag-homicidios-carbonita","tag-homicidios-monte-belo","tag-monte-belo","tag-mortes-em-carbonita","tag-mortes-monte-belo","tag-mortos-em-carbonita","tag-mortos-monte-belo","tag-policia-procura-homem-suspeito-de-crime-barbaro-no-municipio-de-carbonita","tag-roberto-adriano","tag-roberto-adriano-de-souza-araujo"],"yoast_head":"<!-- This site is optimized with the Yoast SEO plugin v28.3 - https:\/\/yoast.com\/product\/yoast-seo-wordpress\/ -->\n<title>Pol\u00edcia prende suspeito de crime brutal na zona rural de Carbonita, no Vale do Jequitinhonha - Aconteceu no Vale<\/title>\n<meta name=\"robots\" content=\"index, follow, max-snippet:-1, max-image-preview:large, max-video-preview:-1\" \/>\n<link rel=\"canonical\" href=\"https:\/\/aconteceunovale.com.br\/portal\/?p=103300\" \/>\n<meta property=\"og:locale\" content=\"pt_BR\" \/>\n<meta property=\"og:type\" content=\"article\" \/>\n<meta property=\"og:title\" content=\"Pol\u00edcia prende suspeito de crime brutal na zona rural de Carbonita, no Vale do Jequitinhonha - Aconteceu no Vale\" \/>\n<meta property=\"og:description\" content=\"Uma opera\u00e7\u00e3o envolvendo as pol\u00edcias Militar e Civil das cidades de Bocaiuva, Carbonita e Olhos D&#8217;\u00e1gua prendeu na noite desta sexta-feira (02\/12\/2016) o principal suspeito de matar a ex-mulher e a ex-sogra. O crime ocorreu na zona rural do munic\u00edpio de Carbonita, em uma propriedade nas proximidades do distrito de Monte Belo, regi\u00e3o do Vale [&hellip;]\" \/>\n<meta property=\"og:url\" content=\"https:\/\/aconteceunovale.com.br\/portal\/?p=103300\" \/>\n<meta property=\"og:site_name\" content=\"Aconteceu no Vale\" \/>\n<meta property=\"article:publisher\" content=\"https:\/\/www.facebook.com\/aconteceunovale\/\" \/>\n<meta property=\"article:published_time\" content=\"2016-12-02T23:32:11+00:00\" \/>\n<meta property=\"article:modified_time\" content=\"2026-09-02T15:39:26+00:00\" \/>\n<meta property=\"og:image\" content=\"https:\/\/aconteceunovale.com.br\/portal\/wp-content\/uploads\/2016\/12\/capturado_carbonita.jpg\" \/>\n\t<meta property=\"og:image:width\" content=\"678\" \/>\n\t<meta property=\"og:image:height\" content=\"429\" \/>\n\t<meta property=\"og:image:type\" content=\"image\/jpeg\" \/>\n<meta name=\"author\" content=\"Aconteceu no Vale\" \/>\n<meta name=\"twitter:card\" content=\"summary_large_image\" \/>\n<meta name=\"twitter:creator\" content=\"@noticiadosvales\" \/>\n<meta name=\"twitter:site\" content=\"@noticiadosvales\" \/>\n<meta name=\"twitter:label1\" content=\"Escrito por\" \/>\n\t<meta name=\"twitter:data1\" content=\"Aconteceu no Vale\" \/>\n\t<meta name=\"twitter:label2\" content=\"Est. tempo de leitura\" \/>\n\t<meta name=\"twitter:data2\" content=\"2 minutos\" \/>\n<script type=\"application\/ld+json\" class=\"yoast-schema-graph\">{\"@context\":\"https:\\\/\\\/schema.org\",\"@graph\":[{\"@type\":\"Article\",\"@id\":\"https:\\\/\\\/aconteceunovale.com.br\\\/portal\\\/?p=103300#article\",\"isPartOf\":{\"@id\":\"https:\\\/\\\/aconteceunovale.com.br\\\/portal\\\/?p=103300\"},\"author\":{\"name\":\"Aconteceu no Vale\",\"@id\":\"https:\\\/\\\/aconteceunovale.com.br\\\/portal\\\/#\\\/schema\\\/person\\\/633529146f2c94272bef50ac2953d589\"},\"headline\":\"Pol\u00edcia prende suspeito de crime brutal na zona rural de Carbonita, no Vale do Jequitinhonha\",\"datePublished\":\"2016-12-02T23:32:11+00:00\",\"dateModified\":\"2026-09-02T15:39:26+00:00\",\"mainEntityOfPage\":{\"@id\":\"https:\\\/\\\/aconteceunovale.com.br\\\/portal\\\/?p=103300\"},\"wordCount\":408,\"commentCount\":0,\"image\":{\"@id\":\"https:\\\/\\\/aconteceunovale.com.br\\\/portal\\\/?p=103300#primaryimage\"},\"thumbnailUrl\":\"https:\\\/\\\/aconteceunovale.com.br\\\/portal\\\/wp-content\\\/uploads\\\/2016\\\/12\\\/capturado_carbonita.jpg\",\"keywords\":[\"Assassinatos Carbonita\",\"Assassinatos Monte Belo\",\"Carbonita\",\"Crime b\u00e1rbaro choca popula\u00e7\u00e3o de Carbonita\",\"Crime b\u00e1rbaro em Carbonita\",\"Crime b\u00e1rbaro em Monte Belo\",\"destaque\",\"Duplo homic\u00eddio Carbonita\",\"Duplo homic\u00eddio Monte Belo\",\"Homem mata esposa e a sogra em Carbonita\",\"Homic\u00eddios Carbonita\",\"Homic\u00eddios Monte Belo\",\"Monte Belo\",\"Mortes em Carbonita\",\"Mortes Monte Belo\",\"Mortos em Carbonita\",\"Mortos Monte Belo\",\"Pol\u00edcia procura homem suspeito de crime b\u00e1rbaro no munic\u00edpio de Carbonita\",\"Roberto Adriano\",\"Roberto Adriano de Souza Ara\u00fajo\"],\"articleSection\":[\"Carbonita\",\"Norte de Minas\",\"Vale do Jequitinhonha\"],\"inLanguage\":\"pt-BR\",\"potentialAction\":[{\"@type\":\"CommentAction\",\"name\":\"Comment\",\"target\":[\"https:\\\/\\\/aconteceunovale.com.br\\\/portal\\\/?p=103300#respond\"]}]},{\"@type\":\"WebPage\",\"@id\":\"https:\\\/\\\/aconteceunovale.com.br\\\/portal\\\/?p=103300\",\"url\":\"https:\\\/\\\/aconteceunovale.com.br\\\/portal\\\/?p=103300\",\"name\":\"Pol\u00edcia prende suspeito de crime brutal na zona rural de Carbonita, no Vale do Jequitinhonha - Aconteceu no Vale\",\"isPartOf\":{\"@id\":\"https:\\\/\\\/aconteceunovale.com.br\\\/portal\\\/#website\"},\"primaryImageOfPage\":{\"@id\":\"https:\\\/\\\/aconteceunovale.com.br\\\/portal\\\/?p=103300#primaryimage\"},\"image\":{\"@id\":\"https:\\\/\\\/aconteceunovale.com.br\\\/portal\\\/?p=103300#primaryimage\"},\"thumbnailUrl\":\"https:\\\/\\\/aconteceunovale.com.br\\\/portal\\\/wp-content\\\/uploads\\\/2016\\\/12\\\/capturado_carbonita.jpg\",\"datePublished\":\"2016-12-02T23:32:11+00:00\",\"dateModified\":\"2026-09-02T15:39:26+00:00\",\"author\":{\"@id\":\"https:\\\/\\\/aconteceunovale.com.br\\\/portal\\\/#\\\/schema\\\/person\\\/633529146f2c94272bef50ac2953d589\"},\"breadcrumb\":{\"@id\":\"https:\\\/\\\/aconteceunovale.com.br\\\/portal\\\/?p=103300#breadcrumb\"},\"inLanguage\":\"pt-BR\",\"potentialAction\":[{\"@type\":\"ReadAction\",\"target\":[\"https:\\\/\\\/aconteceunovale.com.br\\\/portal\\\/?p=103300\"]}]},{\"@type\":\"ImageObject\",\"inLanguage\":\"pt-BR\",\"@id\":\"https:\\\/\\\/aconteceunovale.com.br\\\/portal\\\/?p=103300#primaryimage\",\"url\":\"https:\\\/\\\/aconteceunovale.com.br\\\/portal\\\/wp-content\\\/uploads\\\/2016\\\/12\\\/capturado_carbonita.jpg\",\"contentUrl\":\"https:\\\/\\\/aconteceunovale.com.br\\\/portal\\\/wp-content\\\/uploads\\\/2016\\\/12\\\/capturado_carbonita.jpg\",\"width\":678,\"height\":429},{\"@type\":\"BreadcrumbList\",\"@id\":\"https:\\\/\\\/aconteceunovale.com.br\\\/portal\\\/?p=103300#breadcrumb\",\"itemListElement\":[{\"@type\":\"ListItem\",\"position\":1,\"name\":\"In\u00edcio\",\"item\":\"https:\\\/\\\/aconteceunovale.com.br\\\/portal\\\/\"},{\"@type\":\"ListItem\",\"position\":2,\"name\":\"Pol\u00edcia prende suspeito de crime brutal na zona rural de Carbonita, no Vale do Jequitinhonha\"}]},{\"@type\":\"WebSite\",\"@id\":\"https:\\\/\\\/aconteceunovale.com.br\\\/portal\\\/#website\",\"url\":\"https:\\\/\\\/aconteceunovale.com.br\\\/portal\\\/\",\"name\":\"Aconteceu no Vale\",\"description\":\"Portal de Not\u00edcias\",\"potentialAction\":[{\"@type\":\"SearchAction\",\"target\":{\"@type\":\"EntryPoint\",\"urlTemplate\":\"https:\\\/\\\/aconteceunovale.com.br\\\/portal\\\/?s={search_term_string}\"},\"query-input\":{\"@type\":\"PropertyValueSpecification\",\"valueRequired\":true,\"valueName\":\"search_term_string\"}}],\"inLanguage\":\"pt-BR\"},{\"@type\":\"Person\",\"@id\":\"https:\\\/\\\/aconteceunovale.com.br\\\/portal\\\/#\\\/schema\\\/person\\\/633529146f2c94272bef50ac2953d589\",\"name\":\"Aconteceu no Vale\",\"description\":\"Equipe de reportagem do Aconteceu no Vale, portal de not\u00edcias do Vale do Jequitinhonha, em Minas Gerais. Cobrimos as 51 cidades do Vale desde 2013. Sugest\u00f5es de pauta e pedidos de corre\u00e7\u00e3o: contato@aconteceunovale.com.br\",\"sameAs\":[\"http:\\\/\\\/www.aconteceunovale.com.br\"],\"url\":\"https:\\\/\\\/aconteceunovale.com.br\\\/portal\\\/?author=1\"}]}<\/script>\n<!-- \/ Yoast SEO plugin. -->","yoast_head_json":{"title":"Pol\u00edcia prende suspeito de crime brutal na zona rural de Carbonita, no Vale do Jequitinhonha - Aconteceu no Vale","robots":{"index":"index","follow":"follow","max-snippet":"max-snippet:-1","max-image-preview":"max-image-preview:large","max-video-preview":"max-video-preview:-1"},"canonical":"https:\/\/aconteceunovale.com.br\/portal\/?p=103300","og_locale":"pt_BR","og_type":"article","og_title":"Pol\u00edcia prende suspeito de crime brutal na zona rural de Carbonita, no Vale do Jequitinhonha - Aconteceu no Vale","og_description":"Uma opera\u00e7\u00e3o envolvendo as pol\u00edcias Militar e Civil das cidades de Bocaiuva, Carbonita e Olhos D&#8217;\u00e1gua prendeu na noite desta sexta-feira (02\/12\/2016) o principal suspeito de matar a ex-mulher e a ex-sogra. O crime ocorreu na zona rural do munic\u00edpio de Carbonita, em uma propriedade nas proximidades do distrito de Monte Belo, regi\u00e3o do Vale [&hellip;]","og_url":"https:\/\/aconteceunovale.com.br\/portal\/?p=103300","og_site_name":"Aconteceu no Vale","article_publisher":"https:\/\/www.facebook.com\/aconteceunovale\/","article_published_time":"2016-12-02T23:32:11+00:00","article_modified_time":"2026-09-02T15:39:26+00:00","og_image":[{"width":678,"height":429,"url":"https:\/\/aconteceunovale.com.br\/portal\/wp-content\/uploads\/2016\/12\/capturado_carbonita.jpg","type":"image\/jpeg"}],"author":"Aconteceu no Vale","twitter_card":"summary_large_image","twitter_creator":"@noticiadosvales","twitter_site":"@noticiadosvales","twitter_misc":{"Escrito por":"Aconteceu no Vale","Est. tempo de leitura":"2 minutos"},"schema":{"@context":"https:\/\/schema.org","@graph":[{"@type":"Article","@id":"https:\/\/aconteceunovale.com.br\/portal\/?p=103300#article","isPartOf":{"@id":"https:\/\/aconteceunovale.com.br\/portal\/?p=103300"},"author":{"name":"Aconteceu no Vale","@id":"https:\/\/aconteceunovale.com.br\/portal\/#\/schema\/person\/633529146f2c94272bef50ac2953d589"},"headline":"Pol\u00edcia prende suspeito de crime brutal na zona rural de Carbonita, no Vale do Jequitinhonha","datePublished":"2016-12-02T23:32:11+00:00","dateModified":"2026-09-02T15:39:26+00:00","mainEntityOfPage":{"@id":"https:\/\/aconteceunovale.com.br\/portal\/?p=103300"},"wordCount":408,"commentCount":0,"image":{"@id":"https:\/\/aconteceunovale.com.br\/portal\/?p=103300#primaryimage"},"thumbnailUrl":"https:\/\/aconteceunovale.com.br\/portal\/wp-content\/uploads\/2016\/12\/capturado_carbonita.jpg","keywords":["Assassinatos Carbonita","Assassinatos Monte Belo","Carbonita","Crime b\u00e1rbaro choca popula\u00e7\u00e3o de Carbonita","Crime b\u00e1rbaro em Carbonita","Crime b\u00e1rbaro em Monte Belo","destaque","Duplo homic\u00eddio Carbonita","Duplo homic\u00eddio Monte Belo","Homem mata esposa e a sogra em Carbonita","Homic\u00eddios Carbonita","Homic\u00eddios Monte Belo","Monte Belo","Mortes em Carbonita","Mortes Monte Belo","Mortos em Carbonita","Mortos Monte Belo","Pol\u00edcia procura homem suspeito de crime b\u00e1rbaro no munic\u00edpio de Carbonita","Roberto Adriano","Roberto Adriano de Souza Ara\u00fajo"],"articleSection":["Carbonita","Norte de Minas","Vale do Jequitinhonha"],"inLanguage":"pt-BR","potentialAction":[{"@type":"CommentAction","name":"Comment","target":["https:\/\/aconteceunovale.com.br\/portal\/?p=103300#respond"]}]},{"@type":"WebPage","@id":"https:\/\/aconteceunovale.com.br\/portal\/?p=103300","url":"https:\/\/aconteceunovale.com.br\/portal\/?p=103300","name":"Pol\u00edcia prende suspeito de crime brutal na zona rural de Carbonita, no Vale do Jequitinhonha - Aconteceu no Vale","isPartOf":{"@id":"https:\/\/aconteceunovale.com.br\/portal\/#website"},"primaryImageOfPage":{"@id":"https:\/\/aconteceunovale.com.br\/portal\/?p=103300#primaryimage"},"image":{"@id":"https:\/\/aconteceunovale.com.br\/portal\/?p=103300#primaryimage"},"thumbnailUrl":"https:\/\/aconteceunovale.com.br\/portal\/wp-content\/uploads\/2016\/12\/capturado_carbonita.jpg","datePublished":"2016-12-02T23:32:11+00:00","dateModified":"2026-09-02T15:39:26+00:00","author":{"@id":"https:\/\/aconteceunovale.com.br\/portal\/#\/schema\/person\/633529146f2c94272bef50ac2953d589"},"breadcrumb":{"@id":"https:\/\/aconteceunovale.com.br\/portal\/?p=103300#breadcrumb"},"inLanguage":"pt-BR","potentialAction":[{"@type":"ReadAction","target":["https:\/\/aconteceunovale.com.br\/portal\/?p=103300"]}]},{"@type":"ImageObject","inLanguage":"pt-BR","@id":"https:\/\/aconteceunovale.com.br\/portal\/?p=103300#primaryimage","url":"https:\/\/aconteceunovale.com.br\/portal\/wp-content\/uploads\/2016\/12\/capturado_carbonita.jpg","contentUrl":"https:\/\/aconteceunovale.com.br\/portal\/wp-content\/uploads\/2016\/12\/capturado_carbonita.jpg","width":678,"height":429},{"@type":"BreadcrumbList","@id":"https:\/\/aconteceunovale.com.br\/portal\/?p=103300#breadcrumb","itemListElement":[{"@type":"ListItem","position":1,"name":"In\u00edcio","item":"https:\/\/aconteceunovale.com.br\/portal\/"},{"@type":"ListItem","position":2,"name":"Pol\u00edcia prende suspeito de crime brutal na zona rural de Carbonita, no Vale do Jequitinhonha"}]},{"@type":"WebSite","@id":"https:\/\/aconteceunovale.com.br\/portal\/#website","url":"https:\/\/aconteceunovale.com.br\/portal\/","name":"Aconteceu no Vale","description":"Portal de Not\u00edcias","potentialAction":[{"@type":"SearchAction","target":{"@type":"EntryPoint","urlTemplate":"https:\/\/aconteceunovale.com.br\/portal\/?s={search_term_string}"},"query-input":{"@type":"PropertyValueSpecification","valueRequired":true,"valueName":"search_term_string"}}],"inLanguage":"pt-BR"},{"@type":"Person","@id":"https:\/\/aconteceunovale.com.br\/portal\/#\/schema\/person\/633529146f2c94272bef50ac2953d589","name":"Aconteceu no Vale","description":"Equipe de reportagem do Aconteceu no Vale, portal de not\u00edcias do Vale do Jequitinhonha, em Minas Gerais. Cobrimos as 51 cidades do Vale desde 2013. Sugest\u00f5es de pauta e pedidos de corre\u00e7\u00e3o: contato@aconteceunovale.com.br","sameAs":["http:\/\/www.aconteceunovale.com.br"],"url":"https:\/\/aconteceunovale.com.br\/portal\/?author=1"}]}},"_links":{"self":[{"href":"https:\/\/aconteceunovale.com.br\/portal\/index.php?rest_route=\/wp\/v2\/posts\/103300","targetHints":{"allow":["GET"]}}],"collection":[{"href":"https:\/\/aconteceunovale.com.br\/portal\/index.php?rest_route=\/wp\/v2\/posts"}],"about":[{"href":"https:\/\/aconteceunovale.com.br\/portal\/index.php?rest_route=\/wp\/v2\/types\/post"}],"author":[{"embeddable":true,"href":"https:\/\/aconteceunovale.com.br\/portal\/index.php?rest_route=\/wp\/v2\/users\/1"}],"replies":[{"embeddable":true,"href":"https:\/\/aconteceunovale.com.br\/portal\/index.php?rest_route=%2Fwp%2Fv2%2Fcomments&post=103300"}],"version-history":[{"count":1,"href":"https:\/\/aconteceunovale.com.br\/portal\/index.php?rest_route=\/wp\/v2\/posts\/103300\/revisions"}],"predecessor-version":[{"id":200136,"href":"https:\/\/aconteceunovale.com.br\/portal\/index.php?rest_route=\/wp\/v2\/posts\/103300\/revisions\/200136"}],"wp:featuredmedia":[{"embeddable":true,"href":"https:\/\/aconteceunovale.com.br\/portal\/index.php?rest_route=\/wp\/v2\/media\/103331"}],"wp:attachment":[{"href":"https:\/\/aconteceunovale.com.br\/portal\/index.php?rest_route=%2Fwp%2Fv2%2Fmedia&parent=103300"}],"wp:term":[{"taxonomy":"category","embeddable":true,"href":"https:\/\/aconteceunovale.com.br\/portal\/index.php?rest_route=%2Fwp%2Fv2%2Fcategories&post=103300"},{"taxonomy":"post_tag","embeddable":true,"href":"https:\/\/aconteceunovale.com.br\/portal\/index.php?rest_route=%2Fwp%2Fv2%2Ftags&post=103300"}],"curies":[{"name":"wp","href":"https:\/\/api.w.org\/{rel}","templated":true}]}}