{"id":103269,"date":"2016-12-02T10:37:47","date_gmt":"2016-12-02T12:37:47","guid":{"rendered":"http:\/\/aconteceunovale.com.br\/portal\/?p=103269"},"modified":"2016-12-02T10:37:47","modified_gmt":"2016-12-02T12:37:47","slug":"maior-tirolesa-de-minas-gerais-sera-inaugurada-neste-domingo-em-belo-horizonte","status":"publish","type":"post","link":"https:\/\/aconteceunovale.com.br\/portal\/?p=103269","title":{"rendered":"Maior tirolesa de Minas Gerais ser\u00e1 inaugurada neste domingo em Belo Horizonte"},"content":{"rendered":"<p>A mais extensa tirolesa de Minas Gerais, com 800 metros, ser\u00e1 inaugurada neste domingo (04\/12\/2016), \u00e0s 10h, no mirante do bairro Mangabeiras, na regi\u00e3o Centro-Sul de Belo Horizonte. A atra\u00e7\u00e3o, que oferece uma vista panor\u00e2mica da capital mineira, \u00e9 destinada a adultos e crian\u00e7as a partir de 5 anos. <\/p>\n<p>O ponto de partida ser\u00e1 a torre constru\u00edda no mirante e a chegada ser\u00e1 na pra\u00e7a de Esportes do Parque das Mangabeiras, maior reserva ambiental da capital e um dos mais extensos parques urbanos da Am\u00e9rica Latina. No percurso, os aventureiros estar\u00e3o a uma distancia de at\u00e9 70 metros do solo, no v\u00e3o onde o cabo est\u00e1 instalado, e a velocidade pode chegar a 100 km\/h na descida.<\/p>\n<p>Os ingressos para a tirolesa come\u00e7aram a ser vendidos no dia 7 de novembro, por meio de uma pr\u00e9-venda on-line no site <a href=\"http:\/\/www.tirolesabh.com.br\/\" target=\"_blank\">www.tirolesabh.com.br<\/a>, onde podem ser comprados ingressos e obter mais informa\u00e7\u00f5es sobre a atra\u00e7\u00e3o.<\/p>\n<p>Os custos para realizar a descida s\u00e3o R$ 40, de segunda a quinta, R$ 50 de sexta a domingo e nos feriados. \u201cO objetivo da pr\u00e9-venda foi garantir conforto e tranquilidade para todos, evitando filas e um tempo grande de espera\u201d, explicou Andr\u00e9 Reis, um dos s\u00f3cios da Espa\u00e7o Mangabeiras, empresa respons\u00e1vel pela tirolesa, que vai funcionar diariamente, das 10h \u00e0s 18h.<\/p>\n<p>Al\u00e9m da experi\u00eancia na tirolesa, os visitantes poder\u00e3o usufruir de toda a estrutura que estar\u00e1 dispon\u00edvel no mirante: lanchonete, sanit\u00e1rios, bar e wi-fi. Tamb\u00e9m ser\u00e3o oferecidos servi\u00e7os de fotografia e v\u00eddeo para registrar o momento da descida, j\u00e1 que, por medida de seguran\u00e7a, n\u00e3o \u00e9 recomendado levar pertences pessoais junto ao corpo durante a atividade.<\/p>\n<p>Para o conforto e a praticidade dos usu\u00e1rios, haver\u00e1 servi\u00e7o de vans para o traslado do estacionamento do parque das Mangabeiras at\u00e9 o mirante do Mangabeiras, dispon\u00edvel tamb\u00e9m para os visitantes que s\u00f3 desejam contemplar a vista.<\/p>\n<p>Segundo Karine Paiva, presidente da Funda\u00e7\u00e3o de Parques Municipais (FPM), a inaugura\u00e7\u00e3o da tirolesa tem o objetivo de valorizar o parque e incentivar a ocupa\u00e7\u00e3o e apropria\u00e7\u00e3o desses espa\u00e7os pela popula\u00e7\u00e3o. \u201cA inten\u00e7\u00e3o \u00e9 estimular o turismo no munic\u00edpio, mas tamb\u00e9m valorizar um dos mais bonitos cart\u00f5es postais da cidade, oferecendo lazer e entretenimento aos visitantes\u201d, disse.<\/p>\n<p>A iniciativa do projeto \u00e9 da Prefeitura de Belo Horizonte (PBH), que concedeu o uso para a empresa Espa\u00e7o Mangabeiras por meio de licita\u00e7\u00e3o. A atra\u00e7\u00e3o conta com a assessoria do Projeto Aventura, respons\u00e1vel pelo treinamento da equipe e por uma assessoria t\u00e9cnica especializada.<\/p>\n<p>De acordo com a prefeitura, o equipamento foi projetado respeitando rigorosas normas de seguran\u00e7a nacionais e internacionais e \u00e9 composto por materiais de alta resist\u00eancia. Ainda conforme a PBH, a instala\u00e7\u00e3o da tirolesa est\u00e1 em conson\u00e2ncia com todas as regulamenta\u00e7\u00f5es e normas ambientais.<\/p>\n<p><img decoding=\"async\" src=\"http:\/\/aconteceunovale.com.br\/portal\/wp-content\/uploads\/2016\/12\/tirolesa_bh.jpg\" alt=\"\" \/><em>Tirolesa tem 800 metros de extens\u00e3o (Foto: Oziel Santos\/Divulga\u00e7\u00e3o PBH)<\/em><br \/>\n<\/br><\/p>\n<p><em>(Via O Tempo)<\/em><\/p>\n","protected":false},"excerpt":{"rendered":"<p>A mais extensa tirolesa de Minas Gerais, com 800 metros, ser\u00e1 inaugurada neste domingo (04\/12\/2016), \u00e0s 10h, no mirante do bairro Mangabeiras, na regi\u00e3o Centro-Sul de Belo Horizonte. A atra\u00e7\u00e3o, que oferece uma vista panor\u00e2mica da capital mineira, \u00e9 destinada a adultos e crian\u00e7as a partir de 5 anos. O ponto de partida ser\u00e1 a [&hellip;]<\/p>\n","protected":false},"author":1,"featured_media":103270,"comment_status":"open","ping_status":"closed","sticky":false,"template":"","format":"standard","meta":{"amp_status":"","footnotes":""},"categories":[123],"tags":[1018,128559,128558,128567,128556,128560,128565,128561,128563,128564,128557,128562,128566],"class_list":["post-103269","post","type-post","status-publish","format-standard","has-post-thumbnail","hentry","category-gerais","tag-destaque","tag-inauguracao-da-maior-tirolesa-de-minas-gerais","tag-maior-tirolesa-de-minas-gerais","tag-maior-tirolesa-de-minas-gerais-sera-inaugurada-neste-domingo-em-belo-horizonte","tag-mais-extensa-tirolesa-de-minas-gerais","tag-mangabeiras","tag-parque-das-mangabeiras","tag-tirolesa-bairro-mangabeiras","tag-tirolesa-belo-horizonte","tag-tirolesa-bh","tag-tirolesa-de-minas-gerais","tag-tirolesa-mirante-do-bairro-mangabeiras","tag-tirolesa-parque-das-mangabeiras"],"yoast_head":"<!-- This site is optimized with the Yoast SEO plugin v28.3 - https:\/\/yoast.com\/product\/yoast-seo-wordpress\/ -->\n<title>Maior tirolesa de Minas Gerais ser\u00e1 inaugurada neste domingo em Belo Horizonte - Aconteceu no Vale<\/title>\n<meta name=\"robots\" content=\"index, follow, max-snippet:-1, max-image-preview:large, max-video-preview:-1\" \/>\n<link rel=\"canonical\" href=\"https:\/\/aconteceunovale.com.br\/portal\/?p=103269\" \/>\n<meta property=\"og:locale\" content=\"pt_BR\" \/>\n<meta property=\"og:type\" content=\"article\" \/>\n<meta property=\"og:title\" content=\"Maior tirolesa de Minas Gerais ser\u00e1 inaugurada neste domingo em Belo Horizonte - Aconteceu no Vale\" \/>\n<meta property=\"og:description\" content=\"A mais extensa tirolesa de Minas Gerais, com 800 metros, ser\u00e1 inaugurada neste domingo (04\/12\/2016), \u00e0s 10h, no mirante do bairro Mangabeiras, na regi\u00e3o Centro-Sul de Belo Horizonte. A atra\u00e7\u00e3o, que oferece uma vista panor\u00e2mica da capital mineira, \u00e9 destinada a adultos e crian\u00e7as a partir de 5 anos. O ponto de partida ser\u00e1 a [&hellip;]\" \/>\n<meta property=\"og:url\" content=\"https:\/\/aconteceunovale.com.br\/portal\/?p=103269\" \/>\n<meta property=\"og:site_name\" content=\"Aconteceu no Vale\" \/>\n<meta property=\"article:publisher\" content=\"https:\/\/www.facebook.com\/aconteceunovale\/\" \/>\n<meta property=\"article:published_time\" content=\"2016-12-02T12:37:47+00:00\" \/>\n<meta property=\"og:image\" content=\"https:\/\/aconteceunovale.com.br\/portal\/wp-content\/uploads\/2016\/12\/tirolesa_bh.jpg\" \/>\n\t<meta property=\"og:image:width\" content=\"620\" \/>\n\t<meta property=\"og:image:height\" content=\"420\" \/>\n\t<meta property=\"og:image:type\" content=\"image\/jpeg\" \/>\n<meta name=\"author\" content=\"Aconteceu no Vale\" \/>\n<meta name=\"twitter:card\" content=\"summary_large_image\" \/>\n<meta name=\"twitter:creator\" content=\"@noticiadosvales\" \/>\n<meta name=\"twitter:site\" content=\"@noticiadosvales\" \/>\n<meta name=\"twitter:label1\" content=\"Escrito por\" \/>\n\t<meta name=\"twitter:data1\" content=\"Aconteceu no Vale\" \/>\n\t<meta name=\"twitter:label2\" content=\"Est. tempo de leitura\" \/>\n\t<meta name=\"twitter:data2\" content=\"3 minutos\" \/>\n<script type=\"application\/ld+json\" class=\"yoast-schema-graph\">{\"@context\":\"https:\\\/\\\/schema.org\",\"@graph\":[{\"@type\":\"Article\",\"@id\":\"https:\\\/\\\/aconteceunovale.com.br\\\/portal\\\/?p=103269#article\",\"isPartOf\":{\"@id\":\"https:\\\/\\\/aconteceunovale.com.br\\\/portal\\\/?p=103269\"},\"author\":{\"name\":\"Aconteceu no Vale\",\"@id\":\"https:\\\/\\\/aconteceunovale.com.br\\\/portal\\\/#\\\/schema\\\/person\\\/633529146f2c94272bef50ac2953d589\"},\"headline\":\"Maior tirolesa de Minas Gerais ser\u00e1 inaugurada neste domingo em Belo Horizonte\",\"datePublished\":\"2016-12-02T12:37:47+00:00\",\"mainEntityOfPage\":{\"@id\":\"https:\\\/\\\/aconteceunovale.com.br\\\/portal\\\/?p=103269\"},\"wordCount\":521,\"commentCount\":0,\"image\":{\"@id\":\"https:\\\/\\\/aconteceunovale.com.br\\\/portal\\\/?p=103269#primaryimage\"},\"thumbnailUrl\":\"https:\\\/\\\/aconteceunovale.com.br\\\/portal\\\/wp-content\\\/uploads\\\/2016\\\/12\\\/tirolesa_bh.jpg\",\"keywords\":[\"destaque\",\"Inaugura\u00e7\u00e3o da maior tirolesa de Minas Gerais\",\"Maior tirolesa de Minas Gerais\",\"Maior tirolesa de Minas Gerais ser\u00e1 inaugurada neste domingo em Belo Horizonte\",\"mais extensa tirolesa de Minas Gerais\",\"Mangabeiras\",\"Parque das Mangabeiras\",\"Tirolesa bairro Mangabeiras\",\"Tirolesa Belo Horizonte\",\"Tirolesa BH\",\"tirolesa de Minas Gerais\",\"Tirolesa mirante do bairro Mangabeiras\",\"Tirolesa Parque das Mangabeiras\"],\"articleSection\":[\"Minas Gerais\"],\"inLanguage\":\"pt-BR\",\"potentialAction\":[{\"@type\":\"CommentAction\",\"name\":\"Comment\",\"target\":[\"https:\\\/\\\/aconteceunovale.com.br\\\/portal\\\/?p=103269#respond\"]}]},{\"@type\":\"WebPage\",\"@id\":\"https:\\\/\\\/aconteceunovale.com.br\\\/portal\\\/?p=103269\",\"url\":\"https:\\\/\\\/aconteceunovale.com.br\\\/portal\\\/?p=103269\",\"name\":\"Maior tirolesa de Minas Gerais ser\u00e1 inaugurada neste domingo em Belo Horizonte - Aconteceu no Vale\",\"isPartOf\":{\"@id\":\"https:\\\/\\\/aconteceunovale.com.br\\\/portal\\\/#website\"},\"primaryImageOfPage\":{\"@id\":\"https:\\\/\\\/aconteceunovale.com.br\\\/portal\\\/?p=103269#primaryimage\"},\"image\":{\"@id\":\"https:\\\/\\\/aconteceunovale.com.br\\\/portal\\\/?p=103269#primaryimage\"},\"thumbnailUrl\":\"https:\\\/\\\/aconteceunovale.com.br\\\/portal\\\/wp-content\\\/uploads\\\/2016\\\/12\\\/tirolesa_bh.jpg\",\"datePublished\":\"2016-12-02T12:37:47+00:00\",\"author\":{\"@id\":\"https:\\\/\\\/aconteceunovale.com.br\\\/portal\\\/#\\\/schema\\\/person\\\/633529146f2c94272bef50ac2953d589\"},\"breadcrumb\":{\"@id\":\"https:\\\/\\\/aconteceunovale.com.br\\\/portal\\\/?p=103269#breadcrumb\"},\"inLanguage\":\"pt-BR\",\"potentialAction\":[{\"@type\":\"ReadAction\",\"target\":[\"https:\\\/\\\/aconteceunovale.com.br\\\/portal\\\/?p=103269\"]}]},{\"@type\":\"ImageObject\",\"inLanguage\":\"pt-BR\",\"@id\":\"https:\\\/\\\/aconteceunovale.com.br\\\/portal\\\/?p=103269#primaryimage\",\"url\":\"https:\\\/\\\/aconteceunovale.com.br\\\/portal\\\/wp-content\\\/uploads\\\/2016\\\/12\\\/tirolesa_bh.jpg\",\"contentUrl\":\"https:\\\/\\\/aconteceunovale.com.br\\\/portal\\\/wp-content\\\/uploads\\\/2016\\\/12\\\/tirolesa_bh.jpg\",\"width\":620,\"height\":420},{\"@type\":\"BreadcrumbList\",\"@id\":\"https:\\\/\\\/aconteceunovale.com.br\\\/portal\\\/?p=103269#breadcrumb\",\"itemListElement\":[{\"@type\":\"ListItem\",\"position\":1,\"name\":\"In\u00edcio\",\"item\":\"https:\\\/\\\/aconteceunovale.com.br\\\/portal\\\/\"},{\"@type\":\"ListItem\",\"position\":2,\"name\":\"Maior tirolesa de Minas Gerais ser\u00e1 inaugurada neste domingo em Belo Horizonte\"}]},{\"@type\":\"WebSite\",\"@id\":\"https:\\\/\\\/aconteceunovale.com.br\\\/portal\\\/#website\",\"url\":\"https:\\\/\\\/aconteceunovale.com.br\\\/portal\\\/\",\"name\":\"Aconteceu no Vale\",\"description\":\"Portal de Not\u00edcias\",\"potentialAction\":[{\"@type\":\"SearchAction\",\"target\":{\"@type\":\"EntryPoint\",\"urlTemplate\":\"https:\\\/\\\/aconteceunovale.com.br\\\/portal\\\/?s={search_term_string}\"},\"query-input\":{\"@type\":\"PropertyValueSpecification\",\"valueRequired\":true,\"valueName\":\"search_term_string\"}}],\"inLanguage\":\"pt-BR\"},{\"@type\":\"Person\",\"@id\":\"https:\\\/\\\/aconteceunovale.com.br\\\/portal\\\/#\\\/schema\\\/person\\\/633529146f2c94272bef50ac2953d589\",\"name\":\"Aconteceu no Vale\",\"description\":\"Equipe de reportagem do Aconteceu no Vale, portal de not\u00edcias do Vale do Jequitinhonha, em Minas Gerais. Cobrimos as 51 cidades do Vale desde 2013. Sugest\u00f5es de pauta e pedidos de corre\u00e7\u00e3o: contato@aconteceunovale.com.br\",\"sameAs\":[\"http:\\\/\\\/www.aconteceunovale.com.br\"],\"url\":\"https:\\\/\\\/aconteceunovale.com.br\\\/portal\\\/?author=1\"}]}<\/script>\n<!-- \/ Yoast SEO plugin. -->","yoast_head_json":{"title":"Maior tirolesa de Minas Gerais ser\u00e1 inaugurada neste domingo em Belo Horizonte - Aconteceu no Vale","robots":{"index":"index","follow":"follow","max-snippet":"max-snippet:-1","max-image-preview":"max-image-preview:large","max-video-preview":"max-video-preview:-1"},"canonical":"https:\/\/aconteceunovale.com.br\/portal\/?p=103269","og_locale":"pt_BR","og_type":"article","og_title":"Maior tirolesa de Minas Gerais ser\u00e1 inaugurada neste domingo em Belo Horizonte - Aconteceu no Vale","og_description":"A mais extensa tirolesa de Minas Gerais, com 800 metros, ser\u00e1 inaugurada neste domingo (04\/12\/2016), \u00e0s 10h, no mirante do bairro Mangabeiras, na regi\u00e3o Centro-Sul de Belo Horizonte. A atra\u00e7\u00e3o, que oferece uma vista panor\u00e2mica da capital mineira, \u00e9 destinada a adultos e crian\u00e7as a partir de 5 anos. O ponto de partida ser\u00e1 a [&hellip;]","og_url":"https:\/\/aconteceunovale.com.br\/portal\/?p=103269","og_site_name":"Aconteceu no Vale","article_publisher":"https:\/\/www.facebook.com\/aconteceunovale\/","article_published_time":"2016-12-02T12:37:47+00:00","og_image":[{"width":620,"height":420,"url":"https:\/\/aconteceunovale.com.br\/portal\/wp-content\/uploads\/2016\/12\/tirolesa_bh.jpg","type":"image\/jpeg"}],"author":"Aconteceu no Vale","twitter_card":"summary_large_image","twitter_creator":"@noticiadosvales","twitter_site":"@noticiadosvales","twitter_misc":{"Escrito por":"Aconteceu no Vale","Est. tempo de leitura":"3 minutos"},"schema":{"@context":"https:\/\/schema.org","@graph":[{"@type":"Article","@id":"https:\/\/aconteceunovale.com.br\/portal\/?p=103269#article","isPartOf":{"@id":"https:\/\/aconteceunovale.com.br\/portal\/?p=103269"},"author":{"name":"Aconteceu no Vale","@id":"https:\/\/aconteceunovale.com.br\/portal\/#\/schema\/person\/633529146f2c94272bef50ac2953d589"},"headline":"Maior tirolesa de Minas Gerais ser\u00e1 inaugurada neste domingo em Belo Horizonte","datePublished":"2016-12-02T12:37:47+00:00","mainEntityOfPage":{"@id":"https:\/\/aconteceunovale.com.br\/portal\/?p=103269"},"wordCount":521,"commentCount":0,"image":{"@id":"https:\/\/aconteceunovale.com.br\/portal\/?p=103269#primaryimage"},"thumbnailUrl":"https:\/\/aconteceunovale.com.br\/portal\/wp-content\/uploads\/2016\/12\/tirolesa_bh.jpg","keywords":["destaque","Inaugura\u00e7\u00e3o da maior tirolesa de Minas Gerais","Maior tirolesa de Minas Gerais","Maior tirolesa de Minas Gerais ser\u00e1 inaugurada neste domingo em Belo Horizonte","mais extensa tirolesa de Minas Gerais","Mangabeiras","Parque das Mangabeiras","Tirolesa bairro Mangabeiras","Tirolesa Belo Horizonte","Tirolesa BH","tirolesa de Minas Gerais","Tirolesa mirante do bairro Mangabeiras","Tirolesa Parque das Mangabeiras"],"articleSection":["Minas Gerais"],"inLanguage":"pt-BR","potentialAction":[{"@type":"CommentAction","name":"Comment","target":["https:\/\/aconteceunovale.com.br\/portal\/?p=103269#respond"]}]},{"@type":"WebPage","@id":"https:\/\/aconteceunovale.com.br\/portal\/?p=103269","url":"https:\/\/aconteceunovale.com.br\/portal\/?p=103269","name":"Maior tirolesa de Minas Gerais ser\u00e1 inaugurada neste domingo em Belo Horizonte - Aconteceu no Vale","isPartOf":{"@id":"https:\/\/aconteceunovale.com.br\/portal\/#website"},"primaryImageOfPage":{"@id":"https:\/\/aconteceunovale.com.br\/portal\/?p=103269#primaryimage"},"image":{"@id":"https:\/\/aconteceunovale.com.br\/portal\/?p=103269#primaryimage"},"thumbnailUrl":"https:\/\/aconteceunovale.com.br\/portal\/wp-content\/uploads\/2016\/12\/tirolesa_bh.jpg","datePublished":"2016-12-02T12:37:47+00:00","author":{"@id":"https:\/\/aconteceunovale.com.br\/portal\/#\/schema\/person\/633529146f2c94272bef50ac2953d589"},"breadcrumb":{"@id":"https:\/\/aconteceunovale.com.br\/portal\/?p=103269#breadcrumb"},"inLanguage":"pt-BR","potentialAction":[{"@type":"ReadAction","target":["https:\/\/aconteceunovale.com.br\/portal\/?p=103269"]}]},{"@type":"ImageObject","inLanguage":"pt-BR","@id":"https:\/\/aconteceunovale.com.br\/portal\/?p=103269#primaryimage","url":"https:\/\/aconteceunovale.com.br\/portal\/wp-content\/uploads\/2016\/12\/tirolesa_bh.jpg","contentUrl":"https:\/\/aconteceunovale.com.br\/portal\/wp-content\/uploads\/2016\/12\/tirolesa_bh.jpg","width":620,"height":420},{"@type":"BreadcrumbList","@id":"https:\/\/aconteceunovale.com.br\/portal\/?p=103269#breadcrumb","itemListElement":[{"@type":"ListItem","position":1,"name":"In\u00edcio","item":"https:\/\/aconteceunovale.com.br\/portal\/"},{"@type":"ListItem","position":2,"name":"Maior tirolesa de Minas Gerais ser\u00e1 inaugurada neste domingo em Belo Horizonte"}]},{"@type":"WebSite","@id":"https:\/\/aconteceunovale.com.br\/portal\/#website","url":"https:\/\/aconteceunovale.com.br\/portal\/","name":"Aconteceu no Vale","description":"Portal de Not\u00edcias","potentialAction":[{"@type":"SearchAction","target":{"@type":"EntryPoint","urlTemplate":"https:\/\/aconteceunovale.com.br\/portal\/?s={search_term_string}"},"query-input":{"@type":"PropertyValueSpecification","valueRequired":true,"valueName":"search_term_string"}}],"inLanguage":"pt-BR"},{"@type":"Person","@id":"https:\/\/aconteceunovale.com.br\/portal\/#\/schema\/person\/633529146f2c94272bef50ac2953d589","name":"Aconteceu no Vale","description":"Equipe de reportagem do Aconteceu no Vale, portal de not\u00edcias do Vale do Jequitinhonha, em Minas Gerais. Cobrimos as 51 cidades do Vale desde 2013. Sugest\u00f5es de pauta e pedidos de corre\u00e7\u00e3o: contato@aconteceunovale.com.br","sameAs":["http:\/\/www.aconteceunovale.com.br"],"url":"https:\/\/aconteceunovale.com.br\/portal\/?author=1"}]}},"_links":{"self":[{"href":"https:\/\/aconteceunovale.com.br\/portal\/index.php?rest_route=\/wp\/v2\/posts\/103269","targetHints":{"allow":["GET"]}}],"collection":[{"href":"https:\/\/aconteceunovale.com.br\/portal\/index.php?rest_route=\/wp\/v2\/posts"}],"about":[{"href":"https:\/\/aconteceunovale.com.br\/portal\/index.php?rest_route=\/wp\/v2\/types\/post"}],"author":[{"embeddable":true,"href":"https:\/\/aconteceunovale.com.br\/portal\/index.php?rest_route=\/wp\/v2\/users\/1"}],"replies":[{"embeddable":true,"href":"https:\/\/aconteceunovale.com.br\/portal\/index.php?rest_route=%2Fwp%2Fv2%2Fcomments&post=103269"}],"version-history":[{"count":0,"href":"https:\/\/aconteceunovale.com.br\/portal\/index.php?rest_route=\/wp\/v2\/posts\/103269\/revisions"}],"wp:featuredmedia":[{"embeddable":true,"href":"https:\/\/aconteceunovale.com.br\/portal\/index.php?rest_route=\/wp\/v2\/media\/103270"}],"wp:attachment":[{"href":"https:\/\/aconteceunovale.com.br\/portal\/index.php?rest_route=%2Fwp%2Fv2%2Fmedia&parent=103269"}],"wp:term":[{"taxonomy":"category","embeddable":true,"href":"https:\/\/aconteceunovale.com.br\/portal\/index.php?rest_route=%2Fwp%2Fv2%2Fcategories&post=103269"},{"taxonomy":"post_tag","embeddable":true,"href":"https:\/\/aconteceunovale.com.br\/portal\/index.php?rest_route=%2Fwp%2Fv2%2Ftags&post=103269"}],"curies":[{"name":"wp","href":"https:\/\/api.w.org\/{rel}","templated":true}]}}