{"id":103267,"date":"2016-12-02T10:25:07","date_gmt":"2016-12-02T12:25:07","guid":{"rendered":"http:\/\/aconteceunovale.com.br\/portal\/?p=103267"},"modified":"2016-12-02T10:25:07","modified_gmt":"2016-12-02T12:25:07","slug":"governo-federal-reconhece-situacao-de-emergencia-em-cinco-municipios-de-minas-gerais","status":"publish","type":"post","link":"https:\/\/aconteceunovale.com.br\/portal\/?p=103267","title":{"rendered":"Governo Federal reconhece situa\u00e7\u00e3o de emerg\u00eancia em cinco munic\u00edpios de Minas Gerais"},"content":{"rendered":"<p>A Secretaria Nacional de Prote\u00e7\u00e3o e Defesa Civil (Sedec), do Minist\u00e9rio da Integra\u00e7\u00e3o Nacional, reconheceu a situa\u00e7\u00e3o de emerg\u00eancia em munic\u00edpios da Bahia, Maranh\u00e3o, Minas Gerais, Para\u00edba e Sergipe. A partir do reconhecimento, as prefeituras podem solicitar apoio ao Governo Federal para a\u00e7\u00f5es de socorro, assist\u00eancia e reestabelecimento de servi\u00e7os essenciais, como o refor\u00e7o das opera\u00e7\u00f5es de abastecimento de \u00e1gua.<\/p>\n<p>A medida tamb\u00e9m permite a renegocia\u00e7\u00e3o de d\u00edvidas para o setor de agricultura junto ao Banco do Brasil e a aquisi\u00e7\u00e3o de cestas b\u00e1sicas por meio do Minist\u00e9rio do Desenvolvimento Social e Agr\u00e1rio, dentre outros aux\u00edlios. <a href=\"http:\/\/pesquisa.in.gov.br\/imprensa\/jsp\/visualiza\/index.jsp?jornal=1&#038;pagina=60&#038;data=01\/12\/2016\" target=\"_blank\">A portaria (clique aqui para ler) com o reconhecimento federal foi publicada na edi\u00e7\u00e3o desta quinta-feira (1\u00ba de dezembro de 2016) do Di\u00e1rio Oficial da Uni\u00e3o<\/a>.<\/p>\n<p>Veja a rela\u00e7\u00e3o de cidades afetadas:<\/p>\n<p>BAHIA<br \/>\n&#8211; Cris\u00f3polis &#8211; Estiagem<br \/>\n&#8211; Quijingue &#8211; Estiagem<\/p>\n<p>MARANH\u00c3O<br \/>\n&#8211; Governador Eug\u00eanio Barros &#8211; Estiagem<br \/>\n&#8211; Gra\u00e7a Aranha &#8211; Estiagem<br \/>\n&#8211; S\u00e3o Domingos do Maranh\u00e3o &#8211; Estiagem<\/p>\n<p>MINAS GERAIS<br \/>\n&#8211; Cuparaque &#8211; Estiagem<br \/>\n&#8211; Ibiracatu &#8211; Seca<br \/>\n&#8211; Medina &#8211; Estiagem<br \/>\n&#8211; Serran\u00f3polis de Minas &#8211; Estiagem<br \/>\n&#8211; V\u00e1rzea da Palma &#8211; Estiagem<\/p>\n<p>PARA\u00cdBA<br \/>\n&#8211; Cuitegi &#8211; Estiagem<\/p>\n<p>SERGIPE<br \/>\n&#8211; S\u00e3o Miguel do Aleixo &#8211; Seca<\/p>\n<p><em>(Com informa\u00e7\u00f5es do Minist\u00e9rio da Integra\u00e7\u00e3o Nacional)<\/em><\/p>\n","protected":false},"excerpt":{"rendered":"<p>A Secretaria Nacional de Prote\u00e7\u00e3o e Defesa Civil (Sedec), do Minist\u00e9rio da Integra\u00e7\u00e3o Nacional, reconheceu a situa\u00e7\u00e3o de emerg\u00eancia em munic\u00edpios da Bahia, Maranh\u00e3o, Minas Gerais, Para\u00edba e Sergipe. A partir do reconhecimento, as prefeituras podem solicitar apoio ao Governo Federal para a\u00e7\u00f5es de socorro, assist\u00eancia e reestabelecimento de servi\u00e7os essenciais, como o refor\u00e7o das [&hellip;]<\/p>\n","protected":false},"author":1,"featured_media":99807,"comment_status":"open","ping_status":"closed","sticky":false,"template":"","format":"standard","meta":{"amp_status":"","footnotes":""},"categories":[123,1236,120],"tags":[284,128545,128546,128549,128553,128551,128555,1704,389,128554,128543,128542,2671,128544,128547,128548,128550,128552,1340],"class_list":["post-103267","post","type-post","status-publish","format-standard","has-post-thumbnail","hentry","category-gerais","category-norte_de_minas","category-jequi","tag-cuparaque","tag-emergencia-em-cuparaque","tag-emergencia-em-ibiracatu","tag-emergencia-em-medina","tag-emergencia-em-varzea-da-palma","tag-emergencia-serranopolis-de-minas","tag-governo-federal-reconhece-situacao-de-emergencia-em-cinco-municipios-de-minas-gerais","tag-ibiracatu","tag-medina","tag-seca-e-estiagem-provocam-situacao-de-emergencia-em-cinco-municipios-de-minas-gerais","tag-secretaria-nacional-de-protecao-e-defesa-civil","tag-sedec","tag-serranopolis-de-minas","tag-situacao-de-emergencia-em-cuparaque","tag-situacao-de-emergencia-em-ibiracatu","tag-situacao-de-emergencia-em-medina","tag-situacao-de-emergencia-em-serranopolis-de-minas","tag-situacao-de-emergencia-varzea-da-palma","tag-varzea-da-palma"],"yoast_head":"<!-- This site is optimized with the Yoast SEO plugin v28.3 - https:\/\/yoast.com\/product\/yoast-seo-wordpress\/ -->\n<title>Governo Federal reconhece situa\u00e7\u00e3o de emerg\u00eancia em cinco munic\u00edpios de Minas Gerais - Aconteceu no Vale<\/title>\n<meta name=\"robots\" content=\"index, follow, max-snippet:-1, max-image-preview:large, max-video-preview:-1\" \/>\n<link rel=\"canonical\" href=\"https:\/\/aconteceunovale.com.br\/portal\/?p=103267\" \/>\n<meta property=\"og:locale\" content=\"pt_BR\" \/>\n<meta property=\"og:type\" content=\"article\" \/>\n<meta property=\"og:title\" content=\"Governo Federal reconhece situa\u00e7\u00e3o de emerg\u00eancia em cinco munic\u00edpios de Minas Gerais - Aconteceu no Vale\" \/>\n<meta property=\"og:description\" content=\"A Secretaria Nacional de Prote\u00e7\u00e3o e Defesa Civil (Sedec), do Minist\u00e9rio da Integra\u00e7\u00e3o Nacional, reconheceu a situa\u00e7\u00e3o de emerg\u00eancia em munic\u00edpios da Bahia, Maranh\u00e3o, Minas Gerais, Para\u00edba e Sergipe. A partir do reconhecimento, as prefeituras podem solicitar apoio ao Governo Federal para a\u00e7\u00f5es de socorro, assist\u00eancia e reestabelecimento de servi\u00e7os essenciais, como o refor\u00e7o das [&hellip;]\" \/>\n<meta property=\"og:url\" content=\"https:\/\/aconteceunovale.com.br\/portal\/?p=103267\" \/>\n<meta property=\"og:site_name\" content=\"Aconteceu no Vale\" \/>\n<meta property=\"article:publisher\" content=\"https:\/\/www.facebook.com\/aconteceunovale\/\" \/>\n<meta property=\"article:published_time\" content=\"2016-12-02T12:25:07+00:00\" \/>\n<meta property=\"og:image\" content=\"https:\/\/aconteceunovale.com.br\/portal\/wp-content\/uploads\/2016\/10\/seca_nordeste.jpg\" \/>\n\t<meta property=\"og:image:width\" content=\"580\" \/>\n\t<meta property=\"og:image:height\" content=\"388\" \/>\n\t<meta property=\"og:image:type\" content=\"image\/jpeg\" \/>\n<meta name=\"author\" content=\"Aconteceu no Vale\" \/>\n<meta name=\"twitter:card\" content=\"summary_large_image\" \/>\n<meta name=\"twitter:creator\" content=\"@noticiadosvales\" \/>\n<meta name=\"twitter:site\" content=\"@noticiadosvales\" \/>\n<meta name=\"twitter:label1\" content=\"Escrito por\" \/>\n\t<meta name=\"twitter:data1\" content=\"Aconteceu no Vale\" \/>\n\t<meta name=\"twitter:label2\" content=\"Est. tempo de leitura\" \/>\n\t<meta name=\"twitter:data2\" content=\"1 minuto\" \/>\n<script type=\"application\/ld+json\" class=\"yoast-schema-graph\">{\"@context\":\"https:\\\/\\\/schema.org\",\"@graph\":[{\"@type\":\"Article\",\"@id\":\"https:\\\/\\\/aconteceunovale.com.br\\\/portal\\\/?p=103267#article\",\"isPartOf\":{\"@id\":\"https:\\\/\\\/aconteceunovale.com.br\\\/portal\\\/?p=103267\"},\"author\":{\"name\":\"Aconteceu no Vale\",\"@id\":\"https:\\\/\\\/aconteceunovale.com.br\\\/portal\\\/#\\\/schema\\\/person\\\/633529146f2c94272bef50ac2953d589\"},\"headline\":\"Governo Federal reconhece situa\u00e7\u00e3o de emerg\u00eancia em cinco munic\u00edpios de Minas Gerais\",\"datePublished\":\"2016-12-02T12:25:07+00:00\",\"mainEntityOfPage\":{\"@id\":\"https:\\\/\\\/aconteceunovale.com.br\\\/portal\\\/?p=103267\"},\"wordCount\":253,\"commentCount\":0,\"image\":{\"@id\":\"https:\\\/\\\/aconteceunovale.com.br\\\/portal\\\/?p=103267#primaryimage\"},\"thumbnailUrl\":\"https:\\\/\\\/aconteceunovale.com.br\\\/portal\\\/wp-content\\\/uploads\\\/2016\\\/10\\\/seca_nordeste.jpg\",\"keywords\":[\"Cuparaque\",\"Emerg\u00eancia em Cuparaque\",\"Emerg\u00eancia em Ibiracatu\",\"Emerg\u00eancia em Medina\",\"Emerg\u00eancia em V\u00e1rzea da Palma\",\"Emerg\u00eancia Serran\u00f3polis de Minas\",\"Governo Federal reconhece situa\u00e7\u00e3o de emerg\u00eancia em cinco munic\u00edpios de Minas Gerais\",\"Ibiracatu\",\"Medina\",\"Seca e estiagem provocam situa\u00e7\u00e3o de emerg\u00eancia em cinco munic\u00edpios de Minas Gerais\",\"Secretaria Nacional de Prote\u00e7\u00e3o e Defesa Civil\",\"Sedec\",\"Serran\u00f3polis de Minas\",\"Situa\u00e7\u00e3o de emerg\u00eancia em Cuparaque\",\"Situa\u00e7\u00e3o de emerg\u00eancia em Ibiracatu\",\"Situa\u00e7\u00e3o de emerg\u00eancia em Medina\",\"Situa\u00e7\u00e3o de emerg\u00eancia em Serran\u00f3polis de Minas\",\"Situa\u00e7\u00e3o de emerg\u00eancia V\u00e1rzea da Palma\",\"v\u00e1rzea da palma\"],\"articleSection\":[\"Minas Gerais\",\"Norte de Minas\",\"Vale do Jequitinhonha\"],\"inLanguage\":\"pt-BR\",\"potentialAction\":[{\"@type\":\"CommentAction\",\"name\":\"Comment\",\"target\":[\"https:\\\/\\\/aconteceunovale.com.br\\\/portal\\\/?p=103267#respond\"]}]},{\"@type\":\"WebPage\",\"@id\":\"https:\\\/\\\/aconteceunovale.com.br\\\/portal\\\/?p=103267\",\"url\":\"https:\\\/\\\/aconteceunovale.com.br\\\/portal\\\/?p=103267\",\"name\":\"Governo Federal reconhece situa\u00e7\u00e3o de emerg\u00eancia em cinco munic\u00edpios de Minas Gerais - Aconteceu no Vale\",\"isPartOf\":{\"@id\":\"https:\\\/\\\/aconteceunovale.com.br\\\/portal\\\/#website\"},\"primaryImageOfPage\":{\"@id\":\"https:\\\/\\\/aconteceunovale.com.br\\\/portal\\\/?p=103267#primaryimage\"},\"image\":{\"@id\":\"https:\\\/\\\/aconteceunovale.com.br\\\/portal\\\/?p=103267#primaryimage\"},\"thumbnailUrl\":\"https:\\\/\\\/aconteceunovale.com.br\\\/portal\\\/wp-content\\\/uploads\\\/2016\\\/10\\\/seca_nordeste.jpg\",\"datePublished\":\"2016-12-02T12:25:07+00:00\",\"author\":{\"@id\":\"https:\\\/\\\/aconteceunovale.com.br\\\/portal\\\/#\\\/schema\\\/person\\\/633529146f2c94272bef50ac2953d589\"},\"breadcrumb\":{\"@id\":\"https:\\\/\\\/aconteceunovale.com.br\\\/portal\\\/?p=103267#breadcrumb\"},\"inLanguage\":\"pt-BR\",\"potentialAction\":[{\"@type\":\"ReadAction\",\"target\":[\"https:\\\/\\\/aconteceunovale.com.br\\\/portal\\\/?p=103267\"]}]},{\"@type\":\"ImageObject\",\"inLanguage\":\"pt-BR\",\"@id\":\"https:\\\/\\\/aconteceunovale.com.br\\\/portal\\\/?p=103267#primaryimage\",\"url\":\"https:\\\/\\\/aconteceunovale.com.br\\\/portal\\\/wp-content\\\/uploads\\\/2016\\\/10\\\/seca_nordeste.jpg\",\"contentUrl\":\"https:\\\/\\\/aconteceunovale.com.br\\\/portal\\\/wp-content\\\/uploads\\\/2016\\\/10\\\/seca_nordeste.jpg\",\"width\":580,\"height\":388},{\"@type\":\"BreadcrumbList\",\"@id\":\"https:\\\/\\\/aconteceunovale.com.br\\\/portal\\\/?p=103267#breadcrumb\",\"itemListElement\":[{\"@type\":\"ListItem\",\"position\":1,\"name\":\"In\u00edcio\",\"item\":\"https:\\\/\\\/aconteceunovale.com.br\\\/portal\\\/\"},{\"@type\":\"ListItem\",\"position\":2,\"name\":\"Governo Federal reconhece situa\u00e7\u00e3o de emerg\u00eancia em cinco munic\u00edpios de Minas Gerais\"}]},{\"@type\":\"WebSite\",\"@id\":\"https:\\\/\\\/aconteceunovale.com.br\\\/portal\\\/#website\",\"url\":\"https:\\\/\\\/aconteceunovale.com.br\\\/portal\\\/\",\"name\":\"Aconteceu no Vale\",\"description\":\"Portal de Not\u00edcias\",\"potentialAction\":[{\"@type\":\"SearchAction\",\"target\":{\"@type\":\"EntryPoint\",\"urlTemplate\":\"https:\\\/\\\/aconteceunovale.com.br\\\/portal\\\/?s={search_term_string}\"},\"query-input\":{\"@type\":\"PropertyValueSpecification\",\"valueRequired\":true,\"valueName\":\"search_term_string\"}}],\"inLanguage\":\"pt-BR\"},{\"@type\":\"Person\",\"@id\":\"https:\\\/\\\/aconteceunovale.com.br\\\/portal\\\/#\\\/schema\\\/person\\\/633529146f2c94272bef50ac2953d589\",\"name\":\"Aconteceu no Vale\",\"description\":\"Equipe de reportagem do Aconteceu no Vale, portal de not\u00edcias do Vale do Jequitinhonha, em Minas Gerais. Cobrimos as 51 cidades do Vale desde 2013. Sugest\u00f5es de pauta e pedidos de corre\u00e7\u00e3o: contato@aconteceunovale.com.br\",\"sameAs\":[\"http:\\\/\\\/www.aconteceunovale.com.br\"],\"url\":\"https:\\\/\\\/aconteceunovale.com.br\\\/portal\\\/?author=1\"}]}<\/script>\n<!-- \/ Yoast SEO plugin. -->","yoast_head_json":{"title":"Governo Federal reconhece situa\u00e7\u00e3o de emerg\u00eancia em cinco munic\u00edpios de Minas Gerais - Aconteceu no Vale","robots":{"index":"index","follow":"follow","max-snippet":"max-snippet:-1","max-image-preview":"max-image-preview:large","max-video-preview":"max-video-preview:-1"},"canonical":"https:\/\/aconteceunovale.com.br\/portal\/?p=103267","og_locale":"pt_BR","og_type":"article","og_title":"Governo Federal reconhece situa\u00e7\u00e3o de emerg\u00eancia em cinco munic\u00edpios de Minas Gerais - Aconteceu no Vale","og_description":"A Secretaria Nacional de Prote\u00e7\u00e3o e Defesa Civil (Sedec), do Minist\u00e9rio da Integra\u00e7\u00e3o Nacional, reconheceu a situa\u00e7\u00e3o de emerg\u00eancia em munic\u00edpios da Bahia, Maranh\u00e3o, Minas Gerais, Para\u00edba e Sergipe. A partir do reconhecimento, as prefeituras podem solicitar apoio ao Governo Federal para a\u00e7\u00f5es de socorro, assist\u00eancia e reestabelecimento de servi\u00e7os essenciais, como o refor\u00e7o das [&hellip;]","og_url":"https:\/\/aconteceunovale.com.br\/portal\/?p=103267","og_site_name":"Aconteceu no Vale","article_publisher":"https:\/\/www.facebook.com\/aconteceunovale\/","article_published_time":"2016-12-02T12:25:07+00:00","og_image":[{"width":580,"height":388,"url":"https:\/\/aconteceunovale.com.br\/portal\/wp-content\/uploads\/2016\/10\/seca_nordeste.jpg","type":"image\/jpeg"}],"author":"Aconteceu no Vale","twitter_card":"summary_large_image","twitter_creator":"@noticiadosvales","twitter_site":"@noticiadosvales","twitter_misc":{"Escrito por":"Aconteceu no Vale","Est. tempo de leitura":"1 minuto"},"schema":{"@context":"https:\/\/schema.org","@graph":[{"@type":"Article","@id":"https:\/\/aconteceunovale.com.br\/portal\/?p=103267#article","isPartOf":{"@id":"https:\/\/aconteceunovale.com.br\/portal\/?p=103267"},"author":{"name":"Aconteceu no Vale","@id":"https:\/\/aconteceunovale.com.br\/portal\/#\/schema\/person\/633529146f2c94272bef50ac2953d589"},"headline":"Governo Federal reconhece situa\u00e7\u00e3o de emerg\u00eancia em cinco munic\u00edpios de Minas Gerais","datePublished":"2016-12-02T12:25:07+00:00","mainEntityOfPage":{"@id":"https:\/\/aconteceunovale.com.br\/portal\/?p=103267"},"wordCount":253,"commentCount":0,"image":{"@id":"https:\/\/aconteceunovale.com.br\/portal\/?p=103267#primaryimage"},"thumbnailUrl":"https:\/\/aconteceunovale.com.br\/portal\/wp-content\/uploads\/2016\/10\/seca_nordeste.jpg","keywords":["Cuparaque","Emerg\u00eancia em Cuparaque","Emerg\u00eancia em Ibiracatu","Emerg\u00eancia em Medina","Emerg\u00eancia em V\u00e1rzea da Palma","Emerg\u00eancia Serran\u00f3polis de Minas","Governo Federal reconhece situa\u00e7\u00e3o de emerg\u00eancia em cinco munic\u00edpios de Minas Gerais","Ibiracatu","Medina","Seca e estiagem provocam situa\u00e7\u00e3o de emerg\u00eancia em cinco munic\u00edpios de Minas Gerais","Secretaria Nacional de Prote\u00e7\u00e3o e Defesa Civil","Sedec","Serran\u00f3polis de Minas","Situa\u00e7\u00e3o de emerg\u00eancia em Cuparaque","Situa\u00e7\u00e3o de emerg\u00eancia em Ibiracatu","Situa\u00e7\u00e3o de emerg\u00eancia em Medina","Situa\u00e7\u00e3o de emerg\u00eancia em Serran\u00f3polis de Minas","Situa\u00e7\u00e3o de emerg\u00eancia V\u00e1rzea da Palma","v\u00e1rzea da palma"],"articleSection":["Minas Gerais","Norte de Minas","Vale do Jequitinhonha"],"inLanguage":"pt-BR","potentialAction":[{"@type":"CommentAction","name":"Comment","target":["https:\/\/aconteceunovale.com.br\/portal\/?p=103267#respond"]}]},{"@type":"WebPage","@id":"https:\/\/aconteceunovale.com.br\/portal\/?p=103267","url":"https:\/\/aconteceunovale.com.br\/portal\/?p=103267","name":"Governo Federal reconhece situa\u00e7\u00e3o de emerg\u00eancia em cinco munic\u00edpios de Minas Gerais - Aconteceu no Vale","isPartOf":{"@id":"https:\/\/aconteceunovale.com.br\/portal\/#website"},"primaryImageOfPage":{"@id":"https:\/\/aconteceunovale.com.br\/portal\/?p=103267#primaryimage"},"image":{"@id":"https:\/\/aconteceunovale.com.br\/portal\/?p=103267#primaryimage"},"thumbnailUrl":"https:\/\/aconteceunovale.com.br\/portal\/wp-content\/uploads\/2016\/10\/seca_nordeste.jpg","datePublished":"2016-12-02T12:25:07+00:00","author":{"@id":"https:\/\/aconteceunovale.com.br\/portal\/#\/schema\/person\/633529146f2c94272bef50ac2953d589"},"breadcrumb":{"@id":"https:\/\/aconteceunovale.com.br\/portal\/?p=103267#breadcrumb"},"inLanguage":"pt-BR","potentialAction":[{"@type":"ReadAction","target":["https:\/\/aconteceunovale.com.br\/portal\/?p=103267"]}]},{"@type":"ImageObject","inLanguage":"pt-BR","@id":"https:\/\/aconteceunovale.com.br\/portal\/?p=103267#primaryimage","url":"https:\/\/aconteceunovale.com.br\/portal\/wp-content\/uploads\/2016\/10\/seca_nordeste.jpg","contentUrl":"https:\/\/aconteceunovale.com.br\/portal\/wp-content\/uploads\/2016\/10\/seca_nordeste.jpg","width":580,"height":388},{"@type":"BreadcrumbList","@id":"https:\/\/aconteceunovale.com.br\/portal\/?p=103267#breadcrumb","itemListElement":[{"@type":"ListItem","position":1,"name":"In\u00edcio","item":"https:\/\/aconteceunovale.com.br\/portal\/"},{"@type":"ListItem","position":2,"name":"Governo Federal reconhece situa\u00e7\u00e3o de emerg\u00eancia em cinco munic\u00edpios de Minas Gerais"}]},{"@type":"WebSite","@id":"https:\/\/aconteceunovale.com.br\/portal\/#website","url":"https:\/\/aconteceunovale.com.br\/portal\/","name":"Aconteceu no Vale","description":"Portal de Not\u00edcias","potentialAction":[{"@type":"SearchAction","target":{"@type":"EntryPoint","urlTemplate":"https:\/\/aconteceunovale.com.br\/portal\/?s={search_term_string}"},"query-input":{"@type":"PropertyValueSpecification","valueRequired":true,"valueName":"search_term_string"}}],"inLanguage":"pt-BR"},{"@type":"Person","@id":"https:\/\/aconteceunovale.com.br\/portal\/#\/schema\/person\/633529146f2c94272bef50ac2953d589","name":"Aconteceu no Vale","description":"Equipe de reportagem do Aconteceu no Vale, portal de not\u00edcias do Vale do Jequitinhonha, em Minas Gerais. Cobrimos as 51 cidades do Vale desde 2013. Sugest\u00f5es de pauta e pedidos de corre\u00e7\u00e3o: contato@aconteceunovale.com.br","sameAs":["http:\/\/www.aconteceunovale.com.br"],"url":"https:\/\/aconteceunovale.com.br\/portal\/?author=1"}]}},"_links":{"self":[{"href":"https:\/\/aconteceunovale.com.br\/portal\/index.php?rest_route=\/wp\/v2\/posts\/103267","targetHints":{"allow":["GET"]}}],"collection":[{"href":"https:\/\/aconteceunovale.com.br\/portal\/index.php?rest_route=\/wp\/v2\/posts"}],"about":[{"href":"https:\/\/aconteceunovale.com.br\/portal\/index.php?rest_route=\/wp\/v2\/types\/post"}],"author":[{"embeddable":true,"href":"https:\/\/aconteceunovale.com.br\/portal\/index.php?rest_route=\/wp\/v2\/users\/1"}],"replies":[{"embeddable":true,"href":"https:\/\/aconteceunovale.com.br\/portal\/index.php?rest_route=%2Fwp%2Fv2%2Fcomments&post=103267"}],"version-history":[{"count":0,"href":"https:\/\/aconteceunovale.com.br\/portal\/index.php?rest_route=\/wp\/v2\/posts\/103267\/revisions"}],"wp:featuredmedia":[{"embeddable":true,"href":"https:\/\/aconteceunovale.com.br\/portal\/index.php?rest_route=\/wp\/v2\/media\/99807"}],"wp:attachment":[{"href":"https:\/\/aconteceunovale.com.br\/portal\/index.php?rest_route=%2Fwp%2Fv2%2Fmedia&parent=103267"}],"wp:term":[{"taxonomy":"category","embeddable":true,"href":"https:\/\/aconteceunovale.com.br\/portal\/index.php?rest_route=%2Fwp%2Fv2%2Fcategories&post=103267"},{"taxonomy":"post_tag","embeddable":true,"href":"https:\/\/aconteceunovale.com.br\/portal\/index.php?rest_route=%2Fwp%2Fv2%2Ftags&post=103267"}],"curies":[{"name":"wp","href":"https:\/\/api.w.org\/{rel}","templated":true}]}}