{"id":103263,"date":"2016-12-02T09:29:02","date_gmt":"2016-12-02T11:29:02","guid":{"rendered":"http:\/\/aconteceunovale.com.br\/portal\/?p=103263"},"modified":"2016-12-02T09:29:02","modified_gmt":"2016-12-02T11:29:02","slug":"previsao-do-tempo-para-minas-gerais-nesta-sexta-feira-2-de-dezembro","status":"publish","type":"post","link":"https:\/\/aconteceunovale.com.br\/portal\/?p=103263","title":{"rendered":"Previs\u00e3o do tempo para Minas Gerais, nesta sexta-feira, 2 de dezembro"},"content":{"rendered":"<h4><strong><em>C\u00e9u nublado a parcialmente nublado, com chuvas isoladas na maior parte do estado. Na capital, temperatura m\u00e1xima chega a 25 graus.<\/em><\/strong><\/h4>\n<p>Nesta sexta-feira (2\/12) \u00e1reas de instabilidade atmosf\u00e9ricas provocam pancadas de chuva isoladas em parte do Brasil central. Em Minas Gerais o tempo deve ficar nublado a parcialmente nublado, com chuvas isoladas no Sul, Campo das Vertentes, Centro, Zona da Mata e Leste.<\/p>\n<p>C\u00e9u nublado, com pancadas de chuva e trovoadas isoladas no Noroeste, Tri\u00e2ngulo Mineiro, Alto Parana\u00edba e Oeste. C\u00e9u parcialmente nublado no Norte.<\/p>\n<p>Na Regi\u00e3o Metropolitana de Belo Horizonte o dia ser\u00e1 de tempo nublado, com chuvas localizadas.<\/p>\n<p>Na capital mineira mais um dia com tempo nublado a parcialmente nublado e ocorr\u00eancia de chuvas isoladas. A temperatura deve variar entre a m\u00ednima de 15\u00b0C e m\u00e1xima de 25\u00b0C, com umidade relativa do ar em torno de 55% \u00e0 tarde.<\/p>\n","protected":false},"excerpt":{"rendered":"<p>C\u00e9u nublado a parcialmente nublado, com chuvas isoladas na maior parte do estado. Na capital, temperatura m\u00e1xima chega a 25 graus. Nesta sexta-feira (2\/12) \u00e1reas de instabilidade atmosf\u00e9ricas provocam pancadas de chuva isoladas em parte do Brasil central. Em Minas Gerais o tempo deve ficar nublado a parcialmente nublado, com chuvas isoladas no Sul, Campo [&hellip;]<\/p>\n","protected":false},"author":1,"featured_media":101017,"comment_status":"open","ping_status":"closed","sticky":false,"template":"","format":"standard","meta":{"amp_status":"","footnotes":""},"categories":[123],"tags":[67991,194,131,38395,1956,27340,128537,86248,128536,1839,67994,27976,128534,128535],"class_list":["post-103263","post","type-post","status-publish","format-standard","has-post-thumbnail","hentry","category-gerais","tag-2-de-dezembro","tag-belo-horizonte","tag-minas-gerais","tag-nesta-sexta-feira","tag-previsao-do-tempo","tag-previsao-do-tempo-para-belo-horizonte","tag-previsao-do-tempo-para-belo-horizonte-2-de-dezembro","tag-previsao-do-tempo-para-belo-horizonte-nesta-sexta-feira","tag-previsao-do-tempo-para-belo-horizonte-nesta-sexta-feira-2-de-dezembro","tag-previsao-do-tempo-para-minas-gerais","tag-previsao-do-tempo-para-minas-gerais-2-de-dezembro","tag-previsao-do-tempo-para-minas-gerais-nesta-sexta-feira","tag-previsao-do-tempo-para-minas-gerais-nesta-sexta-feira-2-de-dezembro","tag-sexta-feira-2-de-dezembro"],"yoast_head":"<!-- This site is optimized with the Yoast SEO plugin v28.3 - https:\/\/yoast.com\/product\/yoast-seo-wordpress\/ -->\n<title>Previs\u00e3o do tempo para Minas Gerais, nesta sexta-feira, 2 de dezembro - Aconteceu no Vale<\/title>\n<meta name=\"robots\" content=\"index, follow, max-snippet:-1, max-image-preview:large, max-video-preview:-1\" \/>\n<link rel=\"canonical\" href=\"https:\/\/aconteceunovale.com.br\/portal\/?p=103263\" \/>\n<meta property=\"og:locale\" content=\"pt_BR\" \/>\n<meta property=\"og:type\" content=\"article\" \/>\n<meta property=\"og:title\" content=\"Previs\u00e3o do tempo para Minas Gerais, nesta sexta-feira, 2 de dezembro - Aconteceu no Vale\" \/>\n<meta property=\"og:description\" content=\"C\u00e9u nublado a parcialmente nublado, com chuvas isoladas na maior parte do estado. Na capital, temperatura m\u00e1xima chega a 25 graus. Nesta sexta-feira (2\/12) \u00e1reas de instabilidade atmosf\u00e9ricas provocam pancadas de chuva isoladas em parte do Brasil central. Em Minas Gerais o tempo deve ficar nublado a parcialmente nublado, com chuvas isoladas no Sul, Campo [&hellip;]\" \/>\n<meta property=\"og:url\" content=\"https:\/\/aconteceunovale.com.br\/portal\/?p=103263\" \/>\n<meta property=\"og:site_name\" content=\"Aconteceu no Vale\" \/>\n<meta property=\"article:publisher\" content=\"https:\/\/www.facebook.com\/aconteceunovale\/\" \/>\n<meta property=\"article:published_time\" content=\"2016-12-02T11:29:02+00:00\" \/>\n<meta property=\"og:image\" content=\"https:\/\/aconteceunovale.com.br\/portal\/wp-content\/uploads\/2016\/11\/previsao_do_tempo.jpg\" \/>\n\t<meta property=\"og:image:width\" content=\"537\" \/>\n\t<meta property=\"og:image:height\" content=\"338\" \/>\n\t<meta property=\"og:image:type\" content=\"image\/jpeg\" \/>\n<meta name=\"author\" content=\"Aconteceu no Vale\" \/>\n<meta name=\"twitter:card\" content=\"summary_large_image\" \/>\n<meta name=\"twitter:creator\" content=\"@noticiadosvales\" \/>\n<meta name=\"twitter:site\" content=\"@noticiadosvales\" \/>\n<meta name=\"twitter:label1\" content=\"Escrito por\" \/>\n\t<meta name=\"twitter:data1\" content=\"Aconteceu no Vale\" \/>\n\t<meta name=\"twitter:label2\" content=\"Est. tempo de leitura\" \/>\n\t<meta name=\"twitter:data2\" content=\"1 minuto\" \/>\n<script type=\"application\/ld+json\" class=\"yoast-schema-graph\">{\"@context\":\"https:\\\/\\\/schema.org\",\"@graph\":[{\"@type\":\"Article\",\"@id\":\"https:\\\/\\\/aconteceunovale.com.br\\\/portal\\\/?p=103263#article\",\"isPartOf\":{\"@id\":\"https:\\\/\\\/aconteceunovale.com.br\\\/portal\\\/?p=103263\"},\"author\":{\"name\":\"Aconteceu no Vale\",\"@id\":\"https:\\\/\\\/aconteceunovale.com.br\\\/portal\\\/#\\\/schema\\\/person\\\/633529146f2c94272bef50ac2953d589\"},\"headline\":\"Previs\u00e3o do tempo para Minas Gerais, nesta sexta-feira, 2 de dezembro\",\"datePublished\":\"2016-12-02T11:29:02+00:00\",\"mainEntityOfPage\":{\"@id\":\"https:\\\/\\\/aconteceunovale.com.br\\\/portal\\\/?p=103263\"},\"wordCount\":159,\"commentCount\":0,\"image\":{\"@id\":\"https:\\\/\\\/aconteceunovale.com.br\\\/portal\\\/?p=103263#primaryimage\"},\"thumbnailUrl\":\"https:\\\/\\\/aconteceunovale.com.br\\\/portal\\\/wp-content\\\/uploads\\\/2016\\\/11\\\/previsao_do_tempo.jpg\",\"keywords\":[\"2 de dezembro\",\"Belo Horizonte\",\"Minas Gerais\",\"nesta sexta-feira\",\"previs\u00e3o do tempo\",\"Previs\u00e3o do tempo para belo horizonte\",\"Previs\u00e3o do tempo para Belo Horizonte 2 de dezembro\",\"Previs\u00e3o do tempo para Belo Horizonte nesta sexta-feira\",\"Previs\u00e3o do tempo para Belo Horizonte nesta sexta-feira 2 de dezembro\",\"previs\u00e3o do tempo para minas gerais\",\"Previs\u00e3o do tempo para Minas Gerais 2 de dezembro\",\"Previs\u00e3o do tempo para Minas Gerais nesta sexta-feira\",\"Previs\u00e3o do tempo para Minas Gerais nesta sexta-feira 2 de dezembro\",\"sexta-feira 2 de dezembro\"],\"articleSection\":[\"Minas Gerais\"],\"inLanguage\":\"pt-BR\",\"potentialAction\":[{\"@type\":\"CommentAction\",\"name\":\"Comment\",\"target\":[\"https:\\\/\\\/aconteceunovale.com.br\\\/portal\\\/?p=103263#respond\"]}]},{\"@type\":\"WebPage\",\"@id\":\"https:\\\/\\\/aconteceunovale.com.br\\\/portal\\\/?p=103263\",\"url\":\"https:\\\/\\\/aconteceunovale.com.br\\\/portal\\\/?p=103263\",\"name\":\"Previs\u00e3o do tempo para Minas Gerais, nesta sexta-feira, 2 de dezembro - Aconteceu no Vale\",\"isPartOf\":{\"@id\":\"https:\\\/\\\/aconteceunovale.com.br\\\/portal\\\/#website\"},\"primaryImageOfPage\":{\"@id\":\"https:\\\/\\\/aconteceunovale.com.br\\\/portal\\\/?p=103263#primaryimage\"},\"image\":{\"@id\":\"https:\\\/\\\/aconteceunovale.com.br\\\/portal\\\/?p=103263#primaryimage\"},\"thumbnailUrl\":\"https:\\\/\\\/aconteceunovale.com.br\\\/portal\\\/wp-content\\\/uploads\\\/2016\\\/11\\\/previsao_do_tempo.jpg\",\"datePublished\":\"2016-12-02T11:29:02+00:00\",\"author\":{\"@id\":\"https:\\\/\\\/aconteceunovale.com.br\\\/portal\\\/#\\\/schema\\\/person\\\/633529146f2c94272bef50ac2953d589\"},\"breadcrumb\":{\"@id\":\"https:\\\/\\\/aconteceunovale.com.br\\\/portal\\\/?p=103263#breadcrumb\"},\"inLanguage\":\"pt-BR\",\"potentialAction\":[{\"@type\":\"ReadAction\",\"target\":[\"https:\\\/\\\/aconteceunovale.com.br\\\/portal\\\/?p=103263\"]}]},{\"@type\":\"ImageObject\",\"inLanguage\":\"pt-BR\",\"@id\":\"https:\\\/\\\/aconteceunovale.com.br\\\/portal\\\/?p=103263#primaryimage\",\"url\":\"https:\\\/\\\/aconteceunovale.com.br\\\/portal\\\/wp-content\\\/uploads\\\/2016\\\/11\\\/previsao_do_tempo.jpg\",\"contentUrl\":\"https:\\\/\\\/aconteceunovale.com.br\\\/portal\\\/wp-content\\\/uploads\\\/2016\\\/11\\\/previsao_do_tempo.jpg\",\"width\":537,\"height\":338},{\"@type\":\"BreadcrumbList\",\"@id\":\"https:\\\/\\\/aconteceunovale.com.br\\\/portal\\\/?p=103263#breadcrumb\",\"itemListElement\":[{\"@type\":\"ListItem\",\"position\":1,\"name\":\"In\u00edcio\",\"item\":\"https:\\\/\\\/aconteceunovale.com.br\\\/portal\\\/\"},{\"@type\":\"ListItem\",\"position\":2,\"name\":\"Previs\u00e3o do tempo para Minas Gerais, nesta sexta-feira, 2 de dezembro\"}]},{\"@type\":\"WebSite\",\"@id\":\"https:\\\/\\\/aconteceunovale.com.br\\\/portal\\\/#website\",\"url\":\"https:\\\/\\\/aconteceunovale.com.br\\\/portal\\\/\",\"name\":\"Aconteceu no Vale\",\"description\":\"Portal de Not\u00edcias\",\"potentialAction\":[{\"@type\":\"SearchAction\",\"target\":{\"@type\":\"EntryPoint\",\"urlTemplate\":\"https:\\\/\\\/aconteceunovale.com.br\\\/portal\\\/?s={search_term_string}\"},\"query-input\":{\"@type\":\"PropertyValueSpecification\",\"valueRequired\":true,\"valueName\":\"search_term_string\"}}],\"inLanguage\":\"pt-BR\"},{\"@type\":\"Person\",\"@id\":\"https:\\\/\\\/aconteceunovale.com.br\\\/portal\\\/#\\\/schema\\\/person\\\/633529146f2c94272bef50ac2953d589\",\"name\":\"Aconteceu no Vale\",\"description\":\"Equipe de reportagem do Aconteceu no Vale, portal de not\u00edcias do Vale do Jequitinhonha, em Minas Gerais. Cobrimos as 51 cidades do Vale desde 2013. Sugest\u00f5es de pauta e pedidos de corre\u00e7\u00e3o: contato@aconteceunovale.com.br\",\"sameAs\":[\"http:\\\/\\\/www.aconteceunovale.com.br\"],\"url\":\"https:\\\/\\\/aconteceunovale.com.br\\\/portal\\\/?author=1\"}]}<\/script>\n<!-- \/ Yoast SEO plugin. -->","yoast_head_json":{"title":"Previs\u00e3o do tempo para Minas Gerais, nesta sexta-feira, 2 de dezembro - Aconteceu no Vale","robots":{"index":"index","follow":"follow","max-snippet":"max-snippet:-1","max-image-preview":"max-image-preview:large","max-video-preview":"max-video-preview:-1"},"canonical":"https:\/\/aconteceunovale.com.br\/portal\/?p=103263","og_locale":"pt_BR","og_type":"article","og_title":"Previs\u00e3o do tempo para Minas Gerais, nesta sexta-feira, 2 de dezembro - Aconteceu no Vale","og_description":"C\u00e9u nublado a parcialmente nublado, com chuvas isoladas na maior parte do estado. Na capital, temperatura m\u00e1xima chega a 25 graus. Nesta sexta-feira (2\/12) \u00e1reas de instabilidade atmosf\u00e9ricas provocam pancadas de chuva isoladas em parte do Brasil central. Em Minas Gerais o tempo deve ficar nublado a parcialmente nublado, com chuvas isoladas no Sul, Campo [&hellip;]","og_url":"https:\/\/aconteceunovale.com.br\/portal\/?p=103263","og_site_name":"Aconteceu no Vale","article_publisher":"https:\/\/www.facebook.com\/aconteceunovale\/","article_published_time":"2016-12-02T11:29:02+00:00","og_image":[{"width":537,"height":338,"url":"https:\/\/aconteceunovale.com.br\/portal\/wp-content\/uploads\/2016\/11\/previsao_do_tempo.jpg","type":"image\/jpeg"}],"author":"Aconteceu no Vale","twitter_card":"summary_large_image","twitter_creator":"@noticiadosvales","twitter_site":"@noticiadosvales","twitter_misc":{"Escrito por":"Aconteceu no Vale","Est. tempo de leitura":"1 minuto"},"schema":{"@context":"https:\/\/schema.org","@graph":[{"@type":"Article","@id":"https:\/\/aconteceunovale.com.br\/portal\/?p=103263#article","isPartOf":{"@id":"https:\/\/aconteceunovale.com.br\/portal\/?p=103263"},"author":{"name":"Aconteceu no Vale","@id":"https:\/\/aconteceunovale.com.br\/portal\/#\/schema\/person\/633529146f2c94272bef50ac2953d589"},"headline":"Previs\u00e3o do tempo para Minas Gerais, nesta sexta-feira, 2 de dezembro","datePublished":"2016-12-02T11:29:02+00:00","mainEntityOfPage":{"@id":"https:\/\/aconteceunovale.com.br\/portal\/?p=103263"},"wordCount":159,"commentCount":0,"image":{"@id":"https:\/\/aconteceunovale.com.br\/portal\/?p=103263#primaryimage"},"thumbnailUrl":"https:\/\/aconteceunovale.com.br\/portal\/wp-content\/uploads\/2016\/11\/previsao_do_tempo.jpg","keywords":["2 de dezembro","Belo Horizonte","Minas Gerais","nesta sexta-feira","previs\u00e3o do tempo","Previs\u00e3o do tempo para belo horizonte","Previs\u00e3o do tempo para Belo Horizonte 2 de dezembro","Previs\u00e3o do tempo para Belo Horizonte nesta sexta-feira","Previs\u00e3o do tempo para Belo Horizonte nesta sexta-feira 2 de dezembro","previs\u00e3o do tempo para minas gerais","Previs\u00e3o do tempo para Minas Gerais 2 de dezembro","Previs\u00e3o do tempo para Minas Gerais nesta sexta-feira","Previs\u00e3o do tempo para Minas Gerais nesta sexta-feira 2 de dezembro","sexta-feira 2 de dezembro"],"articleSection":["Minas Gerais"],"inLanguage":"pt-BR","potentialAction":[{"@type":"CommentAction","name":"Comment","target":["https:\/\/aconteceunovale.com.br\/portal\/?p=103263#respond"]}]},{"@type":"WebPage","@id":"https:\/\/aconteceunovale.com.br\/portal\/?p=103263","url":"https:\/\/aconteceunovale.com.br\/portal\/?p=103263","name":"Previs\u00e3o do tempo para Minas Gerais, nesta sexta-feira, 2 de dezembro - Aconteceu no Vale","isPartOf":{"@id":"https:\/\/aconteceunovale.com.br\/portal\/#website"},"primaryImageOfPage":{"@id":"https:\/\/aconteceunovale.com.br\/portal\/?p=103263#primaryimage"},"image":{"@id":"https:\/\/aconteceunovale.com.br\/portal\/?p=103263#primaryimage"},"thumbnailUrl":"https:\/\/aconteceunovale.com.br\/portal\/wp-content\/uploads\/2016\/11\/previsao_do_tempo.jpg","datePublished":"2016-12-02T11:29:02+00:00","author":{"@id":"https:\/\/aconteceunovale.com.br\/portal\/#\/schema\/person\/633529146f2c94272bef50ac2953d589"},"breadcrumb":{"@id":"https:\/\/aconteceunovale.com.br\/portal\/?p=103263#breadcrumb"},"inLanguage":"pt-BR","potentialAction":[{"@type":"ReadAction","target":["https:\/\/aconteceunovale.com.br\/portal\/?p=103263"]}]},{"@type":"ImageObject","inLanguage":"pt-BR","@id":"https:\/\/aconteceunovale.com.br\/portal\/?p=103263#primaryimage","url":"https:\/\/aconteceunovale.com.br\/portal\/wp-content\/uploads\/2016\/11\/previsao_do_tempo.jpg","contentUrl":"https:\/\/aconteceunovale.com.br\/portal\/wp-content\/uploads\/2016\/11\/previsao_do_tempo.jpg","width":537,"height":338},{"@type":"BreadcrumbList","@id":"https:\/\/aconteceunovale.com.br\/portal\/?p=103263#breadcrumb","itemListElement":[{"@type":"ListItem","position":1,"name":"In\u00edcio","item":"https:\/\/aconteceunovale.com.br\/portal\/"},{"@type":"ListItem","position":2,"name":"Previs\u00e3o do tempo para Minas Gerais, nesta sexta-feira, 2 de dezembro"}]},{"@type":"WebSite","@id":"https:\/\/aconteceunovale.com.br\/portal\/#website","url":"https:\/\/aconteceunovale.com.br\/portal\/","name":"Aconteceu no Vale","description":"Portal de Not\u00edcias","potentialAction":[{"@type":"SearchAction","target":{"@type":"EntryPoint","urlTemplate":"https:\/\/aconteceunovale.com.br\/portal\/?s={search_term_string}"},"query-input":{"@type":"PropertyValueSpecification","valueRequired":true,"valueName":"search_term_string"}}],"inLanguage":"pt-BR"},{"@type":"Person","@id":"https:\/\/aconteceunovale.com.br\/portal\/#\/schema\/person\/633529146f2c94272bef50ac2953d589","name":"Aconteceu no Vale","description":"Equipe de reportagem do Aconteceu no Vale, portal de not\u00edcias do Vale do Jequitinhonha, em Minas Gerais. Cobrimos as 51 cidades do Vale desde 2013. Sugest\u00f5es de pauta e pedidos de corre\u00e7\u00e3o: contato@aconteceunovale.com.br","sameAs":["http:\/\/www.aconteceunovale.com.br"],"url":"https:\/\/aconteceunovale.com.br\/portal\/?author=1"}]}},"_links":{"self":[{"href":"https:\/\/aconteceunovale.com.br\/portal\/index.php?rest_route=\/wp\/v2\/posts\/103263","targetHints":{"allow":["GET"]}}],"collection":[{"href":"https:\/\/aconteceunovale.com.br\/portal\/index.php?rest_route=\/wp\/v2\/posts"}],"about":[{"href":"https:\/\/aconteceunovale.com.br\/portal\/index.php?rest_route=\/wp\/v2\/types\/post"}],"author":[{"embeddable":true,"href":"https:\/\/aconteceunovale.com.br\/portal\/index.php?rest_route=\/wp\/v2\/users\/1"}],"replies":[{"embeddable":true,"href":"https:\/\/aconteceunovale.com.br\/portal\/index.php?rest_route=%2Fwp%2Fv2%2Fcomments&post=103263"}],"version-history":[{"count":0,"href":"https:\/\/aconteceunovale.com.br\/portal\/index.php?rest_route=\/wp\/v2\/posts\/103263\/revisions"}],"wp:featuredmedia":[{"embeddable":true,"href":"https:\/\/aconteceunovale.com.br\/portal\/index.php?rest_route=\/wp\/v2\/media\/101017"}],"wp:attachment":[{"href":"https:\/\/aconteceunovale.com.br\/portal\/index.php?rest_route=%2Fwp%2Fv2%2Fmedia&parent=103263"}],"wp:term":[{"taxonomy":"category","embeddable":true,"href":"https:\/\/aconteceunovale.com.br\/portal\/index.php?rest_route=%2Fwp%2Fv2%2Fcategories&post=103263"},{"taxonomy":"post_tag","embeddable":true,"href":"https:\/\/aconteceunovale.com.br\/portal\/index.php?rest_route=%2Fwp%2Fv2%2Ftags&post=103263"}],"curies":[{"name":"wp","href":"https:\/\/api.w.org\/{rel}","templated":true}]}}