{"id":103261,"date":"2016-12-01T21:31:12","date_gmt":"2016-12-01T23:31:12","guid":{"rendered":"http:\/\/aconteceunovale.com.br\/portal\/?p=103261"},"modified":"2016-12-01T21:31:12","modified_gmt":"2016-12-01T23:31:12","slug":"operacao-reacao-em-cadeia-prende-quadrilha-suspeita-de-diversos-crimes-no-vale-do-aco-2","status":"publish","type":"post","link":"https:\/\/aconteceunovale.com.br\/portal\/?p=103261","title":{"rendered":"Opera\u00e7\u00e3o Rea\u00e7\u00e3o em Cadeia prende quadrilha suspeita de diversos crimes no Vale do A\u00e7o"},"content":{"rendered":"<p>Cinco jovens foram presos na manh\u00e3 desta quinta-feira (1\u00ba de novembro de 2016) durante a Opera\u00e7\u00e3o &#8216;Rea\u00e7\u00e3o em Cadeia&#8217;, que cumpriu mandados de busca e apreens\u00e3o e pris\u00e3o na cidade de Joan\u00e9sia e Ipatinga, no Vale do A\u00e7o. A\u00e7\u00e3o que foi comandada pela Pol\u00edcia Civil (PC) de Santana do Para\u00edso e tinha como objetivo localizar autores de crimes de homic\u00eddios, tr\u00e1fico de drogas e roubos na regi\u00e3o.<\/p>\n<p>Quatro homens foram presos em Joan\u00e9sia, e o homem apontado como chefe da organiza\u00e7\u00e3o criminosa foi detido em Ipatinga. Um sexto suspeito, que tamb\u00e9m faz parte do grupo, foi preso no m\u00eas de novembro.<\/p>\n<p>O delegado respons\u00e1vel pelas investiga\u00e7\u00f5es, Bruno Campo Morato, informou que o grupo estava amedrontando a cidade de Joan\u00e9sia, que tem aproximadamente 5220 habitantes. Segundo o policial a quadrilha chegou at\u00e9 mesmo a expulsar uma fam\u00edlia da cidade, que, por medo dos criminosos, deixaram o local.<\/p>\n<p>&#8220;Esse grupo estava sendo investigado h\u00e1 oito meses. Tivemos muitas ocorr\u00eancias de roubos a m\u00e3o armada, em \u00e1reas rurais, e tamb\u00e9m contra idosos, que quando iam fazer retiradas de dinheiro em ag\u00eancias banc\u00e1rias, eram assaltados no caminho de volta para a casa deles. At\u00e9 uma fam\u00edlia mudou da cidade, porque o grupo achou que eles poderiam denunci\u00e1-los \u00e0 pol\u00edcia. Hoje estamos retomando a ordem no munic\u00edpio&#8221;, declarou.<\/p>\n<p>No total, 25 policiais civil participaram da opera\u00e7\u00e3o. Os presos ser\u00e3o encaminhados para a penitenci\u00e1ria D\u00eanio Moreira.<\/p>\n<p><img decoding=\"async\" src=\"http:\/\/aconteceunovale.com.br\/portal\/wp-content\/uploads\/2016\/12\/quadrilha_lm.jpeg\" alt=\"\" \/><em>Cinco pessoas foram presas por diversos crimes (Foto: Farley Vasconcellos\/Inter TV dos Vales)<\/em><br \/>\n<\/br><\/p>\n<p><em>(Fonte: G1 dos Vales)<\/em><\/p>\n","protected":false},"excerpt":{"rendered":"<p>Cinco jovens foram presos na manh\u00e3 desta quinta-feira (1\u00ba de novembro de 2016) durante a Opera\u00e7\u00e3o &#8216;Rea\u00e7\u00e3o em Cadeia&#8217;, que cumpriu mandados de busca e apreens\u00e3o e pris\u00e3o na cidade de Joan\u00e9sia e Ipatinga, no Vale do A\u00e7o. A\u00e7\u00e3o que foi comandada pela Pol\u00edcia Civil (PC) de Santana do Para\u00edso e tinha como objetivo localizar [&hellip;]<\/p>\n","protected":false},"author":1,"featured_media":103259,"comment_status":"open","ping_status":"closed","sticky":false,"template":"","format":"standard","meta":{"amp_status":"","footnotes":""},"categories":[121],"tags":[128532,201,777,128529,128533,75999,128531,128528,128530,2101],"class_list":["post-103261","post","type-post","status-publish","format-standard","has-post-thumbnail","hentry","category-leste","tag-bruno-campo-morato","tag-ipatinga","tag-joanesia","tag-operacao-reacao-em-cadeia","tag-operacao-reacao-em-cadeia-prende-quadrilha-suspeita-de-diversos-crimes-no-vale-do-aco","tag-presos-em-ipatinga","tag-presos-em-joanesia","tag-presos-na-operacao-reacao-em-cadeia","tag-resultado-da-operacao-reacao-em-cadeia","tag-santana-do-paraiso"],"yoast_head":"<!-- This site is optimized with the Yoast SEO plugin v28.3 - https:\/\/yoast.com\/product\/yoast-seo-wordpress\/ -->\n<title>Opera\u00e7\u00e3o Rea\u00e7\u00e3o em Cadeia prende quadrilha suspeita de diversos crimes no Vale do A\u00e7o - Aconteceu no Vale<\/title>\n<meta name=\"robots\" content=\"index, follow, max-snippet:-1, max-image-preview:large, max-video-preview:-1\" \/>\n<link rel=\"canonical\" href=\"https:\/\/aconteceunovale.com.br\/portal\/?p=103261\" \/>\n<meta property=\"og:locale\" content=\"pt_BR\" \/>\n<meta property=\"og:type\" content=\"article\" \/>\n<meta property=\"og:title\" content=\"Opera\u00e7\u00e3o Rea\u00e7\u00e3o em Cadeia prende quadrilha suspeita de diversos crimes no Vale do A\u00e7o - Aconteceu no Vale\" \/>\n<meta property=\"og:description\" content=\"Cinco jovens foram presos na manh\u00e3 desta quinta-feira (1\u00ba de novembro de 2016) durante a Opera\u00e7\u00e3o &#8216;Rea\u00e7\u00e3o em Cadeia&#8217;, que cumpriu mandados de busca e apreens\u00e3o e pris\u00e3o na cidade de Joan\u00e9sia e Ipatinga, no Vale do A\u00e7o. A\u00e7\u00e3o que foi comandada pela Pol\u00edcia Civil (PC) de Santana do Para\u00edso e tinha como objetivo localizar [&hellip;]\" \/>\n<meta property=\"og:url\" content=\"https:\/\/aconteceunovale.com.br\/portal\/?p=103261\" \/>\n<meta property=\"og:site_name\" content=\"Aconteceu no Vale\" \/>\n<meta property=\"article:publisher\" content=\"https:\/\/www.facebook.com\/aconteceunovale\/\" \/>\n<meta property=\"article:published_time\" content=\"2016-12-01T23:31:12+00:00\" \/>\n<meta property=\"og:image\" content=\"https:\/\/aconteceunovale.com.br\/portal\/wp-content\/uploads\/2016\/12\/quadrilha_lm.jpeg\" \/>\n\t<meta property=\"og:image:width\" content=\"600\" \/>\n\t<meta property=\"og:image:height\" content=\"450\" \/>\n\t<meta property=\"og:image:type\" content=\"image\/jpeg\" \/>\n<meta name=\"author\" content=\"Aconteceu no Vale\" \/>\n<meta name=\"twitter:card\" content=\"summary_large_image\" \/>\n<meta name=\"twitter:creator\" content=\"@noticiadosvales\" \/>\n<meta name=\"twitter:site\" content=\"@noticiadosvales\" \/>\n<meta name=\"twitter:label1\" content=\"Escrito por\" \/>\n\t<meta name=\"twitter:data1\" content=\"Aconteceu no Vale\" \/>\n\t<meta name=\"twitter:label2\" content=\"Est. tempo de leitura\" \/>\n\t<meta name=\"twitter:data2\" content=\"1 minuto\" \/>\n<script type=\"application\/ld+json\" class=\"yoast-schema-graph\">{\"@context\":\"https:\\\/\\\/schema.org\",\"@graph\":[{\"@type\":\"Article\",\"@id\":\"https:\\\/\\\/aconteceunovale.com.br\\\/portal\\\/?p=103261#article\",\"isPartOf\":{\"@id\":\"https:\\\/\\\/aconteceunovale.com.br\\\/portal\\\/?p=103261\"},\"author\":{\"name\":\"Aconteceu no Vale\",\"@id\":\"https:\\\/\\\/aconteceunovale.com.br\\\/portal\\\/#\\\/schema\\\/person\\\/633529146f2c94272bef50ac2953d589\"},\"headline\":\"Opera\u00e7\u00e3o Rea\u00e7\u00e3o em Cadeia prende quadrilha suspeita de diversos crimes no Vale do A\u00e7o\",\"datePublished\":\"2016-12-01T23:31:12+00:00\",\"mainEntityOfPage\":{\"@id\":\"https:\\\/\\\/aconteceunovale.com.br\\\/portal\\\/?p=103261\"},\"wordCount\":293,\"commentCount\":0,\"image\":{\"@id\":\"https:\\\/\\\/aconteceunovale.com.br\\\/portal\\\/?p=103261#primaryimage\"},\"thumbnailUrl\":\"https:\\\/\\\/aconteceunovale.com.br\\\/portal\\\/wp-content\\\/uploads\\\/2016\\\/12\\\/quadrilha_lm.jpeg\",\"keywords\":[\"Bruno Campo Morato\",\"Ipatinga\",\"Joan\u00e9sia\",\"Opera\u00e7\u00e3o Rea\u00e7\u00e3o em Cadeia\",\"Opera\u00e7\u00e3o Rea\u00e7\u00e3o em Cadeia prende quadrilha suspeita de diversos crimes no Vale do A\u00e7o\",\"presos em ipatinga\",\"Presos em Joan\u00e9sia\",\"Presos na Opera\u00e7\u00e3o Rea\u00e7\u00e3o em Cadeia\",\"Resultado da Opera\u00e7\u00e3o Rea\u00e7\u00e3o em Cadeia\",\"Santana do Para\u00edso\"],\"articleSection\":[\"Leste de Minas\"],\"inLanguage\":\"pt-BR\",\"potentialAction\":[{\"@type\":\"CommentAction\",\"name\":\"Comment\",\"target\":[\"https:\\\/\\\/aconteceunovale.com.br\\\/portal\\\/?p=103261#respond\"]}]},{\"@type\":\"WebPage\",\"@id\":\"https:\\\/\\\/aconteceunovale.com.br\\\/portal\\\/?p=103261\",\"url\":\"https:\\\/\\\/aconteceunovale.com.br\\\/portal\\\/?p=103261\",\"name\":\"Opera\u00e7\u00e3o Rea\u00e7\u00e3o em Cadeia prende quadrilha suspeita de diversos crimes no Vale do A\u00e7o - Aconteceu no Vale\",\"isPartOf\":{\"@id\":\"https:\\\/\\\/aconteceunovale.com.br\\\/portal\\\/#website\"},\"primaryImageOfPage\":{\"@id\":\"https:\\\/\\\/aconteceunovale.com.br\\\/portal\\\/?p=103261#primaryimage\"},\"image\":{\"@id\":\"https:\\\/\\\/aconteceunovale.com.br\\\/portal\\\/?p=103261#primaryimage\"},\"thumbnailUrl\":\"https:\\\/\\\/aconteceunovale.com.br\\\/portal\\\/wp-content\\\/uploads\\\/2016\\\/12\\\/quadrilha_lm.jpeg\",\"datePublished\":\"2016-12-01T23:31:12+00:00\",\"author\":{\"@id\":\"https:\\\/\\\/aconteceunovale.com.br\\\/portal\\\/#\\\/schema\\\/person\\\/633529146f2c94272bef50ac2953d589\"},\"breadcrumb\":{\"@id\":\"https:\\\/\\\/aconteceunovale.com.br\\\/portal\\\/?p=103261#breadcrumb\"},\"inLanguage\":\"pt-BR\",\"potentialAction\":[{\"@type\":\"ReadAction\",\"target\":[\"https:\\\/\\\/aconteceunovale.com.br\\\/portal\\\/?p=103261\"]}]},{\"@type\":\"ImageObject\",\"inLanguage\":\"pt-BR\",\"@id\":\"https:\\\/\\\/aconteceunovale.com.br\\\/portal\\\/?p=103261#primaryimage\",\"url\":\"https:\\\/\\\/aconteceunovale.com.br\\\/portal\\\/wp-content\\\/uploads\\\/2016\\\/12\\\/quadrilha_lm.jpeg\",\"contentUrl\":\"https:\\\/\\\/aconteceunovale.com.br\\\/portal\\\/wp-content\\\/uploads\\\/2016\\\/12\\\/quadrilha_lm.jpeg\",\"width\":600,\"height\":450},{\"@type\":\"BreadcrumbList\",\"@id\":\"https:\\\/\\\/aconteceunovale.com.br\\\/portal\\\/?p=103261#breadcrumb\",\"itemListElement\":[{\"@type\":\"ListItem\",\"position\":1,\"name\":\"In\u00edcio\",\"item\":\"https:\\\/\\\/aconteceunovale.com.br\\\/portal\\\/\"},{\"@type\":\"ListItem\",\"position\":2,\"name\":\"Opera\u00e7\u00e3o Rea\u00e7\u00e3o em Cadeia prende quadrilha suspeita de diversos crimes no Vale do A\u00e7o\"}]},{\"@type\":\"WebSite\",\"@id\":\"https:\\\/\\\/aconteceunovale.com.br\\\/portal\\\/#website\",\"url\":\"https:\\\/\\\/aconteceunovale.com.br\\\/portal\\\/\",\"name\":\"Aconteceu no Vale\",\"description\":\"Portal de Not\u00edcias\",\"potentialAction\":[{\"@type\":\"SearchAction\",\"target\":{\"@type\":\"EntryPoint\",\"urlTemplate\":\"https:\\\/\\\/aconteceunovale.com.br\\\/portal\\\/?s={search_term_string}\"},\"query-input\":{\"@type\":\"PropertyValueSpecification\",\"valueRequired\":true,\"valueName\":\"search_term_string\"}}],\"inLanguage\":\"pt-BR\"},{\"@type\":\"Person\",\"@id\":\"https:\\\/\\\/aconteceunovale.com.br\\\/portal\\\/#\\\/schema\\\/person\\\/633529146f2c94272bef50ac2953d589\",\"name\":\"Aconteceu no Vale\",\"description\":\"Equipe de reportagem do Aconteceu no Vale, portal de not\u00edcias do Vale do Jequitinhonha, em Minas Gerais. Cobrimos as 51 cidades do Vale desde 2013. Sugest\u00f5es de pauta e pedidos de corre\u00e7\u00e3o: contato@aconteceunovale.com.br\",\"sameAs\":[\"http:\\\/\\\/www.aconteceunovale.com.br\"],\"url\":\"https:\\\/\\\/aconteceunovale.com.br\\\/portal\\\/?author=1\"}]}<\/script>\n<!-- \/ Yoast SEO plugin. -->","yoast_head_json":{"title":"Opera\u00e7\u00e3o Rea\u00e7\u00e3o em Cadeia prende quadrilha suspeita de diversos crimes no Vale do A\u00e7o - Aconteceu no Vale","robots":{"index":"index","follow":"follow","max-snippet":"max-snippet:-1","max-image-preview":"max-image-preview:large","max-video-preview":"max-video-preview:-1"},"canonical":"https:\/\/aconteceunovale.com.br\/portal\/?p=103261","og_locale":"pt_BR","og_type":"article","og_title":"Opera\u00e7\u00e3o Rea\u00e7\u00e3o em Cadeia prende quadrilha suspeita de diversos crimes no Vale do A\u00e7o - Aconteceu no Vale","og_description":"Cinco jovens foram presos na manh\u00e3 desta quinta-feira (1\u00ba de novembro de 2016) durante a Opera\u00e7\u00e3o &#8216;Rea\u00e7\u00e3o em Cadeia&#8217;, que cumpriu mandados de busca e apreens\u00e3o e pris\u00e3o na cidade de Joan\u00e9sia e Ipatinga, no Vale do A\u00e7o. A\u00e7\u00e3o que foi comandada pela Pol\u00edcia Civil (PC) de Santana do Para\u00edso e tinha como objetivo localizar [&hellip;]","og_url":"https:\/\/aconteceunovale.com.br\/portal\/?p=103261","og_site_name":"Aconteceu no Vale","article_publisher":"https:\/\/www.facebook.com\/aconteceunovale\/","article_published_time":"2016-12-01T23:31:12+00:00","og_image":[{"width":600,"height":450,"url":"https:\/\/aconteceunovale.com.br\/portal\/wp-content\/uploads\/2016\/12\/quadrilha_lm.jpeg","type":"image\/jpeg"}],"author":"Aconteceu no Vale","twitter_card":"summary_large_image","twitter_creator":"@noticiadosvales","twitter_site":"@noticiadosvales","twitter_misc":{"Escrito por":"Aconteceu no Vale","Est. tempo de leitura":"1 minuto"},"schema":{"@context":"https:\/\/schema.org","@graph":[{"@type":"Article","@id":"https:\/\/aconteceunovale.com.br\/portal\/?p=103261#article","isPartOf":{"@id":"https:\/\/aconteceunovale.com.br\/portal\/?p=103261"},"author":{"name":"Aconteceu no Vale","@id":"https:\/\/aconteceunovale.com.br\/portal\/#\/schema\/person\/633529146f2c94272bef50ac2953d589"},"headline":"Opera\u00e7\u00e3o Rea\u00e7\u00e3o em Cadeia prende quadrilha suspeita de diversos crimes no Vale do A\u00e7o","datePublished":"2016-12-01T23:31:12+00:00","mainEntityOfPage":{"@id":"https:\/\/aconteceunovale.com.br\/portal\/?p=103261"},"wordCount":293,"commentCount":0,"image":{"@id":"https:\/\/aconteceunovale.com.br\/portal\/?p=103261#primaryimage"},"thumbnailUrl":"https:\/\/aconteceunovale.com.br\/portal\/wp-content\/uploads\/2016\/12\/quadrilha_lm.jpeg","keywords":["Bruno Campo Morato","Ipatinga","Joan\u00e9sia","Opera\u00e7\u00e3o Rea\u00e7\u00e3o em Cadeia","Opera\u00e7\u00e3o Rea\u00e7\u00e3o em Cadeia prende quadrilha suspeita de diversos crimes no Vale do A\u00e7o","presos em ipatinga","Presos em Joan\u00e9sia","Presos na Opera\u00e7\u00e3o Rea\u00e7\u00e3o em Cadeia","Resultado da Opera\u00e7\u00e3o Rea\u00e7\u00e3o em Cadeia","Santana do Para\u00edso"],"articleSection":["Leste de Minas"],"inLanguage":"pt-BR","potentialAction":[{"@type":"CommentAction","name":"Comment","target":["https:\/\/aconteceunovale.com.br\/portal\/?p=103261#respond"]}]},{"@type":"WebPage","@id":"https:\/\/aconteceunovale.com.br\/portal\/?p=103261","url":"https:\/\/aconteceunovale.com.br\/portal\/?p=103261","name":"Opera\u00e7\u00e3o Rea\u00e7\u00e3o em Cadeia prende quadrilha suspeita de diversos crimes no Vale do A\u00e7o - Aconteceu no Vale","isPartOf":{"@id":"https:\/\/aconteceunovale.com.br\/portal\/#website"},"primaryImageOfPage":{"@id":"https:\/\/aconteceunovale.com.br\/portal\/?p=103261#primaryimage"},"image":{"@id":"https:\/\/aconteceunovale.com.br\/portal\/?p=103261#primaryimage"},"thumbnailUrl":"https:\/\/aconteceunovale.com.br\/portal\/wp-content\/uploads\/2016\/12\/quadrilha_lm.jpeg","datePublished":"2016-12-01T23:31:12+00:00","author":{"@id":"https:\/\/aconteceunovale.com.br\/portal\/#\/schema\/person\/633529146f2c94272bef50ac2953d589"},"breadcrumb":{"@id":"https:\/\/aconteceunovale.com.br\/portal\/?p=103261#breadcrumb"},"inLanguage":"pt-BR","potentialAction":[{"@type":"ReadAction","target":["https:\/\/aconteceunovale.com.br\/portal\/?p=103261"]}]},{"@type":"ImageObject","inLanguage":"pt-BR","@id":"https:\/\/aconteceunovale.com.br\/portal\/?p=103261#primaryimage","url":"https:\/\/aconteceunovale.com.br\/portal\/wp-content\/uploads\/2016\/12\/quadrilha_lm.jpeg","contentUrl":"https:\/\/aconteceunovale.com.br\/portal\/wp-content\/uploads\/2016\/12\/quadrilha_lm.jpeg","width":600,"height":450},{"@type":"BreadcrumbList","@id":"https:\/\/aconteceunovale.com.br\/portal\/?p=103261#breadcrumb","itemListElement":[{"@type":"ListItem","position":1,"name":"In\u00edcio","item":"https:\/\/aconteceunovale.com.br\/portal\/"},{"@type":"ListItem","position":2,"name":"Opera\u00e7\u00e3o Rea\u00e7\u00e3o em Cadeia prende quadrilha suspeita de diversos crimes no Vale do A\u00e7o"}]},{"@type":"WebSite","@id":"https:\/\/aconteceunovale.com.br\/portal\/#website","url":"https:\/\/aconteceunovale.com.br\/portal\/","name":"Aconteceu no Vale","description":"Portal de Not\u00edcias","potentialAction":[{"@type":"SearchAction","target":{"@type":"EntryPoint","urlTemplate":"https:\/\/aconteceunovale.com.br\/portal\/?s={search_term_string}"},"query-input":{"@type":"PropertyValueSpecification","valueRequired":true,"valueName":"search_term_string"}}],"inLanguage":"pt-BR"},{"@type":"Person","@id":"https:\/\/aconteceunovale.com.br\/portal\/#\/schema\/person\/633529146f2c94272bef50ac2953d589","name":"Aconteceu no Vale","description":"Equipe de reportagem do Aconteceu no Vale, portal de not\u00edcias do Vale do Jequitinhonha, em Minas Gerais. Cobrimos as 51 cidades do Vale desde 2013. Sugest\u00f5es de pauta e pedidos de corre\u00e7\u00e3o: contato@aconteceunovale.com.br","sameAs":["http:\/\/www.aconteceunovale.com.br"],"url":"https:\/\/aconteceunovale.com.br\/portal\/?author=1"}]}},"_links":{"self":[{"href":"https:\/\/aconteceunovale.com.br\/portal\/index.php?rest_route=\/wp\/v2\/posts\/103261","targetHints":{"allow":["GET"]}}],"collection":[{"href":"https:\/\/aconteceunovale.com.br\/portal\/index.php?rest_route=\/wp\/v2\/posts"}],"about":[{"href":"https:\/\/aconteceunovale.com.br\/portal\/index.php?rest_route=\/wp\/v2\/types\/post"}],"author":[{"embeddable":true,"href":"https:\/\/aconteceunovale.com.br\/portal\/index.php?rest_route=\/wp\/v2\/users\/1"}],"replies":[{"embeddable":true,"href":"https:\/\/aconteceunovale.com.br\/portal\/index.php?rest_route=%2Fwp%2Fv2%2Fcomments&post=103261"}],"version-history":[{"count":0,"href":"https:\/\/aconteceunovale.com.br\/portal\/index.php?rest_route=\/wp\/v2\/posts\/103261\/revisions"}],"wp:featuredmedia":[{"embeddable":true,"href":"https:\/\/aconteceunovale.com.br\/portal\/index.php?rest_route=\/wp\/v2\/media\/103259"}],"wp:attachment":[{"href":"https:\/\/aconteceunovale.com.br\/portal\/index.php?rest_route=%2Fwp%2Fv2%2Fmedia&parent=103261"}],"wp:term":[{"taxonomy":"category","embeddable":true,"href":"https:\/\/aconteceunovale.com.br\/portal\/index.php?rest_route=%2Fwp%2Fv2%2Fcategories&post=103261"},{"taxonomy":"post_tag","embeddable":true,"href":"https:\/\/aconteceunovale.com.br\/portal\/index.php?rest_route=%2Fwp%2Fv2%2Ftags&post=103261"}],"curies":[{"name":"wp","href":"https:\/\/api.w.org\/{rel}","templated":true}]}}