{"id":103253,"date":"2016-12-01T21:16:26","date_gmt":"2016-12-01T23:16:26","guid":{"rendered":"http:\/\/aconteceunovale.com.br\/portal\/?p=103253"},"modified":"2016-12-01T21:19:50","modified_gmt":"2016-12-01T23:19:50","slug":"morador-de-governador-valadares-e-preso-por-manter-cobrar-e-jabutis-em-cativeiro","status":"publish","type":"post","link":"https:\/\/aconteceunovale.com.br\/portal\/?p=103253","title":{"rendered":"Morador de Governador Valadares \u00e9 preso por manter cobra e jabutis em cativeiro"},"content":{"rendered":"<p>Um homem de 50 anos foi preso na manh\u00e3 desta quinta-feira (1\u00ba de dezembro de 2016) por manter animais em cativeiro, de forma ilegal, em Governador Valadares (MG). Segundo a Pol\u00edcia Militar de Meio Ambiente, a pris\u00e3o ocorreu em uma casa no Bairro de Lourdes, ap\u00f3s den\u00fancia an\u00f4nima.<\/p>\n<p>Na resid\u00eancia do suspeito, os militares encontraram uma cobra da esp\u00e9cie jiboia e dois jabutis, todos eles sem autoriza\u00e7\u00e3o para serem mantidos em cativeiro. Os animais foram apreendidos e examinados. Como estavam saud\u00e1veis, foram soltos em habitat natural. A gaiola onde a cobra era mantida foi destru\u00edda.<\/p>\n<p><img decoding=\"async\" src=\"http:\/\/aconteceunovale.com.br\/portal\/wp-content\/uploads\/2016\/12\/animais_gv_1.jpg\" alt=\"\" \/><em>Jiboia e jabutis foram apreendidos no bairro de Lourdes (Foto: Pol\u00edcia Militar\/Divulga\u00e7\u00e3o)<\/em><br \/>\n<\/br><\/p>\n<p><em>(Fonte: G1 dos Vales)<\/em><\/p>\n","protected":false},"excerpt":{"rendered":"<p>Um homem de 50 anos foi preso na manh\u00e3 desta quinta-feira (1\u00ba de dezembro de 2016) por manter animais em cativeiro, de forma ilegal, em Governador Valadares (MG). Segundo a Pol\u00edcia Militar de Meio Ambiente, a pris\u00e3o ocorreu em uma casa no Bairro de Lourdes, ap\u00f3s den\u00fancia an\u00f4nima. Na resid\u00eancia do suspeito, os militares encontraram [&hellip;]<\/p>\n","protected":false},"author":1,"featured_media":103254,"comment_status":"open","ping_status":"closed","sticky":false,"template":"","format":"standard","meta":{"amp_status":"","footnotes":""},"categories":[121],"tags":[128526,128525,247,128527,48037],"class_list":["post-103253","post","type-post","status-publish","format-standard","has-post-thumbnail","hentry","category-leste","tag-animais-apreendidos-em-governador-valadares","tag-apreensao-de-animais-em-governador-valadares","tag-governador-valadares","tag-morador-de-governador-valadares-e-preso-por-manter-cobra-e-jabutis-em-cativeiro","tag-preso-em-governador-valadares"],"yoast_head":"<!-- This site is optimized with the Yoast SEO plugin v28.3 - https:\/\/yoast.com\/product\/yoast-seo-wordpress\/ -->\n<title>Morador de Governador Valadares \u00e9 preso por manter cobra e jabutis em cativeiro - Aconteceu no Vale<\/title>\n<meta name=\"robots\" content=\"index, follow, max-snippet:-1, max-image-preview:large, max-video-preview:-1\" \/>\n<link rel=\"canonical\" href=\"https:\/\/aconteceunovale.com.br\/portal\/?p=103253\" \/>\n<meta property=\"og:locale\" content=\"pt_BR\" \/>\n<meta property=\"og:type\" content=\"article\" \/>\n<meta property=\"og:title\" content=\"Morador de Governador Valadares \u00e9 preso por manter cobra e jabutis em cativeiro - Aconteceu no Vale\" \/>\n<meta property=\"og:description\" content=\"Um homem de 50 anos foi preso na manh\u00e3 desta quinta-feira (1\u00ba de dezembro de 2016) por manter animais em cativeiro, de forma ilegal, em Governador Valadares (MG). Segundo a Pol\u00edcia Militar de Meio Ambiente, a pris\u00e3o ocorreu em uma casa no Bairro de Lourdes, ap\u00f3s den\u00fancia an\u00f4nima. Na resid\u00eancia do suspeito, os militares encontraram [&hellip;]\" \/>\n<meta property=\"og:url\" content=\"https:\/\/aconteceunovale.com.br\/portal\/?p=103253\" \/>\n<meta property=\"og:site_name\" content=\"Aconteceu no Vale\" \/>\n<meta property=\"article:publisher\" content=\"https:\/\/www.facebook.com\/aconteceunovale\/\" \/>\n<meta property=\"article:published_time\" content=\"2016-12-01T23:16:26+00:00\" \/>\n<meta property=\"article:modified_time\" content=\"2016-12-01T23:19:50+00:00\" \/>\n<meta property=\"og:image\" content=\"https:\/\/aconteceunovale.com.br\/portal\/wp-content\/uploads\/2016\/12\/animais_gv_1.jpg\" \/>\n\t<meta property=\"og:image:width\" content=\"678\" \/>\n\t<meta property=\"og:image:height\" content=\"381\" \/>\n\t<meta property=\"og:image:type\" content=\"image\/jpeg\" \/>\n<meta name=\"author\" content=\"Aconteceu no Vale\" \/>\n<meta name=\"twitter:card\" content=\"summary_large_image\" \/>\n<meta name=\"twitter:creator\" content=\"@noticiadosvales\" \/>\n<meta name=\"twitter:site\" content=\"@noticiadosvales\" \/>\n<meta name=\"twitter:label1\" content=\"Escrito por\" \/>\n\t<meta name=\"twitter:data1\" content=\"Aconteceu no Vale\" \/>\n\t<meta name=\"twitter:label2\" content=\"Est. tempo de leitura\" \/>\n\t<meta name=\"twitter:data2\" content=\"1 minuto\" \/>\n<script type=\"application\/ld+json\" class=\"yoast-schema-graph\">{\"@context\":\"https:\\\/\\\/schema.org\",\"@graph\":[{\"@type\":\"Article\",\"@id\":\"https:\\\/\\\/aconteceunovale.com.br\\\/portal\\\/?p=103253#article\",\"isPartOf\":{\"@id\":\"https:\\\/\\\/aconteceunovale.com.br\\\/portal\\\/?p=103253\"},\"author\":{\"name\":\"Aconteceu no Vale\",\"@id\":\"https:\\\/\\\/aconteceunovale.com.br\\\/portal\\\/#\\\/schema\\\/person\\\/633529146f2c94272bef50ac2953d589\"},\"headline\":\"Morador de Governador Valadares \u00e9 preso por manter cobra e jabutis em cativeiro\",\"datePublished\":\"2016-12-01T23:16:26+00:00\",\"dateModified\":\"2016-12-01T23:19:50+00:00\",\"mainEntityOfPage\":{\"@id\":\"https:\\\/\\\/aconteceunovale.com.br\\\/portal\\\/?p=103253\"},\"wordCount\":133,\"commentCount\":0,\"image\":{\"@id\":\"https:\\\/\\\/aconteceunovale.com.br\\\/portal\\\/?p=103253#primaryimage\"},\"thumbnailUrl\":\"https:\\\/\\\/aconteceunovale.com.br\\\/portal\\\/wp-content\\\/uploads\\\/2016\\\/12\\\/animais_gv_1.jpg\",\"keywords\":[\"Animais apreendidos em Governador Valadares\",\"Apreens\u00e3o de animais em Governador Valadares\",\"Governador Valadares\",\"Morador de Governador Valadares \u00e9 preso por manter cobra e jabutis em cativeiro\",\"preso em Governador Valadares\"],\"articleSection\":[\"Leste de Minas\"],\"inLanguage\":\"pt-BR\",\"potentialAction\":[{\"@type\":\"CommentAction\",\"name\":\"Comment\",\"target\":[\"https:\\\/\\\/aconteceunovale.com.br\\\/portal\\\/?p=103253#respond\"]}]},{\"@type\":\"WebPage\",\"@id\":\"https:\\\/\\\/aconteceunovale.com.br\\\/portal\\\/?p=103253\",\"url\":\"https:\\\/\\\/aconteceunovale.com.br\\\/portal\\\/?p=103253\",\"name\":\"Morador de Governador Valadares \u00e9 preso por manter cobra e jabutis em cativeiro - Aconteceu no Vale\",\"isPartOf\":{\"@id\":\"https:\\\/\\\/aconteceunovale.com.br\\\/portal\\\/#website\"},\"primaryImageOfPage\":{\"@id\":\"https:\\\/\\\/aconteceunovale.com.br\\\/portal\\\/?p=103253#primaryimage\"},\"image\":{\"@id\":\"https:\\\/\\\/aconteceunovale.com.br\\\/portal\\\/?p=103253#primaryimage\"},\"thumbnailUrl\":\"https:\\\/\\\/aconteceunovale.com.br\\\/portal\\\/wp-content\\\/uploads\\\/2016\\\/12\\\/animais_gv_1.jpg\",\"datePublished\":\"2016-12-01T23:16:26+00:00\",\"dateModified\":\"2016-12-01T23:19:50+00:00\",\"author\":{\"@id\":\"https:\\\/\\\/aconteceunovale.com.br\\\/portal\\\/#\\\/schema\\\/person\\\/633529146f2c94272bef50ac2953d589\"},\"breadcrumb\":{\"@id\":\"https:\\\/\\\/aconteceunovale.com.br\\\/portal\\\/?p=103253#breadcrumb\"},\"inLanguage\":\"pt-BR\",\"potentialAction\":[{\"@type\":\"ReadAction\",\"target\":[\"https:\\\/\\\/aconteceunovale.com.br\\\/portal\\\/?p=103253\"]}]},{\"@type\":\"ImageObject\",\"inLanguage\":\"pt-BR\",\"@id\":\"https:\\\/\\\/aconteceunovale.com.br\\\/portal\\\/?p=103253#primaryimage\",\"url\":\"https:\\\/\\\/aconteceunovale.com.br\\\/portal\\\/wp-content\\\/uploads\\\/2016\\\/12\\\/animais_gv_1.jpg\",\"contentUrl\":\"https:\\\/\\\/aconteceunovale.com.br\\\/portal\\\/wp-content\\\/uploads\\\/2016\\\/12\\\/animais_gv_1.jpg\",\"width\":678,\"height\":381},{\"@type\":\"BreadcrumbList\",\"@id\":\"https:\\\/\\\/aconteceunovale.com.br\\\/portal\\\/?p=103253#breadcrumb\",\"itemListElement\":[{\"@type\":\"ListItem\",\"position\":1,\"name\":\"In\u00edcio\",\"item\":\"https:\\\/\\\/aconteceunovale.com.br\\\/portal\\\/\"},{\"@type\":\"ListItem\",\"position\":2,\"name\":\"Morador de Governador Valadares \u00e9 preso por manter cobra e jabutis em cativeiro\"}]},{\"@type\":\"WebSite\",\"@id\":\"https:\\\/\\\/aconteceunovale.com.br\\\/portal\\\/#website\",\"url\":\"https:\\\/\\\/aconteceunovale.com.br\\\/portal\\\/\",\"name\":\"Aconteceu no Vale\",\"description\":\"Portal de Not\u00edcias\",\"potentialAction\":[{\"@type\":\"SearchAction\",\"target\":{\"@type\":\"EntryPoint\",\"urlTemplate\":\"https:\\\/\\\/aconteceunovale.com.br\\\/portal\\\/?s={search_term_string}\"},\"query-input\":{\"@type\":\"PropertyValueSpecification\",\"valueRequired\":true,\"valueName\":\"search_term_string\"}}],\"inLanguage\":\"pt-BR\"},{\"@type\":\"Person\",\"@id\":\"https:\\\/\\\/aconteceunovale.com.br\\\/portal\\\/#\\\/schema\\\/person\\\/633529146f2c94272bef50ac2953d589\",\"name\":\"Aconteceu no Vale\",\"description\":\"Equipe de reportagem do Aconteceu no Vale, portal de not\u00edcias do Vale do Jequitinhonha, em Minas Gerais. Cobrimos as 51 cidades do Vale desde 2013. Sugest\u00f5es de pauta e pedidos de corre\u00e7\u00e3o: contato@aconteceunovale.com.br\",\"sameAs\":[\"http:\\\/\\\/www.aconteceunovale.com.br\"],\"url\":\"https:\\\/\\\/aconteceunovale.com.br\\\/portal\\\/?author=1\"}]}<\/script>\n<!-- \/ Yoast SEO plugin. -->","yoast_head_json":{"title":"Morador de Governador Valadares \u00e9 preso por manter cobra e jabutis em cativeiro - Aconteceu no Vale","robots":{"index":"index","follow":"follow","max-snippet":"max-snippet:-1","max-image-preview":"max-image-preview:large","max-video-preview":"max-video-preview:-1"},"canonical":"https:\/\/aconteceunovale.com.br\/portal\/?p=103253","og_locale":"pt_BR","og_type":"article","og_title":"Morador de Governador Valadares \u00e9 preso por manter cobra e jabutis em cativeiro - Aconteceu no Vale","og_description":"Um homem de 50 anos foi preso na manh\u00e3 desta quinta-feira (1\u00ba de dezembro de 2016) por manter animais em cativeiro, de forma ilegal, em Governador Valadares (MG). Segundo a Pol\u00edcia Militar de Meio Ambiente, a pris\u00e3o ocorreu em uma casa no Bairro de Lourdes, ap\u00f3s den\u00fancia an\u00f4nima. Na resid\u00eancia do suspeito, os militares encontraram [&hellip;]","og_url":"https:\/\/aconteceunovale.com.br\/portal\/?p=103253","og_site_name":"Aconteceu no Vale","article_publisher":"https:\/\/www.facebook.com\/aconteceunovale\/","article_published_time":"2016-12-01T23:16:26+00:00","article_modified_time":"2016-12-01T23:19:50+00:00","og_image":[{"width":678,"height":381,"url":"https:\/\/aconteceunovale.com.br\/portal\/wp-content\/uploads\/2016\/12\/animais_gv_1.jpg","type":"image\/jpeg"}],"author":"Aconteceu no Vale","twitter_card":"summary_large_image","twitter_creator":"@noticiadosvales","twitter_site":"@noticiadosvales","twitter_misc":{"Escrito por":"Aconteceu no Vale","Est. tempo de leitura":"1 minuto"},"schema":{"@context":"https:\/\/schema.org","@graph":[{"@type":"Article","@id":"https:\/\/aconteceunovale.com.br\/portal\/?p=103253#article","isPartOf":{"@id":"https:\/\/aconteceunovale.com.br\/portal\/?p=103253"},"author":{"name":"Aconteceu no Vale","@id":"https:\/\/aconteceunovale.com.br\/portal\/#\/schema\/person\/633529146f2c94272bef50ac2953d589"},"headline":"Morador de Governador Valadares \u00e9 preso por manter cobra e jabutis em cativeiro","datePublished":"2016-12-01T23:16:26+00:00","dateModified":"2016-12-01T23:19:50+00:00","mainEntityOfPage":{"@id":"https:\/\/aconteceunovale.com.br\/portal\/?p=103253"},"wordCount":133,"commentCount":0,"image":{"@id":"https:\/\/aconteceunovale.com.br\/portal\/?p=103253#primaryimage"},"thumbnailUrl":"https:\/\/aconteceunovale.com.br\/portal\/wp-content\/uploads\/2016\/12\/animais_gv_1.jpg","keywords":["Animais apreendidos em Governador Valadares","Apreens\u00e3o de animais em Governador Valadares","Governador Valadares","Morador de Governador Valadares \u00e9 preso por manter cobra e jabutis em cativeiro","preso em Governador Valadares"],"articleSection":["Leste de Minas"],"inLanguage":"pt-BR","potentialAction":[{"@type":"CommentAction","name":"Comment","target":["https:\/\/aconteceunovale.com.br\/portal\/?p=103253#respond"]}]},{"@type":"WebPage","@id":"https:\/\/aconteceunovale.com.br\/portal\/?p=103253","url":"https:\/\/aconteceunovale.com.br\/portal\/?p=103253","name":"Morador de Governador Valadares \u00e9 preso por manter cobra e jabutis em cativeiro - Aconteceu no Vale","isPartOf":{"@id":"https:\/\/aconteceunovale.com.br\/portal\/#website"},"primaryImageOfPage":{"@id":"https:\/\/aconteceunovale.com.br\/portal\/?p=103253#primaryimage"},"image":{"@id":"https:\/\/aconteceunovale.com.br\/portal\/?p=103253#primaryimage"},"thumbnailUrl":"https:\/\/aconteceunovale.com.br\/portal\/wp-content\/uploads\/2016\/12\/animais_gv_1.jpg","datePublished":"2016-12-01T23:16:26+00:00","dateModified":"2016-12-01T23:19:50+00:00","author":{"@id":"https:\/\/aconteceunovale.com.br\/portal\/#\/schema\/person\/633529146f2c94272bef50ac2953d589"},"breadcrumb":{"@id":"https:\/\/aconteceunovale.com.br\/portal\/?p=103253#breadcrumb"},"inLanguage":"pt-BR","potentialAction":[{"@type":"ReadAction","target":["https:\/\/aconteceunovale.com.br\/portal\/?p=103253"]}]},{"@type":"ImageObject","inLanguage":"pt-BR","@id":"https:\/\/aconteceunovale.com.br\/portal\/?p=103253#primaryimage","url":"https:\/\/aconteceunovale.com.br\/portal\/wp-content\/uploads\/2016\/12\/animais_gv_1.jpg","contentUrl":"https:\/\/aconteceunovale.com.br\/portal\/wp-content\/uploads\/2016\/12\/animais_gv_1.jpg","width":678,"height":381},{"@type":"BreadcrumbList","@id":"https:\/\/aconteceunovale.com.br\/portal\/?p=103253#breadcrumb","itemListElement":[{"@type":"ListItem","position":1,"name":"In\u00edcio","item":"https:\/\/aconteceunovale.com.br\/portal\/"},{"@type":"ListItem","position":2,"name":"Morador de Governador Valadares \u00e9 preso por manter cobra e jabutis em cativeiro"}]},{"@type":"WebSite","@id":"https:\/\/aconteceunovale.com.br\/portal\/#website","url":"https:\/\/aconteceunovale.com.br\/portal\/","name":"Aconteceu no Vale","description":"Portal de Not\u00edcias","potentialAction":[{"@type":"SearchAction","target":{"@type":"EntryPoint","urlTemplate":"https:\/\/aconteceunovale.com.br\/portal\/?s={search_term_string}"},"query-input":{"@type":"PropertyValueSpecification","valueRequired":true,"valueName":"search_term_string"}}],"inLanguage":"pt-BR"},{"@type":"Person","@id":"https:\/\/aconteceunovale.com.br\/portal\/#\/schema\/person\/633529146f2c94272bef50ac2953d589","name":"Aconteceu no Vale","description":"Equipe de reportagem do Aconteceu no Vale, portal de not\u00edcias do Vale do Jequitinhonha, em Minas Gerais. Cobrimos as 51 cidades do Vale desde 2013. Sugest\u00f5es de pauta e pedidos de corre\u00e7\u00e3o: contato@aconteceunovale.com.br","sameAs":["http:\/\/www.aconteceunovale.com.br"],"url":"https:\/\/aconteceunovale.com.br\/portal\/?author=1"}]}},"_links":{"self":[{"href":"https:\/\/aconteceunovale.com.br\/portal\/index.php?rest_route=\/wp\/v2\/posts\/103253","targetHints":{"allow":["GET"]}}],"collection":[{"href":"https:\/\/aconteceunovale.com.br\/portal\/index.php?rest_route=\/wp\/v2\/posts"}],"about":[{"href":"https:\/\/aconteceunovale.com.br\/portal\/index.php?rest_route=\/wp\/v2\/types\/post"}],"author":[{"embeddable":true,"href":"https:\/\/aconteceunovale.com.br\/portal\/index.php?rest_route=\/wp\/v2\/users\/1"}],"replies":[{"embeddable":true,"href":"https:\/\/aconteceunovale.com.br\/portal\/index.php?rest_route=%2Fwp%2Fv2%2Fcomments&post=103253"}],"version-history":[{"count":0,"href":"https:\/\/aconteceunovale.com.br\/portal\/index.php?rest_route=\/wp\/v2\/posts\/103253\/revisions"}],"wp:featuredmedia":[{"embeddable":true,"href":"https:\/\/aconteceunovale.com.br\/portal\/index.php?rest_route=\/wp\/v2\/media\/103254"}],"wp:attachment":[{"href":"https:\/\/aconteceunovale.com.br\/portal\/index.php?rest_route=%2Fwp%2Fv2%2Fmedia&parent=103253"}],"wp:term":[{"taxonomy":"category","embeddable":true,"href":"https:\/\/aconteceunovale.com.br\/portal\/index.php?rest_route=%2Fwp%2Fv2%2Fcategories&post=103253"},{"taxonomy":"post_tag","embeddable":true,"href":"https:\/\/aconteceunovale.com.br\/portal\/index.php?rest_route=%2Fwp%2Fv2%2Ftags&post=103253"}],"curies":[{"name":"wp","href":"https:\/\/api.w.org\/{rel}","templated":true}]}}