{"id":103248,"date":"2016-12-01T19:53:07","date_gmt":"2016-12-01T21:53:07","guid":{"rendered":"http:\/\/aconteceunovale.com.br\/portal\/?p=103248"},"modified":"2016-12-01T19:53:07","modified_gmt":"2016-12-01T21:53:07","slug":"trabalhadores-tem-ate-o-dia-30-de-dezembro-para-sacar-abono-salarial","status":"publish","type":"post","link":"https:\/\/aconteceunovale.com.br\/portal\/?p=103248","title":{"rendered":"Trabalhadores t\u00eam at\u00e9 o dia 30 de dezembro para sacar abono salarial"},"content":{"rendered":"<p>Os trabalhadores que ainda n\u00e3o sacaram o abono salarial correspondente ao ano de 2014, no valor de um sal\u00e1rio m\u00ednimo (R$ 880), ter\u00e3o at\u00e9 o dia 30 de dezembro para retirar o benef\u00edcio. Ap\u00f3s essa data, o recurso volta para o Fundo de Amparo ao Trabalhador (FAT).<\/p>\n<p>Os trabalhadores vinculados ao Programa de Integra\u00e7\u00e3o Social (PIS) dever\u00e3o sacar o abono em qualquer ag\u00eancia da Caixa Econ\u00f4mica Federal. J\u00e1 os trabalhadores vinculados ao Programa de Forma\u00e7\u00e3o do Patrim\u00f4nio do Servidor P\u00fablico (Pasep) dever\u00e3o comparecer \u00e0s ag\u00eancias do Banco do Brasil.<\/p>\n<p>Os trabalhadores devem consultar o site do Minist\u00e9rio do Trabalhado ou entrar em contato com a central de atendimento pelo n\u00famero 158 para saber se t\u00eam direito ao benef\u00edcio. Para essa verifica\u00e7\u00e3o \u00e9 necess\u00e1rio que o trabalhador esteja com o CPF, n\u00famero do PIS ou Pasep em m\u00e3os, al\u00e9m da data de nascimento.<\/p>\n<p>Para sacar o abono do PIS, o trabalhador que tem o Cart\u00e3o Cidad\u00e3o e a senha cadastrada pode se dirigir aos terminais de autoatendimento da Caixa ou a uma casa lot\u00e9rica. Se n\u00e3o tiver o Cart\u00e3o Cidad\u00e3o, pode receber o abono em qualquer ag\u00eancia da Caixa, mediante apresenta\u00e7\u00e3o de documento de identifica\u00e7\u00e3o. Informa\u00e7\u00f5es podem ser obtidas pelo telefone 0800-726 02 07.<\/p>\n<p>J\u00e1 os servidores p\u00fablicos que t\u00eam direito ao Pasep precisam verificar se houve dep\u00f3sito em conta. Caso isso n\u00e3o tenha ocorrido, devem procurar uma ag\u00eancia do Banco do Brasil e apresentar um documento de identifica\u00e7\u00e3o. Mais informa\u00e7\u00f5es podem ser obtidas pelo telefone 0800-729 00 01. (Ag\u00eancia Brasil)<\/p>\n","protected":false},"excerpt":{"rendered":"<p>Os trabalhadores que ainda n\u00e3o sacaram o abono salarial correspondente ao ano de 2014, no valor de um sal\u00e1rio m\u00ednimo (R$ 880), ter\u00e3o at\u00e9 o dia 30 de dezembro para retirar o benef\u00edcio. Ap\u00f3s essa data, o recurso volta para o Fundo de Amparo ao Trabalhador (FAT). Os trabalhadores vinculados ao Programa de Integra\u00e7\u00e3o Social [&hellip;]<\/p>\n","protected":false},"author":1,"featured_media":88744,"comment_status":"open","ping_status":"closed","sticky":false,"template":"","format":"standard","meta":{"amp_status":"","footnotes":""},"categories":[6,40236],"tags":[48754,1353,28214,128513,76282,30677,128511,26448,128512,50993,128510],"class_list":["post-103248","post","type-post","status-publish","format-standard","has-post-thumbnail","hentry","category-br","category-empregos-2","tag-abono-salarial","tag-banco-do-brasil","tag-caixa-economica-federal","tag-pagamento-abono-salarial","tag-pasep","tag-pis","tag-sacar-abono-salarial","tag-salario-minimo","tag-saque-abono-salarial","tag-trabalhadores","tag-trabalhadores-tem-ate-o-dia-30-de-dezembro-para-sacar-abono-salarial"],"yoast_head":"<!-- This site is optimized with the Yoast SEO plugin v28.3 - https:\/\/yoast.com\/product\/yoast-seo-wordpress\/ -->\n<title>Trabalhadores t\u00eam at\u00e9 o dia 30 de dezembro para sacar abono salarial - Aconteceu no Vale<\/title>\n<meta name=\"robots\" content=\"index, follow, max-snippet:-1, max-image-preview:large, max-video-preview:-1\" \/>\n<link rel=\"canonical\" href=\"https:\/\/aconteceunovale.com.br\/portal\/?p=103248\" \/>\n<meta property=\"og:locale\" content=\"pt_BR\" \/>\n<meta property=\"og:type\" content=\"article\" \/>\n<meta property=\"og:title\" content=\"Trabalhadores t\u00eam at\u00e9 o dia 30 de dezembro para sacar abono salarial - Aconteceu no Vale\" \/>\n<meta property=\"og:description\" content=\"Os trabalhadores que ainda n\u00e3o sacaram o abono salarial correspondente ao ano de 2014, no valor de um sal\u00e1rio m\u00ednimo (R$ 880), ter\u00e3o at\u00e9 o dia 30 de dezembro para retirar o benef\u00edcio. Ap\u00f3s essa data, o recurso volta para o Fundo de Amparo ao Trabalhador (FAT). Os trabalhadores vinculados ao Programa de Integra\u00e7\u00e3o Social [&hellip;]\" \/>\n<meta property=\"og:url\" content=\"https:\/\/aconteceunovale.com.br\/portal\/?p=103248\" \/>\n<meta property=\"og:site_name\" content=\"Aconteceu no Vale\" \/>\n<meta property=\"article:publisher\" content=\"https:\/\/www.facebook.com\/aconteceunovale\/\" \/>\n<meta property=\"article:published_time\" content=\"2016-12-01T21:53:07+00:00\" \/>\n<meta property=\"og:image\" content=\"https:\/\/aconteceunovale.com.br\/portal\/wp-content\/uploads\/2016\/06\/pis_pasep.jpg\" \/>\n\t<meta property=\"og:image:width\" content=\"678\" \/>\n\t<meta property=\"og:image:height\" content=\"332\" \/>\n\t<meta property=\"og:image:type\" content=\"image\/jpeg\" \/>\n<meta name=\"author\" content=\"Aconteceu no Vale\" \/>\n<meta name=\"twitter:card\" content=\"summary_large_image\" \/>\n<meta name=\"twitter:creator\" content=\"@noticiadosvales\" \/>\n<meta name=\"twitter:site\" content=\"@noticiadosvales\" \/>\n<meta name=\"twitter:label1\" content=\"Escrito por\" \/>\n\t<meta name=\"twitter:data1\" content=\"Aconteceu no Vale\" \/>\n\t<meta name=\"twitter:label2\" content=\"Est. tempo de leitura\" \/>\n\t<meta name=\"twitter:data2\" content=\"1 minuto\" \/>\n<script type=\"application\/ld+json\" class=\"yoast-schema-graph\">{\"@context\":\"https:\\\/\\\/schema.org\",\"@graph\":[{\"@type\":\"Article\",\"@id\":\"https:\\\/\\\/aconteceunovale.com.br\\\/portal\\\/?p=103248#article\",\"isPartOf\":{\"@id\":\"https:\\\/\\\/aconteceunovale.com.br\\\/portal\\\/?p=103248\"},\"author\":{\"name\":\"Aconteceu no Vale\",\"@id\":\"https:\\\/\\\/aconteceunovale.com.br\\\/portal\\\/#\\\/schema\\\/person\\\/633529146f2c94272bef50ac2953d589\"},\"headline\":\"Trabalhadores t\u00eam at\u00e9 o dia 30 de dezembro para sacar abono salarial\",\"datePublished\":\"2016-12-01T21:53:07+00:00\",\"mainEntityOfPage\":{\"@id\":\"https:\\\/\\\/aconteceunovale.com.br\\\/portal\\\/?p=103248\"},\"wordCount\":295,\"commentCount\":0,\"image\":{\"@id\":\"https:\\\/\\\/aconteceunovale.com.br\\\/portal\\\/?p=103248#primaryimage\"},\"thumbnailUrl\":\"https:\\\/\\\/aconteceunovale.com.br\\\/portal\\\/wp-content\\\/uploads\\\/2016\\\/06\\\/pis_pasep.jpg\",\"keywords\":[\"abono salarial\",\"banco do brasil\",\"Caixa Econ\u00f4mica Federal\",\"Pagamento abono salarial\",\"Pasep\",\"PIS\",\"sacar abono salarial\",\"Sal\u00e1rio m\u00ednimo\",\"Saque abono salarial\",\"trabalhadores\",\"Trabalhadores t\u00eam at\u00e9 o dia 30 de dezembro para sacar abono salarial\"],\"articleSection\":[\"Brasil\",\"Empregos\"],\"inLanguage\":\"pt-BR\",\"potentialAction\":[{\"@type\":\"CommentAction\",\"name\":\"Comment\",\"target\":[\"https:\\\/\\\/aconteceunovale.com.br\\\/portal\\\/?p=103248#respond\"]}]},{\"@type\":\"WebPage\",\"@id\":\"https:\\\/\\\/aconteceunovale.com.br\\\/portal\\\/?p=103248\",\"url\":\"https:\\\/\\\/aconteceunovale.com.br\\\/portal\\\/?p=103248\",\"name\":\"Trabalhadores t\u00eam at\u00e9 o dia 30 de dezembro para sacar abono salarial - Aconteceu no Vale\",\"isPartOf\":{\"@id\":\"https:\\\/\\\/aconteceunovale.com.br\\\/portal\\\/#website\"},\"primaryImageOfPage\":{\"@id\":\"https:\\\/\\\/aconteceunovale.com.br\\\/portal\\\/?p=103248#primaryimage\"},\"image\":{\"@id\":\"https:\\\/\\\/aconteceunovale.com.br\\\/portal\\\/?p=103248#primaryimage\"},\"thumbnailUrl\":\"https:\\\/\\\/aconteceunovale.com.br\\\/portal\\\/wp-content\\\/uploads\\\/2016\\\/06\\\/pis_pasep.jpg\",\"datePublished\":\"2016-12-01T21:53:07+00:00\",\"author\":{\"@id\":\"https:\\\/\\\/aconteceunovale.com.br\\\/portal\\\/#\\\/schema\\\/person\\\/633529146f2c94272bef50ac2953d589\"},\"breadcrumb\":{\"@id\":\"https:\\\/\\\/aconteceunovale.com.br\\\/portal\\\/?p=103248#breadcrumb\"},\"inLanguage\":\"pt-BR\",\"potentialAction\":[{\"@type\":\"ReadAction\",\"target\":[\"https:\\\/\\\/aconteceunovale.com.br\\\/portal\\\/?p=103248\"]}]},{\"@type\":\"ImageObject\",\"inLanguage\":\"pt-BR\",\"@id\":\"https:\\\/\\\/aconteceunovale.com.br\\\/portal\\\/?p=103248#primaryimage\",\"url\":\"https:\\\/\\\/aconteceunovale.com.br\\\/portal\\\/wp-content\\\/uploads\\\/2016\\\/06\\\/pis_pasep.jpg\",\"contentUrl\":\"https:\\\/\\\/aconteceunovale.com.br\\\/portal\\\/wp-content\\\/uploads\\\/2016\\\/06\\\/pis_pasep.jpg\",\"width\":678,\"height\":332},{\"@type\":\"BreadcrumbList\",\"@id\":\"https:\\\/\\\/aconteceunovale.com.br\\\/portal\\\/?p=103248#breadcrumb\",\"itemListElement\":[{\"@type\":\"ListItem\",\"position\":1,\"name\":\"In\u00edcio\",\"item\":\"https:\\\/\\\/aconteceunovale.com.br\\\/portal\\\/\"},{\"@type\":\"ListItem\",\"position\":2,\"name\":\"Trabalhadores t\u00eam at\u00e9 o dia 30 de dezembro para sacar abono salarial\"}]},{\"@type\":\"WebSite\",\"@id\":\"https:\\\/\\\/aconteceunovale.com.br\\\/portal\\\/#website\",\"url\":\"https:\\\/\\\/aconteceunovale.com.br\\\/portal\\\/\",\"name\":\"Aconteceu no Vale\",\"description\":\"Portal de Not\u00edcias\",\"potentialAction\":[{\"@type\":\"SearchAction\",\"target\":{\"@type\":\"EntryPoint\",\"urlTemplate\":\"https:\\\/\\\/aconteceunovale.com.br\\\/portal\\\/?s={search_term_string}\"},\"query-input\":{\"@type\":\"PropertyValueSpecification\",\"valueRequired\":true,\"valueName\":\"search_term_string\"}}],\"inLanguage\":\"pt-BR\"},{\"@type\":\"Person\",\"@id\":\"https:\\\/\\\/aconteceunovale.com.br\\\/portal\\\/#\\\/schema\\\/person\\\/633529146f2c94272bef50ac2953d589\",\"name\":\"Aconteceu no Vale\",\"description\":\"Equipe de reportagem do Aconteceu no Vale, portal de not\u00edcias do Vale do Jequitinhonha, em Minas Gerais. Cobrimos as 51 cidades do Vale desde 2013. Sugest\u00f5es de pauta e pedidos de corre\u00e7\u00e3o: contato@aconteceunovale.com.br\",\"sameAs\":[\"http:\\\/\\\/www.aconteceunovale.com.br\"],\"url\":\"https:\\\/\\\/aconteceunovale.com.br\\\/portal\\\/?author=1\"}]}<\/script>\n<!-- \/ Yoast SEO plugin. -->","yoast_head_json":{"title":"Trabalhadores t\u00eam at\u00e9 o dia 30 de dezembro para sacar abono salarial - Aconteceu no Vale","robots":{"index":"index","follow":"follow","max-snippet":"max-snippet:-1","max-image-preview":"max-image-preview:large","max-video-preview":"max-video-preview:-1"},"canonical":"https:\/\/aconteceunovale.com.br\/portal\/?p=103248","og_locale":"pt_BR","og_type":"article","og_title":"Trabalhadores t\u00eam at\u00e9 o dia 30 de dezembro para sacar abono salarial - Aconteceu no Vale","og_description":"Os trabalhadores que ainda n\u00e3o sacaram o abono salarial correspondente ao ano de 2014, no valor de um sal\u00e1rio m\u00ednimo (R$ 880), ter\u00e3o at\u00e9 o dia 30 de dezembro para retirar o benef\u00edcio. Ap\u00f3s essa data, o recurso volta para o Fundo de Amparo ao Trabalhador (FAT). Os trabalhadores vinculados ao Programa de Integra\u00e7\u00e3o Social [&hellip;]","og_url":"https:\/\/aconteceunovale.com.br\/portal\/?p=103248","og_site_name":"Aconteceu no Vale","article_publisher":"https:\/\/www.facebook.com\/aconteceunovale\/","article_published_time":"2016-12-01T21:53:07+00:00","og_image":[{"width":678,"height":332,"url":"https:\/\/aconteceunovale.com.br\/portal\/wp-content\/uploads\/2016\/06\/pis_pasep.jpg","type":"image\/jpeg"}],"author":"Aconteceu no Vale","twitter_card":"summary_large_image","twitter_creator":"@noticiadosvales","twitter_site":"@noticiadosvales","twitter_misc":{"Escrito por":"Aconteceu no Vale","Est. tempo de leitura":"1 minuto"},"schema":{"@context":"https:\/\/schema.org","@graph":[{"@type":"Article","@id":"https:\/\/aconteceunovale.com.br\/portal\/?p=103248#article","isPartOf":{"@id":"https:\/\/aconteceunovale.com.br\/portal\/?p=103248"},"author":{"name":"Aconteceu no Vale","@id":"https:\/\/aconteceunovale.com.br\/portal\/#\/schema\/person\/633529146f2c94272bef50ac2953d589"},"headline":"Trabalhadores t\u00eam at\u00e9 o dia 30 de dezembro para sacar abono salarial","datePublished":"2016-12-01T21:53:07+00:00","mainEntityOfPage":{"@id":"https:\/\/aconteceunovale.com.br\/portal\/?p=103248"},"wordCount":295,"commentCount":0,"image":{"@id":"https:\/\/aconteceunovale.com.br\/portal\/?p=103248#primaryimage"},"thumbnailUrl":"https:\/\/aconteceunovale.com.br\/portal\/wp-content\/uploads\/2016\/06\/pis_pasep.jpg","keywords":["abono salarial","banco do brasil","Caixa Econ\u00f4mica Federal","Pagamento abono salarial","Pasep","PIS","sacar abono salarial","Sal\u00e1rio m\u00ednimo","Saque abono salarial","trabalhadores","Trabalhadores t\u00eam at\u00e9 o dia 30 de dezembro para sacar abono salarial"],"articleSection":["Brasil","Empregos"],"inLanguage":"pt-BR","potentialAction":[{"@type":"CommentAction","name":"Comment","target":["https:\/\/aconteceunovale.com.br\/portal\/?p=103248#respond"]}]},{"@type":"WebPage","@id":"https:\/\/aconteceunovale.com.br\/portal\/?p=103248","url":"https:\/\/aconteceunovale.com.br\/portal\/?p=103248","name":"Trabalhadores t\u00eam at\u00e9 o dia 30 de dezembro para sacar abono salarial - Aconteceu no Vale","isPartOf":{"@id":"https:\/\/aconteceunovale.com.br\/portal\/#website"},"primaryImageOfPage":{"@id":"https:\/\/aconteceunovale.com.br\/portal\/?p=103248#primaryimage"},"image":{"@id":"https:\/\/aconteceunovale.com.br\/portal\/?p=103248#primaryimage"},"thumbnailUrl":"https:\/\/aconteceunovale.com.br\/portal\/wp-content\/uploads\/2016\/06\/pis_pasep.jpg","datePublished":"2016-12-01T21:53:07+00:00","author":{"@id":"https:\/\/aconteceunovale.com.br\/portal\/#\/schema\/person\/633529146f2c94272bef50ac2953d589"},"breadcrumb":{"@id":"https:\/\/aconteceunovale.com.br\/portal\/?p=103248#breadcrumb"},"inLanguage":"pt-BR","potentialAction":[{"@type":"ReadAction","target":["https:\/\/aconteceunovale.com.br\/portal\/?p=103248"]}]},{"@type":"ImageObject","inLanguage":"pt-BR","@id":"https:\/\/aconteceunovale.com.br\/portal\/?p=103248#primaryimage","url":"https:\/\/aconteceunovale.com.br\/portal\/wp-content\/uploads\/2016\/06\/pis_pasep.jpg","contentUrl":"https:\/\/aconteceunovale.com.br\/portal\/wp-content\/uploads\/2016\/06\/pis_pasep.jpg","width":678,"height":332},{"@type":"BreadcrumbList","@id":"https:\/\/aconteceunovale.com.br\/portal\/?p=103248#breadcrumb","itemListElement":[{"@type":"ListItem","position":1,"name":"In\u00edcio","item":"https:\/\/aconteceunovale.com.br\/portal\/"},{"@type":"ListItem","position":2,"name":"Trabalhadores t\u00eam at\u00e9 o dia 30 de dezembro para sacar abono salarial"}]},{"@type":"WebSite","@id":"https:\/\/aconteceunovale.com.br\/portal\/#website","url":"https:\/\/aconteceunovale.com.br\/portal\/","name":"Aconteceu no Vale","description":"Portal de Not\u00edcias","potentialAction":[{"@type":"SearchAction","target":{"@type":"EntryPoint","urlTemplate":"https:\/\/aconteceunovale.com.br\/portal\/?s={search_term_string}"},"query-input":{"@type":"PropertyValueSpecification","valueRequired":true,"valueName":"search_term_string"}}],"inLanguage":"pt-BR"},{"@type":"Person","@id":"https:\/\/aconteceunovale.com.br\/portal\/#\/schema\/person\/633529146f2c94272bef50ac2953d589","name":"Aconteceu no Vale","description":"Equipe de reportagem do Aconteceu no Vale, portal de not\u00edcias do Vale do Jequitinhonha, em Minas Gerais. Cobrimos as 51 cidades do Vale desde 2013. Sugest\u00f5es de pauta e pedidos de corre\u00e7\u00e3o: contato@aconteceunovale.com.br","sameAs":["http:\/\/www.aconteceunovale.com.br"],"url":"https:\/\/aconteceunovale.com.br\/portal\/?author=1"}]}},"_links":{"self":[{"href":"https:\/\/aconteceunovale.com.br\/portal\/index.php?rest_route=\/wp\/v2\/posts\/103248","targetHints":{"allow":["GET"]}}],"collection":[{"href":"https:\/\/aconteceunovale.com.br\/portal\/index.php?rest_route=\/wp\/v2\/posts"}],"about":[{"href":"https:\/\/aconteceunovale.com.br\/portal\/index.php?rest_route=\/wp\/v2\/types\/post"}],"author":[{"embeddable":true,"href":"https:\/\/aconteceunovale.com.br\/portal\/index.php?rest_route=\/wp\/v2\/users\/1"}],"replies":[{"embeddable":true,"href":"https:\/\/aconteceunovale.com.br\/portal\/index.php?rest_route=%2Fwp%2Fv2%2Fcomments&post=103248"}],"version-history":[{"count":0,"href":"https:\/\/aconteceunovale.com.br\/portal\/index.php?rest_route=\/wp\/v2\/posts\/103248\/revisions"}],"wp:featuredmedia":[{"embeddable":true,"href":"https:\/\/aconteceunovale.com.br\/portal\/index.php?rest_route=\/wp\/v2\/media\/88744"}],"wp:attachment":[{"href":"https:\/\/aconteceunovale.com.br\/portal\/index.php?rest_route=%2Fwp%2Fv2%2Fmedia&parent=103248"}],"wp:term":[{"taxonomy":"category","embeddable":true,"href":"https:\/\/aconteceunovale.com.br\/portal\/index.php?rest_route=%2Fwp%2Fv2%2Fcategories&post=103248"},{"taxonomy":"post_tag","embeddable":true,"href":"https:\/\/aconteceunovale.com.br\/portal\/index.php?rest_route=%2Fwp%2Fv2%2Ftags&post=103248"}],"curies":[{"name":"wp","href":"https:\/\/api.w.org\/{rel}","templated":true}]}}