{"id":103245,"date":"2016-12-01T19:48:01","date_gmt":"2016-12-01T21:48:01","guid":{"rendered":"http:\/\/aconteceunovale.com.br\/portal\/?p=103245"},"modified":"2016-12-01T19:48:01","modified_gmt":"2016-12-01T21:48:01","slug":"policia-federal-constata-vazamento-do-enem-2016-diz-mpf","status":"publish","type":"post","link":"https:\/\/aconteceunovale.com.br\/portal\/?p=103245","title":{"rendered":"Pol\u00edcia Federal constata vazamento do Enem 2016, diz MPF"},"content":{"rendered":"<p>O Minist\u00e9rio P\u00fablico Federal no Cear\u00e1 (MPF\/CE) informou que recebeu relat\u00f3rio da Pol\u00edcia Federal (PF) constatando que as provas do primeiro e do segundo dia do Exame Nacional do Ensino M\u00e9dio (Enem), al\u00e9m da prova da reda\u00e7\u00e3o, vazaram para pelo menos dois candidatos antes do in\u00edcio do teste.<\/p>\n<p>O Enem foi aplicado nos dias 5 e 6 de novembro para 5,8 milh\u00f5es de candidatos em todo o pa\u00eds.<\/p>\n<p>Em nota, o MPF diz que, em um trecho do relat\u00f3rio, a PF destaca que, ap\u00f3s a an\u00e1lise de celulares apreendidos durante opera\u00e7\u00f5es nos dias do exame, concluiu-se que os candidatos receberam fotografias das provas e tiveram acesso aos gabaritos e ao tema da reda\u00e7\u00e3o antes do in\u00edcio dos testes.<\/p>\n<p>Os estudantes tiveram acesso \u00e0 &#8220;frase-c\u00f3digo&#8221; da prova rosa, o que permitia que candidatos que deveriam fazer provas diferentes da rosa pudessem preencher o cart\u00e3o de respostas de acordo com o gabarito transmitido pela quadrilha de fraudadores, n\u00e3o importando a cor da prova que o estudante tenha recebido no exame, j\u00e1 que a frase-c\u00f3digo \u00e9 o que legitima a corre\u00e7\u00e3o conforme a cor referente \u00e0 frase.<\/p>\n<p><strong>Candidatos presos em Minas Gerais e no Maranh\u00e3o<\/strong><\/p>\n<p>Os dois candidatos foram presos, um em Minas Gerais e outro no Maranh\u00e3o. Ambos receberam exatamente as mesmas fotografias com gabaritos das provas, por\u00e9m, de intermedi\u00e1rios diferentes, &#8220;deixando claro que a origem do vazamento \u00e9 a mesma&#8221;.<\/p>\n<p>Quanto \u00e0 prova de reda\u00e7\u00e3o, a per\u00edcia da PF identificou que os candidatos presos iniciaram pesquisas no Google sobre o tema da reda\u00e7\u00e3o a partir das 9h38 do dia 6 de novembro, indicando que tiveram acesso ao tema antes do in\u00edcio da aplica\u00e7\u00e3o das provas.<\/p>\n<p>O procurador da Rep\u00fablica Oscar Costa Filho, do MPF\/CE, disse que a \u00edntegra do relat\u00f3rio e pe\u00e7as do inqu\u00e9rito ser\u00e3o anexadas ao recurso do MPF que tramita no Tribunal Regional Federal da 5\u00aa Regi\u00e3o, no Recife. Em novembro, o procurador ingressou com a\u00e7\u00e3o na Justi\u00e7a Federal pedindo que fosse anulada a prova de reda\u00e7\u00e3o do Exame Nacional do Ensino M\u00e9dio (Enem).<\/p>\n<p>O pedido foi negado pela Justi\u00e7a, e o MPF entrou com recurso. \u201cUma quadrilha organizada nacionalmente teve acesso antecipado \u00e0s provas. Isso compromete a lisura do exame e a pr\u00f3pria credibilidade da log\u00edstica de seguran\u00e7a que vem sendo aplicada\u201d, argumenta o procurador.<\/p>\n<p><strong>Inep diz que n\u00e3o vai cancelar Exame<\/strong><\/p>\n<p>O Instituto Nacional de Estudos e Pesquisas Educacionais An\u00edsio Teixeira (Inep) afirma que o exame &#8220;foi realizado com seguran\u00e7a para mais de 5,8 milh\u00f5es de estudantes nos dias 5 e 6 de novembro de 2016&#8221;. O Enem n\u00e3o ser\u00e1 cancelado e a puni\u00e7\u00e3o se restringir\u00e1 aos envolvidos nos casos de tentativa de fraude, de acordo com o \u00f3rg\u00e3o.<\/p>\n<p>Em nota, o Inep, autarquia do Minist\u00e9rio da Educa\u00e7\u00e3o (MEC) respons\u00e1vel pela aplica\u00e7\u00e3o do Enem, diz que a investiga\u00e7\u00e3o da Pol\u00edcia Federal ainda est\u00e1 em curso e em car\u00e1ter sigiloso. &#8220;Ao contr\u00e1rio do que informou o procurador Oscar Costa Filho, do Minist\u00e9rio P\u00fablico do Cear\u00e1, o inqu\u00e9rito n\u00e3o foi conclu\u00eddo&#8221;, diz.<\/p>\n<p>Segundo o Inep, os casos de tentativa de fraude identificados est\u00e3o sob investiga\u00e7\u00e3o e delimitar\u00e3o a responsabilidade dos envolvidos. &#8220;N\u00e3o h\u00e1 indicio de vazamento de gabarito oficial. Como \u00e9 de conhecimento p\u00fablico, a Pol\u00edcia Federal j\u00e1 efetuou pris\u00f5es de envolvidos na tentativa de fraude e o Inep j\u00e1 os excluiu do exame&#8221;.<\/p>\n<p>O Inep tamb\u00e9m afirma que as opera\u00e7\u00f5es deflagradas no dia 6 de novembro s\u00e3o reflexo da a\u00e7\u00e3o conjunta com a Pol\u00edcia Federal e que trabalham em parceria para garantir a seguran\u00e7a e a lisura do certame. A autarquia &#8220;reitera o empenho de colaborar com a Pol\u00edcia Federal para apurar os fatos, garantindo que n\u00e3o haja preju\u00edzo aos participantes do Enem 2016&#8221;.<\/p>\n<p><em>(Fonte: Ag\u00eancia Brasil)<\/em><\/p>\n","protected":false},"excerpt":{"rendered":"<p>O Minist\u00e9rio P\u00fablico Federal no Cear\u00e1 (MPF\/CE) informou que recebeu relat\u00f3rio da Pol\u00edcia Federal (PF) constatando que as provas do primeiro e do segundo dia do Exame Nacional do Ensino M\u00e9dio (Enem), al\u00e9m da prova da reda\u00e7\u00e3o, vazaram para pelo menos dois candidatos antes do in\u00edcio do teste. O Enem foi aplicado nos dias 5 [&hellip;]<\/p>\n","protected":false},"author":1,"featured_media":103246,"comment_status":"open","ping_status":"closed","sticky":false,"template":"","format":"standard","meta":{"amp_status":"","footnotes":""},"categories":[6,40238],"tags":[128505,524,1066,128508,5667,210,772,128506,67314,128507,20257,128509],"class_list":["post-103245","post","type-post","status-publish","format-standard","has-post-thumbnail","hentry","category-br","category-educacao-2","tag-candidatos-presos-em-minas-gerais-e-no-maranhao","tag-enem","tag-fraude-enem","tag-fraude-enem-2016","tag-ministerio-publico-federal","tag-montes-claros","tag-policia-federal","tag-policia-federal-constata-vazamento-do-enem-2016","tag-vazamento","tag-vazamento-do-enem-2016","tag-venda-de-gabaritos-do-enem","tag-venda-de-gabaritos-do-enem-2016"],"yoast_head":"<!-- This site is optimized with the Yoast SEO plugin v28.3 - https:\/\/yoast.com\/product\/yoast-seo-wordpress\/ -->\n<title>Pol\u00edcia Federal constata vazamento do Enem 2016, diz MPF - Aconteceu no Vale<\/title>\n<meta name=\"robots\" content=\"index, follow, max-snippet:-1, max-image-preview:large, max-video-preview:-1\" \/>\n<link rel=\"canonical\" href=\"https:\/\/aconteceunovale.com.br\/portal\/?p=103245\" \/>\n<meta property=\"og:locale\" content=\"pt_BR\" \/>\n<meta property=\"og:type\" content=\"article\" \/>\n<meta property=\"og:title\" content=\"Pol\u00edcia Federal constata vazamento do Enem 2016, diz MPF - Aconteceu no Vale\" \/>\n<meta property=\"og:description\" content=\"O Minist\u00e9rio P\u00fablico Federal no Cear\u00e1 (MPF\/CE) informou que recebeu relat\u00f3rio da Pol\u00edcia Federal (PF) constatando que as provas do primeiro e do segundo dia do Exame Nacional do Ensino M\u00e9dio (Enem), al\u00e9m da prova da reda\u00e7\u00e3o, vazaram para pelo menos dois candidatos antes do in\u00edcio do teste. O Enem foi aplicado nos dias 5 [&hellip;]\" \/>\n<meta property=\"og:url\" content=\"https:\/\/aconteceunovale.com.br\/portal\/?p=103245\" \/>\n<meta property=\"og:site_name\" content=\"Aconteceu no Vale\" \/>\n<meta property=\"article:publisher\" content=\"https:\/\/www.facebook.com\/aconteceunovale\/\" \/>\n<meta property=\"article:published_time\" content=\"2016-12-01T21:48:01+00:00\" \/>\n<meta property=\"og:image\" content=\"https:\/\/aconteceunovale.com.br\/portal\/wp-content\/uploads\/2016\/12\/vazamento_enem.jpg\" \/>\n\t<meta property=\"og:image:width\" content=\"580\" \/>\n\t<meta property=\"og:image:height\" content=\"388\" \/>\n\t<meta property=\"og:image:type\" content=\"image\/jpeg\" \/>\n<meta name=\"author\" content=\"Aconteceu no Vale\" \/>\n<meta name=\"twitter:card\" content=\"summary_large_image\" \/>\n<meta name=\"twitter:creator\" content=\"@noticiadosvales\" \/>\n<meta name=\"twitter:site\" content=\"@noticiadosvales\" \/>\n<meta name=\"twitter:label1\" content=\"Escrito por\" \/>\n\t<meta name=\"twitter:data1\" content=\"Aconteceu no Vale\" \/>\n\t<meta name=\"twitter:label2\" content=\"Est. tempo de leitura\" \/>\n\t<meta name=\"twitter:data2\" content=\"3 minutos\" \/>\n<script type=\"application\/ld+json\" class=\"yoast-schema-graph\">{\"@context\":\"https:\\\/\\\/schema.org\",\"@graph\":[{\"@type\":\"Article\",\"@id\":\"https:\\\/\\\/aconteceunovale.com.br\\\/portal\\\/?p=103245#article\",\"isPartOf\":{\"@id\":\"https:\\\/\\\/aconteceunovale.com.br\\\/portal\\\/?p=103245\"},\"author\":{\"name\":\"Aconteceu no Vale\",\"@id\":\"https:\\\/\\\/aconteceunovale.com.br\\\/portal\\\/#\\\/schema\\\/person\\\/633529146f2c94272bef50ac2953d589\"},\"headline\":\"Pol\u00edcia Federal constata vazamento do Enem 2016, diz MPF\",\"datePublished\":\"2016-12-01T21:48:01+00:00\",\"mainEntityOfPage\":{\"@id\":\"https:\\\/\\\/aconteceunovale.com.br\\\/portal\\\/?p=103245\"},\"wordCount\":684,\"commentCount\":0,\"image\":{\"@id\":\"https:\\\/\\\/aconteceunovale.com.br\\\/portal\\\/?p=103245#primaryimage\"},\"thumbnailUrl\":\"https:\\\/\\\/aconteceunovale.com.br\\\/portal\\\/wp-content\\\/uploads\\\/2016\\\/12\\\/vazamento_enem.jpg\",\"keywords\":[\"Candidatos presos em Minas Gerais e no Maranh\u00e3o\",\"Enem\",\"fraude enem\",\"Fraude Enem 2016\",\"Minist\u00e9rio P\u00fablico Federal\",\"Montes Claros\",\"pol\u00edcia federal\",\"Pol\u00edcia Federal constata vazamento do Enem 2016\",\"vazamento\",\"Vazamento do Enem 2016\",\"venda de gabaritos do enem\",\"Venda de gabaritos do Enem 2016\"],\"articleSection\":[\"Brasil\",\"Educa\u00e7\u00e3o\"],\"inLanguage\":\"pt-BR\",\"potentialAction\":[{\"@type\":\"CommentAction\",\"name\":\"Comment\",\"target\":[\"https:\\\/\\\/aconteceunovale.com.br\\\/portal\\\/?p=103245#respond\"]}]},{\"@type\":\"WebPage\",\"@id\":\"https:\\\/\\\/aconteceunovale.com.br\\\/portal\\\/?p=103245\",\"url\":\"https:\\\/\\\/aconteceunovale.com.br\\\/portal\\\/?p=103245\",\"name\":\"Pol\u00edcia Federal constata vazamento do Enem 2016, diz MPF - Aconteceu no Vale\",\"isPartOf\":{\"@id\":\"https:\\\/\\\/aconteceunovale.com.br\\\/portal\\\/#website\"},\"primaryImageOfPage\":{\"@id\":\"https:\\\/\\\/aconteceunovale.com.br\\\/portal\\\/?p=103245#primaryimage\"},\"image\":{\"@id\":\"https:\\\/\\\/aconteceunovale.com.br\\\/portal\\\/?p=103245#primaryimage\"},\"thumbnailUrl\":\"https:\\\/\\\/aconteceunovale.com.br\\\/portal\\\/wp-content\\\/uploads\\\/2016\\\/12\\\/vazamento_enem.jpg\",\"datePublished\":\"2016-12-01T21:48:01+00:00\",\"author\":{\"@id\":\"https:\\\/\\\/aconteceunovale.com.br\\\/portal\\\/#\\\/schema\\\/person\\\/633529146f2c94272bef50ac2953d589\"},\"breadcrumb\":{\"@id\":\"https:\\\/\\\/aconteceunovale.com.br\\\/portal\\\/?p=103245#breadcrumb\"},\"inLanguage\":\"pt-BR\",\"potentialAction\":[{\"@type\":\"ReadAction\",\"target\":[\"https:\\\/\\\/aconteceunovale.com.br\\\/portal\\\/?p=103245\"]}]},{\"@type\":\"ImageObject\",\"inLanguage\":\"pt-BR\",\"@id\":\"https:\\\/\\\/aconteceunovale.com.br\\\/portal\\\/?p=103245#primaryimage\",\"url\":\"https:\\\/\\\/aconteceunovale.com.br\\\/portal\\\/wp-content\\\/uploads\\\/2016\\\/12\\\/vazamento_enem.jpg\",\"contentUrl\":\"https:\\\/\\\/aconteceunovale.com.br\\\/portal\\\/wp-content\\\/uploads\\\/2016\\\/12\\\/vazamento_enem.jpg\",\"width\":580,\"height\":388},{\"@type\":\"BreadcrumbList\",\"@id\":\"https:\\\/\\\/aconteceunovale.com.br\\\/portal\\\/?p=103245#breadcrumb\",\"itemListElement\":[{\"@type\":\"ListItem\",\"position\":1,\"name\":\"In\u00edcio\",\"item\":\"https:\\\/\\\/aconteceunovale.com.br\\\/portal\\\/\"},{\"@type\":\"ListItem\",\"position\":2,\"name\":\"Pol\u00edcia Federal constata vazamento do Enem 2016, diz MPF\"}]},{\"@type\":\"WebSite\",\"@id\":\"https:\\\/\\\/aconteceunovale.com.br\\\/portal\\\/#website\",\"url\":\"https:\\\/\\\/aconteceunovale.com.br\\\/portal\\\/\",\"name\":\"Aconteceu no Vale\",\"description\":\"Portal de Not\u00edcias\",\"potentialAction\":[{\"@type\":\"SearchAction\",\"target\":{\"@type\":\"EntryPoint\",\"urlTemplate\":\"https:\\\/\\\/aconteceunovale.com.br\\\/portal\\\/?s={search_term_string}\"},\"query-input\":{\"@type\":\"PropertyValueSpecification\",\"valueRequired\":true,\"valueName\":\"search_term_string\"}}],\"inLanguage\":\"pt-BR\"},{\"@type\":\"Person\",\"@id\":\"https:\\\/\\\/aconteceunovale.com.br\\\/portal\\\/#\\\/schema\\\/person\\\/633529146f2c94272bef50ac2953d589\",\"name\":\"Aconteceu no Vale\",\"description\":\"Equipe de reportagem do Aconteceu no Vale, portal de not\u00edcias do Vale do Jequitinhonha, em Minas Gerais. Cobrimos as 51 cidades do Vale desde 2013. Sugest\u00f5es de pauta e pedidos de corre\u00e7\u00e3o: contato@aconteceunovale.com.br\",\"sameAs\":[\"http:\\\/\\\/www.aconteceunovale.com.br\"],\"url\":\"https:\\\/\\\/aconteceunovale.com.br\\\/portal\\\/?author=1\"}]}<\/script>\n<!-- \/ Yoast SEO plugin. -->","yoast_head_json":{"title":"Pol\u00edcia Federal constata vazamento do Enem 2016, diz MPF - Aconteceu no Vale","robots":{"index":"index","follow":"follow","max-snippet":"max-snippet:-1","max-image-preview":"max-image-preview:large","max-video-preview":"max-video-preview:-1"},"canonical":"https:\/\/aconteceunovale.com.br\/portal\/?p=103245","og_locale":"pt_BR","og_type":"article","og_title":"Pol\u00edcia Federal constata vazamento do Enem 2016, diz MPF - Aconteceu no Vale","og_description":"O Minist\u00e9rio P\u00fablico Federal no Cear\u00e1 (MPF\/CE) informou que recebeu relat\u00f3rio da Pol\u00edcia Federal (PF) constatando que as provas do primeiro e do segundo dia do Exame Nacional do Ensino M\u00e9dio (Enem), al\u00e9m da prova da reda\u00e7\u00e3o, vazaram para pelo menos dois candidatos antes do in\u00edcio do teste. O Enem foi aplicado nos dias 5 [&hellip;]","og_url":"https:\/\/aconteceunovale.com.br\/portal\/?p=103245","og_site_name":"Aconteceu no Vale","article_publisher":"https:\/\/www.facebook.com\/aconteceunovale\/","article_published_time":"2016-12-01T21:48:01+00:00","og_image":[{"width":580,"height":388,"url":"https:\/\/aconteceunovale.com.br\/portal\/wp-content\/uploads\/2016\/12\/vazamento_enem.jpg","type":"image\/jpeg"}],"author":"Aconteceu no Vale","twitter_card":"summary_large_image","twitter_creator":"@noticiadosvales","twitter_site":"@noticiadosvales","twitter_misc":{"Escrito por":"Aconteceu no Vale","Est. tempo de leitura":"3 minutos"},"schema":{"@context":"https:\/\/schema.org","@graph":[{"@type":"Article","@id":"https:\/\/aconteceunovale.com.br\/portal\/?p=103245#article","isPartOf":{"@id":"https:\/\/aconteceunovale.com.br\/portal\/?p=103245"},"author":{"name":"Aconteceu no Vale","@id":"https:\/\/aconteceunovale.com.br\/portal\/#\/schema\/person\/633529146f2c94272bef50ac2953d589"},"headline":"Pol\u00edcia Federal constata vazamento do Enem 2016, diz MPF","datePublished":"2016-12-01T21:48:01+00:00","mainEntityOfPage":{"@id":"https:\/\/aconteceunovale.com.br\/portal\/?p=103245"},"wordCount":684,"commentCount":0,"image":{"@id":"https:\/\/aconteceunovale.com.br\/portal\/?p=103245#primaryimage"},"thumbnailUrl":"https:\/\/aconteceunovale.com.br\/portal\/wp-content\/uploads\/2016\/12\/vazamento_enem.jpg","keywords":["Candidatos presos em Minas Gerais e no Maranh\u00e3o","Enem","fraude enem","Fraude Enem 2016","Minist\u00e9rio P\u00fablico Federal","Montes Claros","pol\u00edcia federal","Pol\u00edcia Federal constata vazamento do Enem 2016","vazamento","Vazamento do Enem 2016","venda de gabaritos do enem","Venda de gabaritos do Enem 2016"],"articleSection":["Brasil","Educa\u00e7\u00e3o"],"inLanguage":"pt-BR","potentialAction":[{"@type":"CommentAction","name":"Comment","target":["https:\/\/aconteceunovale.com.br\/portal\/?p=103245#respond"]}]},{"@type":"WebPage","@id":"https:\/\/aconteceunovale.com.br\/portal\/?p=103245","url":"https:\/\/aconteceunovale.com.br\/portal\/?p=103245","name":"Pol\u00edcia Federal constata vazamento do Enem 2016, diz MPF - Aconteceu no Vale","isPartOf":{"@id":"https:\/\/aconteceunovale.com.br\/portal\/#website"},"primaryImageOfPage":{"@id":"https:\/\/aconteceunovale.com.br\/portal\/?p=103245#primaryimage"},"image":{"@id":"https:\/\/aconteceunovale.com.br\/portal\/?p=103245#primaryimage"},"thumbnailUrl":"https:\/\/aconteceunovale.com.br\/portal\/wp-content\/uploads\/2016\/12\/vazamento_enem.jpg","datePublished":"2016-12-01T21:48:01+00:00","author":{"@id":"https:\/\/aconteceunovale.com.br\/portal\/#\/schema\/person\/633529146f2c94272bef50ac2953d589"},"breadcrumb":{"@id":"https:\/\/aconteceunovale.com.br\/portal\/?p=103245#breadcrumb"},"inLanguage":"pt-BR","potentialAction":[{"@type":"ReadAction","target":["https:\/\/aconteceunovale.com.br\/portal\/?p=103245"]}]},{"@type":"ImageObject","inLanguage":"pt-BR","@id":"https:\/\/aconteceunovale.com.br\/portal\/?p=103245#primaryimage","url":"https:\/\/aconteceunovale.com.br\/portal\/wp-content\/uploads\/2016\/12\/vazamento_enem.jpg","contentUrl":"https:\/\/aconteceunovale.com.br\/portal\/wp-content\/uploads\/2016\/12\/vazamento_enem.jpg","width":580,"height":388},{"@type":"BreadcrumbList","@id":"https:\/\/aconteceunovale.com.br\/portal\/?p=103245#breadcrumb","itemListElement":[{"@type":"ListItem","position":1,"name":"In\u00edcio","item":"https:\/\/aconteceunovale.com.br\/portal\/"},{"@type":"ListItem","position":2,"name":"Pol\u00edcia Federal constata vazamento do Enem 2016, diz MPF"}]},{"@type":"WebSite","@id":"https:\/\/aconteceunovale.com.br\/portal\/#website","url":"https:\/\/aconteceunovale.com.br\/portal\/","name":"Aconteceu no Vale","description":"Portal de Not\u00edcias","potentialAction":[{"@type":"SearchAction","target":{"@type":"EntryPoint","urlTemplate":"https:\/\/aconteceunovale.com.br\/portal\/?s={search_term_string}"},"query-input":{"@type":"PropertyValueSpecification","valueRequired":true,"valueName":"search_term_string"}}],"inLanguage":"pt-BR"},{"@type":"Person","@id":"https:\/\/aconteceunovale.com.br\/portal\/#\/schema\/person\/633529146f2c94272bef50ac2953d589","name":"Aconteceu no Vale","description":"Equipe de reportagem do Aconteceu no Vale, portal de not\u00edcias do Vale do Jequitinhonha, em Minas Gerais. Cobrimos as 51 cidades do Vale desde 2013. Sugest\u00f5es de pauta e pedidos de corre\u00e7\u00e3o: contato@aconteceunovale.com.br","sameAs":["http:\/\/www.aconteceunovale.com.br"],"url":"https:\/\/aconteceunovale.com.br\/portal\/?author=1"}]}},"_links":{"self":[{"href":"https:\/\/aconteceunovale.com.br\/portal\/index.php?rest_route=\/wp\/v2\/posts\/103245","targetHints":{"allow":["GET"]}}],"collection":[{"href":"https:\/\/aconteceunovale.com.br\/portal\/index.php?rest_route=\/wp\/v2\/posts"}],"about":[{"href":"https:\/\/aconteceunovale.com.br\/portal\/index.php?rest_route=\/wp\/v2\/types\/post"}],"author":[{"embeddable":true,"href":"https:\/\/aconteceunovale.com.br\/portal\/index.php?rest_route=\/wp\/v2\/users\/1"}],"replies":[{"embeddable":true,"href":"https:\/\/aconteceunovale.com.br\/portal\/index.php?rest_route=%2Fwp%2Fv2%2Fcomments&post=103245"}],"version-history":[{"count":0,"href":"https:\/\/aconteceunovale.com.br\/portal\/index.php?rest_route=\/wp\/v2\/posts\/103245\/revisions"}],"wp:featuredmedia":[{"embeddable":true,"href":"https:\/\/aconteceunovale.com.br\/portal\/index.php?rest_route=\/wp\/v2\/media\/103246"}],"wp:attachment":[{"href":"https:\/\/aconteceunovale.com.br\/portal\/index.php?rest_route=%2Fwp%2Fv2%2Fmedia&parent=103245"}],"wp:term":[{"taxonomy":"category","embeddable":true,"href":"https:\/\/aconteceunovale.com.br\/portal\/index.php?rest_route=%2Fwp%2Fv2%2Fcategories&post=103245"},{"taxonomy":"post_tag","embeddable":true,"href":"https:\/\/aconteceunovale.com.br\/portal\/index.php?rest_route=%2Fwp%2Fv2%2Ftags&post=103245"}],"curies":[{"name":"wp","href":"https:\/\/api.w.org\/{rel}","templated":true}]}}