{"id":103236,"date":"2016-12-01T14:54:14","date_gmt":"2016-12-01T16:54:14","guid":{"rendered":"http:\/\/aconteceunovale.com.br\/portal\/?p=103236"},"modified":"2016-12-01T14:54:14","modified_gmt":"2016-12-01T16:54:14","slug":"policia-civil-conclui-inquerito-sobre-latrocinio-em-lanchonete-de-governador-valadares","status":"publish","type":"post","link":"https:\/\/aconteceunovale.com.br\/portal\/?p=103236","title":{"rendered":"Pol\u00edcia Civil conclui inqu\u00e9rito sobre latroc\u00ednio em lanchonete de Governador Valadares"},"content":{"rendered":"<p>O delegado de homic\u00eddios da Pol\u00edcia Civil de Governador Valadares, Felipe Assis, apresentou, na manh\u00e3 desta quinta-feira (01\/12\/2016), a conclus\u00e3o do inqu\u00e9rito sobre um latroc\u00ednio ocorrido no dia 19 de novembro na cidade. Um adolescente de 16 anos, e um rapaz, de 22, mataram um jovem de 23 anos a tiros.<\/p>\n<p>De acordo com o delegado Felipe Assis, os criminosos foram roubar uma lanchonete no Bairro Santa Rita para conseguir dinheiro e pagar uma d\u00edvida com o tr\u00e1fico de drogas. A dupla foi detida pela Pol\u00edcia Militar momentos ap\u00f3s o crime.<\/p>\n<p>O dinheiro levado do local e os pertences roubados dos clientes foram recuperados e o jovem, de 22 anos, est\u00e1 preso preventivamente. O adolescente, que teria arquitetado o crime, se encontra no Centro de Interna\u00e7\u00e3o de Adolescentes (CIA) da cidade. Eles j\u00e1 possu\u00edam passagens por outros crimes e s\u00e3o suspeitos de um homic\u00eddio na cidade, ocorrido em outubro deste ano.<\/p>\n<p>Para o delegado, a morte da v\u00edtima Wanderson Martins poderia ter sido evitada, se ela n\u00e3o tivesse reagido ao roubo. \u201cEsse desfecho ocorreu por causa de uma rea\u00e7\u00e3o da v\u00edtima. Ela acabou reagindo, partiu pra cima de um dos autores, e um deles acabou desferindo v\u00e1rios disparos na v\u00edtima.\u201d O homem morreu ao dar entrada no hospital da cidade, depois de levar v\u00e1rios tiros no t\u00f3rax e na cabe\u00e7a.<\/p>\n<p><iframe loading=\"lazy\" width=\"640\" height=\"360\" src=\"https:\/\/www.youtube.com\/embed\/ywMfCOMQEtU\" frameborder=\"0\" allowfullscreen><\/iframe><br \/>\n<\/br><\/p>\n<p><em>(Fonte: G1 dos Vales)<\/em><\/p>\n","protected":false},"excerpt":{"rendered":"<p>O delegado de homic\u00eddios da Pol\u00edcia Civil de Governador Valadares, Felipe Assis, apresentou, na manh\u00e3 desta quinta-feira (01\/12\/2016), a conclus\u00e3o do inqu\u00e9rito sobre um latroc\u00ednio ocorrido no dia 19 de novembro na cidade. Um adolescente de 16 anos, e um rapaz, de 22, mataram um jovem de 23 anos a tiros. De acordo com o [&hellip;]<\/p>\n","protected":false},"author":1,"featured_media":103238,"comment_status":"open","ping_status":"closed","sticky":false,"template":"","format":"standard","meta":{"amp_status":"","footnotes":""},"categories":[121],"tags":[95165,126623,82075,128471,128473,247,21862,126620,128472,126622,126621,128474,42590,53266,126624,44656,126625],"class_list":["post-103236","post","type-post","status-publish","format-standard","has-post-thumbnail","hentry","category-leste","tag-assalto-em-governador-valadares","tag-assalto-em-lanchonete-de-governador-valadares","tag-assalto-governador-valadares","tag-delegado-de-homicidios-da-policia-civil-de-governador-valadares","tag-felipe-assis","tag-governador-valadares","tag-homicidio-governador-valadares","tag-jovem-e-assassinado-durante-assalto-em-governador-valadares","tag-latrocinio-governador-valadares","tag-morto-durante-assalto-em-governador-valadares","tag-morto-durante-roubo-em-governador-valadares","tag-policia-civil-conclui-inquerito-sobre-latrocinio-em-lanchonete-de-governador-valadares","tag-policia-civil-de-governador-valadares","tag-roubo-em-governador-valadares","tag-roubo-em-lanchonete-de-governador-valadares","tag-violencia-em-governador-valadares","tag-wanderson-martins"],"yoast_head":"<!-- This site is optimized with the Yoast SEO plugin v28.3 - https:\/\/yoast.com\/product\/yoast-seo-wordpress\/ -->\n<title>Pol\u00edcia Civil conclui inqu\u00e9rito sobre latroc\u00ednio em lanchonete de Governador Valadares - Aconteceu no Vale<\/title>\n<meta name=\"robots\" content=\"index, follow, max-snippet:-1, max-image-preview:large, max-video-preview:-1\" \/>\n<link rel=\"canonical\" href=\"https:\/\/aconteceunovale.com.br\/portal\/?p=103236\" \/>\n<meta property=\"og:locale\" content=\"pt_BR\" \/>\n<meta property=\"og:type\" content=\"article\" \/>\n<meta property=\"og:title\" content=\"Pol\u00edcia Civil conclui inqu\u00e9rito sobre latroc\u00ednio em lanchonete de Governador Valadares - Aconteceu no Vale\" \/>\n<meta property=\"og:description\" content=\"O delegado de homic\u00eddios da Pol\u00edcia Civil de Governador Valadares, Felipe Assis, apresentou, na manh\u00e3 desta quinta-feira (01\/12\/2016), a conclus\u00e3o do inqu\u00e9rito sobre um latroc\u00ednio ocorrido no dia 19 de novembro na cidade. Um adolescente de 16 anos, e um rapaz, de 22, mataram um jovem de 23 anos a tiros. De acordo com o [&hellip;]\" \/>\n<meta property=\"og:url\" content=\"https:\/\/aconteceunovale.com.br\/portal\/?p=103236\" \/>\n<meta property=\"og:site_name\" content=\"Aconteceu no Vale\" \/>\n<meta property=\"article:publisher\" content=\"https:\/\/www.facebook.com\/aconteceunovale\/\" \/>\n<meta property=\"article:published_time\" content=\"2016-12-01T16:54:14+00:00\" \/>\n<meta property=\"og:image\" content=\"https:\/\/aconteceunovale.com.br\/portal\/wp-content\/uploads\/2016\/12\/latrocinio_gv.jpg\" \/>\n\t<meta property=\"og:image:width\" content=\"678\" \/>\n\t<meta property=\"og:image:height\" content=\"368\" \/>\n\t<meta property=\"og:image:type\" content=\"image\/jpeg\" \/>\n<meta name=\"author\" content=\"Aconteceu no Vale\" \/>\n<meta name=\"twitter:card\" content=\"summary_large_image\" \/>\n<meta name=\"twitter:creator\" content=\"@noticiadosvales\" \/>\n<meta name=\"twitter:site\" content=\"@noticiadosvales\" \/>\n<meta name=\"twitter:label1\" content=\"Escrito por\" \/>\n\t<meta name=\"twitter:data1\" content=\"Aconteceu no Vale\" \/>\n\t<meta name=\"twitter:label2\" content=\"Est. tempo de leitura\" \/>\n\t<meta name=\"twitter:data2\" content=\"1 minuto\" \/>\n<script type=\"application\/ld+json\" class=\"yoast-schema-graph\">{\"@context\":\"https:\\\/\\\/schema.org\",\"@graph\":[{\"@type\":\"Article\",\"@id\":\"https:\\\/\\\/aconteceunovale.com.br\\\/portal\\\/?p=103236#article\",\"isPartOf\":{\"@id\":\"https:\\\/\\\/aconteceunovale.com.br\\\/portal\\\/?p=103236\"},\"author\":{\"name\":\"Aconteceu no Vale\",\"@id\":\"https:\\\/\\\/aconteceunovale.com.br\\\/portal\\\/#\\\/schema\\\/person\\\/633529146f2c94272bef50ac2953d589\"},\"headline\":\"Pol\u00edcia Civil conclui inqu\u00e9rito sobre latroc\u00ednio em lanchonete de Governador Valadares\",\"datePublished\":\"2016-12-01T16:54:14+00:00\",\"mainEntityOfPage\":{\"@id\":\"https:\\\/\\\/aconteceunovale.com.br\\\/portal\\\/?p=103236\"},\"wordCount\":254,\"commentCount\":0,\"image\":{\"@id\":\"https:\\\/\\\/aconteceunovale.com.br\\\/portal\\\/?p=103236#primaryimage\"},\"thumbnailUrl\":\"https:\\\/\\\/aconteceunovale.com.br\\\/portal\\\/wp-content\\\/uploads\\\/2016\\\/12\\\/latrocinio_gv.jpg\",\"keywords\":[\"assalto em Governador Valadares\",\"Assalto em lanchonete de Governador Valadares\",\"Assalto Governador Valadares\",\"delegado de homic\u00eddios da Pol\u00edcia Civil de Governador Valadares\",\"Felipe Assis\",\"Governador Valadares\",\"homic\u00eddio governador valadares\",\"Jovem \u00e9 assassinado durante assalto em Governador Valadares\",\"Latroc\u00ednio Governador Valadares\",\"Morto durante assalto em Governador Valadares\",\"Morto durante roubo em Governador Valadares\",\"Pol\u00edcia Civil conclui inqu\u00e9rito sobre latroc\u00ednio em lanchonete de Governador Valadares\",\"Pol\u00edcia Civil de Governador Valadares\",\"roubo em Governador Valadares\",\"Roubo em lanchonete de Governador Valadares\",\"viol\u00eancia em Governador Valadares\",\"Wanderson Martins\"],\"articleSection\":[\"Leste de Minas\"],\"inLanguage\":\"pt-BR\",\"potentialAction\":[{\"@type\":\"CommentAction\",\"name\":\"Comment\",\"target\":[\"https:\\\/\\\/aconteceunovale.com.br\\\/portal\\\/?p=103236#respond\"]}]},{\"@type\":\"WebPage\",\"@id\":\"https:\\\/\\\/aconteceunovale.com.br\\\/portal\\\/?p=103236\",\"url\":\"https:\\\/\\\/aconteceunovale.com.br\\\/portal\\\/?p=103236\",\"name\":\"Pol\u00edcia Civil conclui inqu\u00e9rito sobre latroc\u00ednio em lanchonete de Governador Valadares - Aconteceu no Vale\",\"isPartOf\":{\"@id\":\"https:\\\/\\\/aconteceunovale.com.br\\\/portal\\\/#website\"},\"primaryImageOfPage\":{\"@id\":\"https:\\\/\\\/aconteceunovale.com.br\\\/portal\\\/?p=103236#primaryimage\"},\"image\":{\"@id\":\"https:\\\/\\\/aconteceunovale.com.br\\\/portal\\\/?p=103236#primaryimage\"},\"thumbnailUrl\":\"https:\\\/\\\/aconteceunovale.com.br\\\/portal\\\/wp-content\\\/uploads\\\/2016\\\/12\\\/latrocinio_gv.jpg\",\"datePublished\":\"2016-12-01T16:54:14+00:00\",\"author\":{\"@id\":\"https:\\\/\\\/aconteceunovale.com.br\\\/portal\\\/#\\\/schema\\\/person\\\/633529146f2c94272bef50ac2953d589\"},\"breadcrumb\":{\"@id\":\"https:\\\/\\\/aconteceunovale.com.br\\\/portal\\\/?p=103236#breadcrumb\"},\"inLanguage\":\"pt-BR\",\"potentialAction\":[{\"@type\":\"ReadAction\",\"target\":[\"https:\\\/\\\/aconteceunovale.com.br\\\/portal\\\/?p=103236\"]}]},{\"@type\":\"ImageObject\",\"inLanguage\":\"pt-BR\",\"@id\":\"https:\\\/\\\/aconteceunovale.com.br\\\/portal\\\/?p=103236#primaryimage\",\"url\":\"https:\\\/\\\/aconteceunovale.com.br\\\/portal\\\/wp-content\\\/uploads\\\/2016\\\/12\\\/latrocinio_gv.jpg\",\"contentUrl\":\"https:\\\/\\\/aconteceunovale.com.br\\\/portal\\\/wp-content\\\/uploads\\\/2016\\\/12\\\/latrocinio_gv.jpg\",\"width\":678,\"height\":368},{\"@type\":\"BreadcrumbList\",\"@id\":\"https:\\\/\\\/aconteceunovale.com.br\\\/portal\\\/?p=103236#breadcrumb\",\"itemListElement\":[{\"@type\":\"ListItem\",\"position\":1,\"name\":\"In\u00edcio\",\"item\":\"https:\\\/\\\/aconteceunovale.com.br\\\/portal\\\/\"},{\"@type\":\"ListItem\",\"position\":2,\"name\":\"Pol\u00edcia Civil conclui inqu\u00e9rito sobre latroc\u00ednio em lanchonete de Governador Valadares\"}]},{\"@type\":\"WebSite\",\"@id\":\"https:\\\/\\\/aconteceunovale.com.br\\\/portal\\\/#website\",\"url\":\"https:\\\/\\\/aconteceunovale.com.br\\\/portal\\\/\",\"name\":\"Aconteceu no Vale\",\"description\":\"Portal de Not\u00edcias\",\"potentialAction\":[{\"@type\":\"SearchAction\",\"target\":{\"@type\":\"EntryPoint\",\"urlTemplate\":\"https:\\\/\\\/aconteceunovale.com.br\\\/portal\\\/?s={search_term_string}\"},\"query-input\":{\"@type\":\"PropertyValueSpecification\",\"valueRequired\":true,\"valueName\":\"search_term_string\"}}],\"inLanguage\":\"pt-BR\"},{\"@type\":\"Person\",\"@id\":\"https:\\\/\\\/aconteceunovale.com.br\\\/portal\\\/#\\\/schema\\\/person\\\/633529146f2c94272bef50ac2953d589\",\"name\":\"Aconteceu no Vale\",\"description\":\"Equipe de reportagem do Aconteceu no Vale, portal de not\u00edcias do Vale do Jequitinhonha, em Minas Gerais. Cobrimos as 51 cidades do Vale desde 2013. Sugest\u00f5es de pauta e pedidos de corre\u00e7\u00e3o: contato@aconteceunovale.com.br\",\"sameAs\":[\"http:\\\/\\\/www.aconteceunovale.com.br\"],\"url\":\"https:\\\/\\\/aconteceunovale.com.br\\\/portal\\\/?author=1\"}]}<\/script>\n<!-- \/ Yoast SEO plugin. -->","yoast_head_json":{"title":"Pol\u00edcia Civil conclui inqu\u00e9rito sobre latroc\u00ednio em lanchonete de Governador Valadares - Aconteceu no Vale","robots":{"index":"index","follow":"follow","max-snippet":"max-snippet:-1","max-image-preview":"max-image-preview:large","max-video-preview":"max-video-preview:-1"},"canonical":"https:\/\/aconteceunovale.com.br\/portal\/?p=103236","og_locale":"pt_BR","og_type":"article","og_title":"Pol\u00edcia Civil conclui inqu\u00e9rito sobre latroc\u00ednio em lanchonete de Governador Valadares - Aconteceu no Vale","og_description":"O delegado de homic\u00eddios da Pol\u00edcia Civil de Governador Valadares, Felipe Assis, apresentou, na manh\u00e3 desta quinta-feira (01\/12\/2016), a conclus\u00e3o do inqu\u00e9rito sobre um latroc\u00ednio ocorrido no dia 19 de novembro na cidade. Um adolescente de 16 anos, e um rapaz, de 22, mataram um jovem de 23 anos a tiros. De acordo com o [&hellip;]","og_url":"https:\/\/aconteceunovale.com.br\/portal\/?p=103236","og_site_name":"Aconteceu no Vale","article_publisher":"https:\/\/www.facebook.com\/aconteceunovale\/","article_published_time":"2016-12-01T16:54:14+00:00","og_image":[{"width":678,"height":368,"url":"https:\/\/aconteceunovale.com.br\/portal\/wp-content\/uploads\/2016\/12\/latrocinio_gv.jpg","type":"image\/jpeg"}],"author":"Aconteceu no Vale","twitter_card":"summary_large_image","twitter_creator":"@noticiadosvales","twitter_site":"@noticiadosvales","twitter_misc":{"Escrito por":"Aconteceu no Vale","Est. tempo de leitura":"1 minuto"},"schema":{"@context":"https:\/\/schema.org","@graph":[{"@type":"Article","@id":"https:\/\/aconteceunovale.com.br\/portal\/?p=103236#article","isPartOf":{"@id":"https:\/\/aconteceunovale.com.br\/portal\/?p=103236"},"author":{"name":"Aconteceu no Vale","@id":"https:\/\/aconteceunovale.com.br\/portal\/#\/schema\/person\/633529146f2c94272bef50ac2953d589"},"headline":"Pol\u00edcia Civil conclui inqu\u00e9rito sobre latroc\u00ednio em lanchonete de Governador Valadares","datePublished":"2016-12-01T16:54:14+00:00","mainEntityOfPage":{"@id":"https:\/\/aconteceunovale.com.br\/portal\/?p=103236"},"wordCount":254,"commentCount":0,"image":{"@id":"https:\/\/aconteceunovale.com.br\/portal\/?p=103236#primaryimage"},"thumbnailUrl":"https:\/\/aconteceunovale.com.br\/portal\/wp-content\/uploads\/2016\/12\/latrocinio_gv.jpg","keywords":["assalto em Governador Valadares","Assalto em lanchonete de Governador Valadares","Assalto Governador Valadares","delegado de homic\u00eddios da Pol\u00edcia Civil de Governador Valadares","Felipe Assis","Governador Valadares","homic\u00eddio governador valadares","Jovem \u00e9 assassinado durante assalto em Governador Valadares","Latroc\u00ednio Governador Valadares","Morto durante assalto em Governador Valadares","Morto durante roubo em Governador Valadares","Pol\u00edcia Civil conclui inqu\u00e9rito sobre latroc\u00ednio em lanchonete de Governador Valadares","Pol\u00edcia Civil de Governador Valadares","roubo em Governador Valadares","Roubo em lanchonete de Governador Valadares","viol\u00eancia em Governador Valadares","Wanderson Martins"],"articleSection":["Leste de Minas"],"inLanguage":"pt-BR","potentialAction":[{"@type":"CommentAction","name":"Comment","target":["https:\/\/aconteceunovale.com.br\/portal\/?p=103236#respond"]}]},{"@type":"WebPage","@id":"https:\/\/aconteceunovale.com.br\/portal\/?p=103236","url":"https:\/\/aconteceunovale.com.br\/portal\/?p=103236","name":"Pol\u00edcia Civil conclui inqu\u00e9rito sobre latroc\u00ednio em lanchonete de Governador Valadares - Aconteceu no Vale","isPartOf":{"@id":"https:\/\/aconteceunovale.com.br\/portal\/#website"},"primaryImageOfPage":{"@id":"https:\/\/aconteceunovale.com.br\/portal\/?p=103236#primaryimage"},"image":{"@id":"https:\/\/aconteceunovale.com.br\/portal\/?p=103236#primaryimage"},"thumbnailUrl":"https:\/\/aconteceunovale.com.br\/portal\/wp-content\/uploads\/2016\/12\/latrocinio_gv.jpg","datePublished":"2016-12-01T16:54:14+00:00","author":{"@id":"https:\/\/aconteceunovale.com.br\/portal\/#\/schema\/person\/633529146f2c94272bef50ac2953d589"},"breadcrumb":{"@id":"https:\/\/aconteceunovale.com.br\/portal\/?p=103236#breadcrumb"},"inLanguage":"pt-BR","potentialAction":[{"@type":"ReadAction","target":["https:\/\/aconteceunovale.com.br\/portal\/?p=103236"]}]},{"@type":"ImageObject","inLanguage":"pt-BR","@id":"https:\/\/aconteceunovale.com.br\/portal\/?p=103236#primaryimage","url":"https:\/\/aconteceunovale.com.br\/portal\/wp-content\/uploads\/2016\/12\/latrocinio_gv.jpg","contentUrl":"https:\/\/aconteceunovale.com.br\/portal\/wp-content\/uploads\/2016\/12\/latrocinio_gv.jpg","width":678,"height":368},{"@type":"BreadcrumbList","@id":"https:\/\/aconteceunovale.com.br\/portal\/?p=103236#breadcrumb","itemListElement":[{"@type":"ListItem","position":1,"name":"In\u00edcio","item":"https:\/\/aconteceunovale.com.br\/portal\/"},{"@type":"ListItem","position":2,"name":"Pol\u00edcia Civil conclui inqu\u00e9rito sobre latroc\u00ednio em lanchonete de Governador Valadares"}]},{"@type":"WebSite","@id":"https:\/\/aconteceunovale.com.br\/portal\/#website","url":"https:\/\/aconteceunovale.com.br\/portal\/","name":"Aconteceu no Vale","description":"Portal de Not\u00edcias","potentialAction":[{"@type":"SearchAction","target":{"@type":"EntryPoint","urlTemplate":"https:\/\/aconteceunovale.com.br\/portal\/?s={search_term_string}"},"query-input":{"@type":"PropertyValueSpecification","valueRequired":true,"valueName":"search_term_string"}}],"inLanguage":"pt-BR"},{"@type":"Person","@id":"https:\/\/aconteceunovale.com.br\/portal\/#\/schema\/person\/633529146f2c94272bef50ac2953d589","name":"Aconteceu no Vale","description":"Equipe de reportagem do Aconteceu no Vale, portal de not\u00edcias do Vale do Jequitinhonha, em Minas Gerais. Cobrimos as 51 cidades do Vale desde 2013. Sugest\u00f5es de pauta e pedidos de corre\u00e7\u00e3o: contato@aconteceunovale.com.br","sameAs":["http:\/\/www.aconteceunovale.com.br"],"url":"https:\/\/aconteceunovale.com.br\/portal\/?author=1"}]}},"_links":{"self":[{"href":"https:\/\/aconteceunovale.com.br\/portal\/index.php?rest_route=\/wp\/v2\/posts\/103236","targetHints":{"allow":["GET"]}}],"collection":[{"href":"https:\/\/aconteceunovale.com.br\/portal\/index.php?rest_route=\/wp\/v2\/posts"}],"about":[{"href":"https:\/\/aconteceunovale.com.br\/portal\/index.php?rest_route=\/wp\/v2\/types\/post"}],"author":[{"embeddable":true,"href":"https:\/\/aconteceunovale.com.br\/portal\/index.php?rest_route=\/wp\/v2\/users\/1"}],"replies":[{"embeddable":true,"href":"https:\/\/aconteceunovale.com.br\/portal\/index.php?rest_route=%2Fwp%2Fv2%2Fcomments&post=103236"}],"version-history":[{"count":0,"href":"https:\/\/aconteceunovale.com.br\/portal\/index.php?rest_route=\/wp\/v2\/posts\/103236\/revisions"}],"wp:featuredmedia":[{"embeddable":true,"href":"https:\/\/aconteceunovale.com.br\/portal\/index.php?rest_route=\/wp\/v2\/media\/103238"}],"wp:attachment":[{"href":"https:\/\/aconteceunovale.com.br\/portal\/index.php?rest_route=%2Fwp%2Fv2%2Fmedia&parent=103236"}],"wp:term":[{"taxonomy":"category","embeddable":true,"href":"https:\/\/aconteceunovale.com.br\/portal\/index.php?rest_route=%2Fwp%2Fv2%2Fcategories&post=103236"},{"taxonomy":"post_tag","embeddable":true,"href":"https:\/\/aconteceunovale.com.br\/portal\/index.php?rest_route=%2Fwp%2Fv2%2Ftags&post=103236"}],"curies":[{"name":"wp","href":"https:\/\/api.w.org\/{rel}","templated":true}]}}