{"id":103205,"date":"2016-12-01T12:55:27","date_gmt":"2016-12-01T14:55:27","guid":{"rendered":"http:\/\/aconteceunovale.com.br\/portal\/?p=103205"},"modified":"2016-12-01T13:12:22","modified_gmt":"2016-12-01T15:12:22","slug":"vidente-preve-queda-de-michel-temer-e-atletico-campeao-da-copa-do-brasil-2016","status":"publish","type":"post","link":"https:\/\/aconteceunovale.com.br\/portal\/?p=103205","title":{"rendered":"Vidente prev\u00ea queda de Michel Temer e Atl\u00e9tico campe\u00e3o da Copa do Brasil 2016"},"content":{"rendered":"<p>O vidente que ficou conhecido no in\u00edcio desta semana pela previs\u00e3o da queda de um &#8220;avi\u00e3o com um time inteiro de futebol&#8221; ap\u00f3s o acidente com a delega\u00e7\u00e3o da Chapecoense fez uma nova previs\u00e3o para o pa\u00eds na noite desta quarta-feira (30\/11\/2016).<\/p>\n<p>Durante participa\u00e7\u00e3o no programa &#8220;SuperPop&#8221;, da apresentadora Luciana Gimenez, o vidente Carlinhos informou que o presidente da Rep\u00fablica, Michel Temer, renunciar\u00e1 ao cargo ainda neste ano.<\/p>\n<p><em>&#8220;Queria ao Brasil que essa sacanagem que est\u00e3o fazendo, quem vai responder ser\u00e1 o pr\u00f3prio Temer, que vai renunciar, n\u00e3o ficar\u00e1 no governo, e novas elei\u00e7\u00f5es est\u00e3o vindo por ai. Ele n\u00e3o fica no poder&#8221;,<\/em> revelou o vidente.<\/p>\n<p>Carlinhos disse ainda que <em>&#8220;o imposs\u00edvel vai acontecer&#8221;<\/em> e o Atl\u00e9tico ser\u00e1 campe\u00e3o da Copa do Brasil. <em>&#8220;No primeiro tempo j\u00e1 ter\u00e1 expuls\u00e3o no time do Gr\u00eamio&#8221;,<\/em> finalizou o vidente.<\/p>\n<p>Para conseguir o segundo t\u00edtulo do torneio nacional, o Atl\u00e9tico precisa vencer o Gr\u00eamio por, pelo menos, dois gols de diferen\u00e7a para ir aos p\u00eanaltis. A partida, que foi adiada devido a trag\u00e9dia com o avi\u00e3o que levava a delega\u00e7\u00e3o da Chapecoense, ser\u00e1 realizada no dia 7 de dezembro, na Arena do Gr\u00eamio, em Porto Alegre.<\/p>\n<p><strong>Vidente Carlinhos participou do SuperPop<\/strong><\/p>\n<p>Ele fez a previs\u00e3o nos \u00faltimos minutos do programa. Confira no player abaixo:<\/p>\n<p><iframe loading=\"lazy\" width=\"640\" height=\"360\" src=\"https:\/\/www.youtube.com\/embed\/WAlWnAUsQa8\" frameborder=\"0\" allowfullscreen><\/iframe><br \/>\n<\/br><\/p>\n<p><strong>Carlinhos previu queda de avi\u00e3o com time inteiro<\/strong><\/p>\n<p><iframe loading=\"lazy\" width=\"640\" height=\"360\" src=\"https:\/\/www.youtube.com\/embed\/KAmaiuJ4prc\" frameborder=\"0\" allowfullscreen><\/iframe><br \/>\n<\/br><\/p>\n<p><em>(Via Hoje em Dia)<\/em><\/p>\n","protected":false},"excerpt":{"rendered":"<p>O vidente que ficou conhecido no in\u00edcio desta semana pela previs\u00e3o da queda de um &#8220;avi\u00e3o com um time inteiro de futebol&#8221; ap\u00f3s o acidente com a delega\u00e7\u00e3o da Chapecoense fez uma nova previs\u00e3o para o pa\u00eds na noite desta quarta-feira (30\/11\/2016). Durante participa\u00e7\u00e3o no programa &#8220;SuperPop&#8221;, da apresentadora Luciana Gimenez, o vidente Carlinhos informou [&hellip;]<\/p>\n","protected":false},"author":1,"featured_media":103206,"comment_status":"open","ping_status":"closed","sticky":false,"template":"","format":"standard","meta":{"amp_status":"","footnotes":""},"categories":[59,40240],"tags":[128425,128429,128428,128427,128430,24532,128432,13241,14674,89524,128431,19821,20181,128426,20321,128424,128437,128439,128423,128436,128438,128435,128434,128433,128440],"class_list":["post-103205","post","type-post","status-publish","format-standard","has-post-thumbnail","hentry","category-esportes","category-politica","tag-acidente-com-a-delegacao-da-chapecoense","tag-atletico-campeao-copa-do-brasil","tag-atletico-sera-campeao-copa-do-brasil","tag-atletico-sera-campeao-da-copa-do-brasil","tag-atletico-mg-campeao-copa-do-brasil","tag-campeao-da-copa-do-brasil","tag-campeao-da-copa-do-brasil-2016","tag-chapecoense","tag-copa-do-brasil","tag-copa-do-brasil-2016","tag-galo-campeao-copa-do-brasil","tag-jose-ferreira-dos-santos","tag-michel-temer","tag-michel-temer-renunciara-ao-cargo","tag-presidente-da-republica","tag-previsao-de-queda-de-aviao-com-um-time-inteiro-de-futebol","tag-previsao-vidente-carlinhos","tag-previsao-vidente-carlinhos-chapecoense","tag-queda-de-aviao-com-um-time-inteiro-de-futebol","tag-vidente-carlinhos","tag-vidente-carlinhos-chapecoense","tag-vidente-carlinhos-no-superpop","tag-vidente-carlinhos-participou-do-superpop","tag-vidente-preve-queda-de-michel-temer-e-atletico-campeao-da-copa-do-brasil-2016","tag-video-vidente-carlinhos"],"yoast_head":"<!-- This site is optimized with the Yoast SEO plugin v28.3 - https:\/\/yoast.com\/product\/yoast-seo-wordpress\/ -->\n<title>Vidente prev\u00ea queda de Michel Temer e Atl\u00e9tico campe\u00e3o da Copa do Brasil 2016 - Aconteceu no Vale<\/title>\n<meta name=\"robots\" content=\"index, follow, max-snippet:-1, max-image-preview:large, max-video-preview:-1\" \/>\n<link rel=\"canonical\" href=\"https:\/\/aconteceunovale.com.br\/portal\/?p=103205\" \/>\n<meta property=\"og:locale\" content=\"pt_BR\" \/>\n<meta property=\"og:type\" content=\"article\" \/>\n<meta property=\"og:title\" content=\"Vidente prev\u00ea queda de Michel Temer e Atl\u00e9tico campe\u00e3o da Copa do Brasil 2016 - Aconteceu no Vale\" \/>\n<meta property=\"og:description\" content=\"O vidente que ficou conhecido no in\u00edcio desta semana pela previs\u00e3o da queda de um &#8220;avi\u00e3o com um time inteiro de futebol&#8221; ap\u00f3s o acidente com a delega\u00e7\u00e3o da Chapecoense fez uma nova previs\u00e3o para o pa\u00eds na noite desta quarta-feira (30\/11\/2016). Durante participa\u00e7\u00e3o no programa &#8220;SuperPop&#8221;, da apresentadora Luciana Gimenez, o vidente Carlinhos informou [&hellip;]\" \/>\n<meta property=\"og:url\" content=\"https:\/\/aconteceunovale.com.br\/portal\/?p=103205\" \/>\n<meta property=\"og:site_name\" content=\"Aconteceu no Vale\" \/>\n<meta property=\"article:publisher\" content=\"https:\/\/www.facebook.com\/aconteceunovale\/\" \/>\n<meta property=\"article:published_time\" content=\"2016-12-01T14:55:27+00:00\" \/>\n<meta property=\"article:modified_time\" content=\"2016-12-01T15:12:22+00:00\" \/>\n<meta property=\"og:image\" content=\"https:\/\/aconteceunovale.com.br\/portal\/wp-content\/uploads\/2016\/12\/carlinhos_vidente.jpg\" \/>\n\t<meta property=\"og:image:width\" content=\"676\" \/>\n\t<meta property=\"og:image:height\" content=\"417\" \/>\n\t<meta property=\"og:image:type\" content=\"image\/jpeg\" \/>\n<meta name=\"author\" content=\"Aconteceu no Vale\" \/>\n<meta name=\"twitter:card\" content=\"summary_large_image\" \/>\n<meta name=\"twitter:creator\" content=\"@noticiadosvales\" \/>\n<meta name=\"twitter:site\" content=\"@noticiadosvales\" \/>\n<meta name=\"twitter:label1\" content=\"Escrito por\" \/>\n\t<meta name=\"twitter:data1\" content=\"Aconteceu no Vale\" \/>\n\t<meta name=\"twitter:label2\" content=\"Est. tempo de leitura\" \/>\n\t<meta name=\"twitter:data2\" content=\"1 minuto\" \/>\n<script type=\"application\/ld+json\" class=\"yoast-schema-graph\">{\"@context\":\"https:\\\/\\\/schema.org\",\"@graph\":[{\"@type\":\"Article\",\"@id\":\"https:\\\/\\\/aconteceunovale.com.br\\\/portal\\\/?p=103205#article\",\"isPartOf\":{\"@id\":\"https:\\\/\\\/aconteceunovale.com.br\\\/portal\\\/?p=103205\"},\"author\":{\"name\":\"Aconteceu no Vale\",\"@id\":\"https:\\\/\\\/aconteceunovale.com.br\\\/portal\\\/#\\\/schema\\\/person\\\/633529146f2c94272bef50ac2953d589\"},\"headline\":\"Vidente prev\u00ea queda de Michel Temer e Atl\u00e9tico campe\u00e3o da Copa do Brasil 2016\",\"datePublished\":\"2016-12-01T14:55:27+00:00\",\"dateModified\":\"2016-12-01T15:12:22+00:00\",\"mainEntityOfPage\":{\"@id\":\"https:\\\/\\\/aconteceunovale.com.br\\\/portal\\\/?p=103205\"},\"wordCount\":266,\"commentCount\":0,\"image\":{\"@id\":\"https:\\\/\\\/aconteceunovale.com.br\\\/portal\\\/?p=103205#primaryimage\"},\"thumbnailUrl\":\"https:\\\/\\\/aconteceunovale.com.br\\\/portal\\\/wp-content\\\/uploads\\\/2016\\\/12\\\/carlinhos_vidente.jpg\",\"keywords\":[\"acidente com a delega\u00e7\u00e3o da Chapecoense\",\"Atl\u00e9tico campe\u00e3o Copa do Brasil\",\"Atl\u00e9tico ser\u00e1 campe\u00e3o Copa do Brasil\",\"Atl\u00e9tico ser\u00e1 campe\u00e3o da Copa do Brasil\",\"Atl\u00e9tico-MG campe\u00e3o Copa do Brasil\",\"campe\u00e3o da copa do brasil\",\"Campe\u00e3o da Copa do Brasil 2016\",\"chapecoense\",\"Copa do Brasil\",\"Copa do Brasil 2016\",\"Galo campe\u00e3o Copa do Brasil\",\"Jos\u00e9 Ferreira dos Santos\",\"Michel Temer\",\"Michel Temer renunciar\u00e1 ao cargo\",\"presidente da Rep\u00fablica\",\"Previs\u00e3o de queda de avi\u00e3o com um time inteiro de futebol\",\"Previs\u00e3o Vidente Carlinhos\",\"Previs\u00e3o Vidente Carlinhos Chapecoense\",\"Queda de avi\u00e3o com um time inteiro de futebol\",\"Vidente Carlinhos\",\"Vidente Carlinhos Chapecoense\",\"Vidente Carlinhos no SuperPop\",\"Vidente Carlinhos participou do SuperPop\",\"Vidente prev\u00ea queda de Michel Temer e Atl\u00e9tico campe\u00e3o da Copa do Brasil 2016\",\"V\u00eddeo Vidente Carlinhos\"],\"articleSection\":[\"Esportes\",\"Pol\u00edtica\"],\"inLanguage\":\"pt-BR\",\"potentialAction\":[{\"@type\":\"CommentAction\",\"name\":\"Comment\",\"target\":[\"https:\\\/\\\/aconteceunovale.com.br\\\/portal\\\/?p=103205#respond\"]}]},{\"@type\":\"WebPage\",\"@id\":\"https:\\\/\\\/aconteceunovale.com.br\\\/portal\\\/?p=103205\",\"url\":\"https:\\\/\\\/aconteceunovale.com.br\\\/portal\\\/?p=103205\",\"name\":\"Vidente prev\u00ea queda de Michel Temer e Atl\u00e9tico campe\u00e3o da Copa do Brasil 2016 - Aconteceu no Vale\",\"isPartOf\":{\"@id\":\"https:\\\/\\\/aconteceunovale.com.br\\\/portal\\\/#website\"},\"primaryImageOfPage\":{\"@id\":\"https:\\\/\\\/aconteceunovale.com.br\\\/portal\\\/?p=103205#primaryimage\"},\"image\":{\"@id\":\"https:\\\/\\\/aconteceunovale.com.br\\\/portal\\\/?p=103205#primaryimage\"},\"thumbnailUrl\":\"https:\\\/\\\/aconteceunovale.com.br\\\/portal\\\/wp-content\\\/uploads\\\/2016\\\/12\\\/carlinhos_vidente.jpg\",\"datePublished\":\"2016-12-01T14:55:27+00:00\",\"dateModified\":\"2016-12-01T15:12:22+00:00\",\"author\":{\"@id\":\"https:\\\/\\\/aconteceunovale.com.br\\\/portal\\\/#\\\/schema\\\/person\\\/633529146f2c94272bef50ac2953d589\"},\"breadcrumb\":{\"@id\":\"https:\\\/\\\/aconteceunovale.com.br\\\/portal\\\/?p=103205#breadcrumb\"},\"inLanguage\":\"pt-BR\",\"potentialAction\":[{\"@type\":\"ReadAction\",\"target\":[\"https:\\\/\\\/aconteceunovale.com.br\\\/portal\\\/?p=103205\"]}]},{\"@type\":\"ImageObject\",\"inLanguage\":\"pt-BR\",\"@id\":\"https:\\\/\\\/aconteceunovale.com.br\\\/portal\\\/?p=103205#primaryimage\",\"url\":\"https:\\\/\\\/aconteceunovale.com.br\\\/portal\\\/wp-content\\\/uploads\\\/2016\\\/12\\\/carlinhos_vidente.jpg\",\"contentUrl\":\"https:\\\/\\\/aconteceunovale.com.br\\\/portal\\\/wp-content\\\/uploads\\\/2016\\\/12\\\/carlinhos_vidente.jpg\",\"width\":676,\"height\":417},{\"@type\":\"BreadcrumbList\",\"@id\":\"https:\\\/\\\/aconteceunovale.com.br\\\/portal\\\/?p=103205#breadcrumb\",\"itemListElement\":[{\"@type\":\"ListItem\",\"position\":1,\"name\":\"In\u00edcio\",\"item\":\"https:\\\/\\\/aconteceunovale.com.br\\\/portal\\\/\"},{\"@type\":\"ListItem\",\"position\":2,\"name\":\"Vidente prev\u00ea queda de Michel Temer e Atl\u00e9tico campe\u00e3o da Copa do Brasil 2016\"}]},{\"@type\":\"WebSite\",\"@id\":\"https:\\\/\\\/aconteceunovale.com.br\\\/portal\\\/#website\",\"url\":\"https:\\\/\\\/aconteceunovale.com.br\\\/portal\\\/\",\"name\":\"Aconteceu no Vale\",\"description\":\"Portal de Not\u00edcias\",\"potentialAction\":[{\"@type\":\"SearchAction\",\"target\":{\"@type\":\"EntryPoint\",\"urlTemplate\":\"https:\\\/\\\/aconteceunovale.com.br\\\/portal\\\/?s={search_term_string}\"},\"query-input\":{\"@type\":\"PropertyValueSpecification\",\"valueRequired\":true,\"valueName\":\"search_term_string\"}}],\"inLanguage\":\"pt-BR\"},{\"@type\":\"Person\",\"@id\":\"https:\\\/\\\/aconteceunovale.com.br\\\/portal\\\/#\\\/schema\\\/person\\\/633529146f2c94272bef50ac2953d589\",\"name\":\"Aconteceu no Vale\",\"description\":\"Equipe de reportagem do Aconteceu no Vale, portal de not\u00edcias do Vale do Jequitinhonha, em Minas Gerais. Cobrimos as 51 cidades do Vale desde 2013. Sugest\u00f5es de pauta e pedidos de corre\u00e7\u00e3o: contato@aconteceunovale.com.br\",\"sameAs\":[\"http:\\\/\\\/www.aconteceunovale.com.br\"],\"url\":\"https:\\\/\\\/aconteceunovale.com.br\\\/portal\\\/?author=1\"}]}<\/script>\n<!-- \/ Yoast SEO plugin. -->","yoast_head_json":{"title":"Vidente prev\u00ea queda de Michel Temer e Atl\u00e9tico campe\u00e3o da Copa do Brasil 2016 - Aconteceu no Vale","robots":{"index":"index","follow":"follow","max-snippet":"max-snippet:-1","max-image-preview":"max-image-preview:large","max-video-preview":"max-video-preview:-1"},"canonical":"https:\/\/aconteceunovale.com.br\/portal\/?p=103205","og_locale":"pt_BR","og_type":"article","og_title":"Vidente prev\u00ea queda de Michel Temer e Atl\u00e9tico campe\u00e3o da Copa do Brasil 2016 - Aconteceu no Vale","og_description":"O vidente que ficou conhecido no in\u00edcio desta semana pela previs\u00e3o da queda de um &#8220;avi\u00e3o com um time inteiro de futebol&#8221; ap\u00f3s o acidente com a delega\u00e7\u00e3o da Chapecoense fez uma nova previs\u00e3o para o pa\u00eds na noite desta quarta-feira (30\/11\/2016). Durante participa\u00e7\u00e3o no programa &#8220;SuperPop&#8221;, da apresentadora Luciana Gimenez, o vidente Carlinhos informou [&hellip;]","og_url":"https:\/\/aconteceunovale.com.br\/portal\/?p=103205","og_site_name":"Aconteceu no Vale","article_publisher":"https:\/\/www.facebook.com\/aconteceunovale\/","article_published_time":"2016-12-01T14:55:27+00:00","article_modified_time":"2016-12-01T15:12:22+00:00","og_image":[{"width":676,"height":417,"url":"https:\/\/aconteceunovale.com.br\/portal\/wp-content\/uploads\/2016\/12\/carlinhos_vidente.jpg","type":"image\/jpeg"}],"author":"Aconteceu no Vale","twitter_card":"summary_large_image","twitter_creator":"@noticiadosvales","twitter_site":"@noticiadosvales","twitter_misc":{"Escrito por":"Aconteceu no Vale","Est. tempo de leitura":"1 minuto"},"schema":{"@context":"https:\/\/schema.org","@graph":[{"@type":"Article","@id":"https:\/\/aconteceunovale.com.br\/portal\/?p=103205#article","isPartOf":{"@id":"https:\/\/aconteceunovale.com.br\/portal\/?p=103205"},"author":{"name":"Aconteceu no Vale","@id":"https:\/\/aconteceunovale.com.br\/portal\/#\/schema\/person\/633529146f2c94272bef50ac2953d589"},"headline":"Vidente prev\u00ea queda de Michel Temer e Atl\u00e9tico campe\u00e3o da Copa do Brasil 2016","datePublished":"2016-12-01T14:55:27+00:00","dateModified":"2016-12-01T15:12:22+00:00","mainEntityOfPage":{"@id":"https:\/\/aconteceunovale.com.br\/portal\/?p=103205"},"wordCount":266,"commentCount":0,"image":{"@id":"https:\/\/aconteceunovale.com.br\/portal\/?p=103205#primaryimage"},"thumbnailUrl":"https:\/\/aconteceunovale.com.br\/portal\/wp-content\/uploads\/2016\/12\/carlinhos_vidente.jpg","keywords":["acidente com a delega\u00e7\u00e3o da Chapecoense","Atl\u00e9tico campe\u00e3o Copa do Brasil","Atl\u00e9tico ser\u00e1 campe\u00e3o Copa do Brasil","Atl\u00e9tico ser\u00e1 campe\u00e3o da Copa do Brasil","Atl\u00e9tico-MG campe\u00e3o Copa do Brasil","campe\u00e3o da copa do brasil","Campe\u00e3o da Copa do Brasil 2016","chapecoense","Copa do Brasil","Copa do Brasil 2016","Galo campe\u00e3o Copa do Brasil","Jos\u00e9 Ferreira dos Santos","Michel Temer","Michel Temer renunciar\u00e1 ao cargo","presidente da Rep\u00fablica","Previs\u00e3o de queda de avi\u00e3o com um time inteiro de futebol","Previs\u00e3o Vidente Carlinhos","Previs\u00e3o Vidente Carlinhos Chapecoense","Queda de avi\u00e3o com um time inteiro de futebol","Vidente Carlinhos","Vidente Carlinhos Chapecoense","Vidente Carlinhos no SuperPop","Vidente Carlinhos participou do SuperPop","Vidente prev\u00ea queda de Michel Temer e Atl\u00e9tico campe\u00e3o da Copa do Brasil 2016","V\u00eddeo Vidente Carlinhos"],"articleSection":["Esportes","Pol\u00edtica"],"inLanguage":"pt-BR","potentialAction":[{"@type":"CommentAction","name":"Comment","target":["https:\/\/aconteceunovale.com.br\/portal\/?p=103205#respond"]}]},{"@type":"WebPage","@id":"https:\/\/aconteceunovale.com.br\/portal\/?p=103205","url":"https:\/\/aconteceunovale.com.br\/portal\/?p=103205","name":"Vidente prev\u00ea queda de Michel Temer e Atl\u00e9tico campe\u00e3o da Copa do Brasil 2016 - Aconteceu no Vale","isPartOf":{"@id":"https:\/\/aconteceunovale.com.br\/portal\/#website"},"primaryImageOfPage":{"@id":"https:\/\/aconteceunovale.com.br\/portal\/?p=103205#primaryimage"},"image":{"@id":"https:\/\/aconteceunovale.com.br\/portal\/?p=103205#primaryimage"},"thumbnailUrl":"https:\/\/aconteceunovale.com.br\/portal\/wp-content\/uploads\/2016\/12\/carlinhos_vidente.jpg","datePublished":"2016-12-01T14:55:27+00:00","dateModified":"2016-12-01T15:12:22+00:00","author":{"@id":"https:\/\/aconteceunovale.com.br\/portal\/#\/schema\/person\/633529146f2c94272bef50ac2953d589"},"breadcrumb":{"@id":"https:\/\/aconteceunovale.com.br\/portal\/?p=103205#breadcrumb"},"inLanguage":"pt-BR","potentialAction":[{"@type":"ReadAction","target":["https:\/\/aconteceunovale.com.br\/portal\/?p=103205"]}]},{"@type":"ImageObject","inLanguage":"pt-BR","@id":"https:\/\/aconteceunovale.com.br\/portal\/?p=103205#primaryimage","url":"https:\/\/aconteceunovale.com.br\/portal\/wp-content\/uploads\/2016\/12\/carlinhos_vidente.jpg","contentUrl":"https:\/\/aconteceunovale.com.br\/portal\/wp-content\/uploads\/2016\/12\/carlinhos_vidente.jpg","width":676,"height":417},{"@type":"BreadcrumbList","@id":"https:\/\/aconteceunovale.com.br\/portal\/?p=103205#breadcrumb","itemListElement":[{"@type":"ListItem","position":1,"name":"In\u00edcio","item":"https:\/\/aconteceunovale.com.br\/portal\/"},{"@type":"ListItem","position":2,"name":"Vidente prev\u00ea queda de Michel Temer e Atl\u00e9tico campe\u00e3o da Copa do Brasil 2016"}]},{"@type":"WebSite","@id":"https:\/\/aconteceunovale.com.br\/portal\/#website","url":"https:\/\/aconteceunovale.com.br\/portal\/","name":"Aconteceu no Vale","description":"Portal de Not\u00edcias","potentialAction":[{"@type":"SearchAction","target":{"@type":"EntryPoint","urlTemplate":"https:\/\/aconteceunovale.com.br\/portal\/?s={search_term_string}"},"query-input":{"@type":"PropertyValueSpecification","valueRequired":true,"valueName":"search_term_string"}}],"inLanguage":"pt-BR"},{"@type":"Person","@id":"https:\/\/aconteceunovale.com.br\/portal\/#\/schema\/person\/633529146f2c94272bef50ac2953d589","name":"Aconteceu no Vale","description":"Equipe de reportagem do Aconteceu no Vale, portal de not\u00edcias do Vale do Jequitinhonha, em Minas Gerais. Cobrimos as 51 cidades do Vale desde 2013. Sugest\u00f5es de pauta e pedidos de corre\u00e7\u00e3o: contato@aconteceunovale.com.br","sameAs":["http:\/\/www.aconteceunovale.com.br"],"url":"https:\/\/aconteceunovale.com.br\/portal\/?author=1"}]}},"_links":{"self":[{"href":"https:\/\/aconteceunovale.com.br\/portal\/index.php?rest_route=\/wp\/v2\/posts\/103205","targetHints":{"allow":["GET"]}}],"collection":[{"href":"https:\/\/aconteceunovale.com.br\/portal\/index.php?rest_route=\/wp\/v2\/posts"}],"about":[{"href":"https:\/\/aconteceunovale.com.br\/portal\/index.php?rest_route=\/wp\/v2\/types\/post"}],"author":[{"embeddable":true,"href":"https:\/\/aconteceunovale.com.br\/portal\/index.php?rest_route=\/wp\/v2\/users\/1"}],"replies":[{"embeddable":true,"href":"https:\/\/aconteceunovale.com.br\/portal\/index.php?rest_route=%2Fwp%2Fv2%2Fcomments&post=103205"}],"version-history":[{"count":0,"href":"https:\/\/aconteceunovale.com.br\/portal\/index.php?rest_route=\/wp\/v2\/posts\/103205\/revisions"}],"wp:featuredmedia":[{"embeddable":true,"href":"https:\/\/aconteceunovale.com.br\/portal\/index.php?rest_route=\/wp\/v2\/media\/103206"}],"wp:attachment":[{"href":"https:\/\/aconteceunovale.com.br\/portal\/index.php?rest_route=%2Fwp%2Fv2%2Fmedia&parent=103205"}],"wp:term":[{"taxonomy":"category","embeddable":true,"href":"https:\/\/aconteceunovale.com.br\/portal\/index.php?rest_route=%2Fwp%2Fv2%2Fcategories&post=103205"},{"taxonomy":"post_tag","embeddable":true,"href":"https:\/\/aconteceunovale.com.br\/portal\/index.php?rest_route=%2Fwp%2Fv2%2Ftags&post=103205"}],"curies":[{"name":"wp","href":"https:\/\/api.w.org\/{rel}","templated":true}]}}