{"id":103198,"date":"2016-12-01T12:35:12","date_gmt":"2016-12-01T14:35:12","guid":{"rendered":"http:\/\/aconteceunovale.com.br\/portal\/?p=103198"},"modified":"2016-12-01T12:35:12","modified_gmt":"2016-12-01T14:35:12","slug":"ipva-2017-pode-ser-pago-a-partir-desta-quinta-feira-informa-governo-de-minas","status":"publish","type":"post","link":"https:\/\/aconteceunovale.com.br\/portal\/?p=103198","title":{"rendered":"IPVA 2017 pode ser pago a partir desta quinta-feira, informa Governo de Minas"},"content":{"rendered":"<p>A escala de pagamento do Imposto sobre a Propriedade de Ve\u00edculos Automotores (IPVA) 2017 come\u00e7a no dia 9 de janeiro, em Minas Gerais, para os finais de placa 1 e 2. Os vencimentos da primeira parcela ou da cota \u00fanica (com desconto de 3%) seguem nos dias 10 (finais de placa 3 e 4), 11 (5 e 6), 12 (7 e 8) e 13 (9 e 0). A escala se encerra em 15 de mar\u00e7o.<\/p>\n<p>O valor total do IPVA emitido para 2017 \u00e9 de R$ 4,6 bilh\u00f5es, um incremento de R$ 240 milh\u00f5es (5,46%), em rela\u00e7\u00e3o a 2016. A frota tamb\u00e9m aumentou, no mesmo per\u00edodo, em 337 mil ve\u00edculos (3,72%), totalizando 9,4 milh\u00f5es \u2013 emplacados at\u00e9 14 de outubro de 2016.<\/p>\n<p>Os contribuintes podem consultar os valores a pagar informando o n\u00famero do RENAVAM ou Marca\/Modelo no\u00a0<a href=\"http:\/\/www.fazenda.mg.gov.br\/empresas\/impostos\/ipva\/consulta.htm\" target=\"_blank\">site da Secretaria de Estado de Fazenda de Minas Gerais (SEF\/MG) &#8211; www.fazenda.mg.gov.br<\/a>, pelo telefone 155 do LIGMINAS ou no aplicativo IPVA-MG, para smartphones e tablets, dispon\u00edvel para baixar gratuitamente nas vers\u00f5es IOS, Android e Windows Phone.<\/p>\n<p>Em compara\u00e7\u00e3o com 2016, houve redu\u00e7\u00e3o m\u00e9dia de 4,4% da base de c\u00e1lculo adotada (<a href=\"http:\/\/diarioeletronico.fazenda.mg.gov.br\/\" target=\"_blank\">confira tabela no Di\u00e1rio Eletr\u00f4nico\/SEF-MG &#8211; http:\/\/diarioeletronico.fazenda.mg.gov.br<\/a>), elaborada por t\u00e9cnicos da Secretaria de Fazenda com refer\u00eancia no valor venal da frota, subsidiada por pesquisa de mercado da Funda\u00e7\u00e3o Instituto de Pesquisas Econ\u00f4micas (Fipe\/USP).<\/p>\n<p><strong>Pagamento<\/strong><\/p>\n<p>O pagamento do IPVA 2017 j\u00e1 poder\u00e1 ser feito a partir de 1\u00ba de dezembro de 2016, diretamente nos terminais de autoatendimento ou guich\u00eas dos agentes arrecadadores autorizados, bastando informar o n\u00famero do RENAVAM do ve\u00edculo.<\/p>\n<p>Os agentes arrecadadores autorizados a receber os tributos s\u00e3o: Banco do Brasil, Mais BB, Banco Postal, Bradesco, Ita\u00fa-Unibanco, Mercantil do Brasil, Caixa Econ\u00f4mica Federal, Casas Lot\u00e9ricas, Santander e SICOOB.<\/p>\n<p>O contribuinte que preferir emitir a guia de arrecada\u00e7\u00e3o poder\u00e1 retir\u00e1-la pelo\u00a0<a href=\"http:\/\/ipva1.fazenda.mg.gov.br\/ipvaonline\/inputEmissaoGuiaArrecadacaoIpvaPorRenavam.action\" target=\"_blank\">site da SEF\/MG (http:\/\/ipva1.fazenda.mg.gov.br)<\/a>\u00a0ou pessoalmente nas Reparti\u00e7\u00f5es Fazend\u00e1rias ou Unidades de Atendimento Integrado (UAI).<\/p>\n<p>Quem adquiriu ve\u00edculo zero quil\u00f4metro ou transferido de outro estado depois do dia 14 de outubro s\u00f3 consegue quitar o imposto antecipadamente, de hoje at\u00e9 31 de dezembro, retirando a guia de recolhimento.<\/p>\n<p>Isso porque a base de dados foi enviada aos bancos anteriormente ao dia 14 de outubro. No entanto, a partir de 1\u00ba de janeiro de 2017, o banco de dados estar\u00e1 atualizado e o pagamento poder\u00e1 ser feito normalmente nos caixas eletr\u00f4nicos e agentes banc\u00e1rios, sem a necessidade da guia.<\/p>\n<p>O n\u00e3o pagamento do IPVA 2017 nos prazos estabelecidos gera multa de 0,3% ao dia (at\u00e9 o 30\u00ba dia), e de 20% ap\u00f3s o 30\u00ba dia. Os juros s\u00e3o calculados sobre o valor do imposto ou das parcelas, acrescido da multa, pela taxa referencial do Sistema Especial de Liquida\u00e7\u00e3o e Custodia (Selic).<\/p>\n<p>O subsecret\u00e1rio da Receita Estadual, Jo\u00e3o Alberto Vizzotto, ressalta a vantagem de o cidad\u00e3o quitar o imposto dentro do prazo, para evitar as multas e os juros, al\u00e9m das consequ\u00eancias oriundas da cobran\u00e7a, podendo chegar a protesto cartorial. \u201cO Estado n\u00e3o deseja receber tributos com multas e juros, porque n\u00e3o \u00e9 isso que faz a sua receita. Sabemos das dificuldades que o pa\u00eds est\u00e1 passando, mas recomendamos o pagamento em dia para evitar os transtornos para o contribuinte e para que o Estado possa cumprir os seus compromissos e devolver \u00e0 sociedade os benef\u00edcios que ela merece\u201d, afirmou.<\/p>\n<p><strong>Destina\u00e7\u00e3o da receita<\/strong><\/p>\n<p>Vizzotto destaca ainda que os recursos do IPVA n\u00e3o t\u00eam vincula\u00e7\u00e3o com a aplica\u00e7\u00e3o em tr\u00e2nsito, como muitos acreditam. Ele explica que o dinheiro arrecadado com o tributo vai para o caixa \u00fanico do Estado, podendo ser investido em sa\u00fade, educa\u00e7\u00e3o, habita\u00e7\u00e3o, seguran\u00e7a e, inclusive, tr\u00e2nsito e transporte, dentre outras \u00e1reas.<\/p>\n<p>Do total do valor apurado com o IPVA, 20% s\u00e3o repassados ao Fundo de Manuten\u00e7\u00e3o e Desenvolvimento da Educa\u00e7\u00e3o B\u00e1sica e de Valoriza\u00e7\u00e3o dos Profissionais de Educa\u00e7\u00e3o (Fundeb); 40% ao caixa \u00fanico do Estado e 40% para o munic\u00edpio de licenciamento do ve\u00edculo.<\/p>\n<p><strong>Taxa de Licenciamento<\/strong><\/p>\n<p>A Taxa de Renova\u00e7\u00e3o do Licenciamento Anual de Ve\u00edculo (TRLAV) \u00e9 de R$ 92,66, com vencimento em 31 de mar\u00e7o de 2017. O valor total emitido da TRLAV \u00e9 de R$ 881 milh\u00f5es, um aumento de R$ 94 milh\u00f5es (11,95%) em rela\u00e7\u00e3o a 2016.<\/p>\n<p>O vencimento da TRLAV ser\u00e1 no pr\u00f3ximo dia 31 de mar\u00e7o e, assim como o IPVA 2017, a taxa poder\u00e1 ser paga j\u00e1 a partir de 1\u00ba de dezembro de 2016, diretamente nos terminais de autoatendimento ou guich\u00eas dos agentes arrecadadores autorizados.<\/p>\n<p>Para a TRLAV, a multa por atraso \u00e9 de 0,15% ao dia (at\u00e9 o 30\u00ba dia), 9% do 31\u00ba at\u00e9 o 60\u00ba e 12% a partir do 61\u00ba dia. Os juros tamb\u00e9m s\u00e3o calculados pela taxa referencial do Sistema Especial de Liquida\u00e7\u00e3o e Custodia (SELIC).<\/p>\n<p><strong>Alerta<\/strong><\/p>\n<p>O subsecret\u00e1rio Jo\u00e3o Alberto Vizzotto alerta aos cidad\u00e3os que a Secretaria de Fazenda n\u00e3o envia para os contribuintes nenhum tipo de boleto do IPVA por Correios, e-mail, SMS ou redes sociais, como Whatsapp. \u201cSe algu\u00e9m receber esse tipo de cobran\u00e7a deve ignorar, pois, caso pague, n\u00e3o estar\u00e1 pagando \u00e0 Secretaria de Fazenda\u201d, afirmou.<\/p>\n<p><img decoding=\"async\" src=\"http:\/\/aconteceunovale.com.br\/portal\/wp-content\/uploads\/2016\/12\/ipva_2017_1.png\" alt=\"\" \/><\/p>\n<p><img decoding=\"async\" src=\"http:\/\/aconteceunovale.com.br\/portal\/wp-content\/uploads\/2016\/12\/ipva_2017_2.png\" alt=\"\" \/><\/p>\n<p><img decoding=\"async\" src=\"http:\/\/aconteceunovale.com.br\/portal\/wp-content\/uploads\/2016\/12\/ipva_2017_3.png\" alt=\"\" \/><\/p>\n<p><img decoding=\"async\" src=\"http:\/\/aconteceunovale.com.br\/portal\/wp-content\/uploads\/2016\/12\/ipva_2017_4.png\" alt=\"\" \/><\/p>\n<p>(Ag\u00eancia Minas)<\/p>\n","protected":false},"excerpt":{"rendered":"<p>A escala de pagamento do Imposto sobre a Propriedade de Ve\u00edculos Automotores (IPVA) 2017 come\u00e7a no dia 9 de janeiro, em Minas Gerais, para os finais de placa 1 e 2. Os vencimentos da primeira parcela ou da cota \u00fanica (com desconto de 3%) seguem nos dias 10 (finais de placa 3 e 4), 11 [&hellip;]<\/p>\n","protected":false},"author":1,"featured_media":52227,"comment_status":"open","ping_status":"closed","sticky":false,"template":"","format":"standard","meta":{"amp_status":"","footnotes":""},"categories":[123],"tags":[128410,128416,128422,128413,128419,128409,128415,128421,128412,128418,128411,128417,128414,128420],"class_list":["post-103198","post","type-post","status-publish","format-standard","has-post-thumbnail","hentry","category-gerais","tag-escala-de-pagamento-do-ipva-2017","tag-escala-de-pagamento-do-ipva-2017-em-minas-gerais","tag-informa-governo-de-minas","tag-informacoes-ipva-2017","tag-informacoes-ipva-2017-em-minas-gerais","tag-ipva-2017","tag-ipva-2017-em-minas-gerais","tag-ipva-2017-pode-ser-pago-a-partir-desta-quinta-feira","tag-pagamento-ipva-2017","tag-pagamento-ipva-2017-em-minas-gerais","tag-tabela-ipva-2017","tag-tabela-ipva-2017-em-minas-gerais","tag-vencimento-ipva-2017","tag-vencimento-ipva-2017-em-minas-gerais"],"yoast_head":"<!-- This site is optimized with the Yoast SEO plugin v28.3 - https:\/\/yoast.com\/product\/yoast-seo-wordpress\/ -->\n<title>IPVA 2017 pode ser pago a partir desta quinta-feira, informa Governo de Minas - Aconteceu no Vale<\/title>\n<meta name=\"robots\" content=\"index, follow, max-snippet:-1, max-image-preview:large, max-video-preview:-1\" \/>\n<link rel=\"canonical\" href=\"https:\/\/aconteceunovale.com.br\/portal\/?p=103198\" \/>\n<meta property=\"og:locale\" content=\"pt_BR\" \/>\n<meta property=\"og:type\" content=\"article\" \/>\n<meta property=\"og:title\" content=\"IPVA 2017 pode ser pago a partir desta quinta-feira, informa Governo de Minas - Aconteceu no Vale\" \/>\n<meta property=\"og:description\" content=\"A escala de pagamento do Imposto sobre a Propriedade de Ve\u00edculos Automotores (IPVA) 2017 come\u00e7a no dia 9 de janeiro, em Minas Gerais, para os finais de placa 1 e 2. Os vencimentos da primeira parcela ou da cota \u00fanica (com desconto de 3%) seguem nos dias 10 (finais de placa 3 e 4), 11 [&hellip;]\" \/>\n<meta property=\"og:url\" content=\"https:\/\/aconteceunovale.com.br\/portal\/?p=103198\" \/>\n<meta property=\"og:site_name\" content=\"Aconteceu no Vale\" \/>\n<meta property=\"article:publisher\" content=\"https:\/\/www.facebook.com\/aconteceunovale\/\" \/>\n<meta property=\"article:published_time\" content=\"2016-12-01T14:35:12+00:00\" \/>\n<meta property=\"og:image\" content=\"https:\/\/aconteceunovale.com.br\/portal\/wp-content\/uploads\/2015\/02\/mais-de-4-milhoes-de-proprietarios-de-veiculos-ja-pagaram-o-ipva-2015-em-minas.png\" \/>\n\t<meta property=\"og:image:width\" content=\"663\" \/>\n\t<meta property=\"og:image:height\" content=\"450\" \/>\n\t<meta property=\"og:image:type\" content=\"image\/png\" \/>\n<meta name=\"author\" content=\"Aconteceu no Vale\" \/>\n<meta name=\"twitter:card\" content=\"summary_large_image\" \/>\n<meta name=\"twitter:creator\" content=\"@noticiadosvales\" \/>\n<meta name=\"twitter:site\" content=\"@noticiadosvales\" \/>\n<meta name=\"twitter:label1\" content=\"Escrito por\" \/>\n\t<meta name=\"twitter:data1\" content=\"Aconteceu no Vale\" \/>\n\t<meta name=\"twitter:label2\" content=\"Est. tempo de leitura\" \/>\n\t<meta name=\"twitter:data2\" content=\"4 minutos\" \/>\n<script type=\"application\/ld+json\" class=\"yoast-schema-graph\">{\"@context\":\"https:\\\/\\\/schema.org\",\"@graph\":[{\"@type\":\"Article\",\"@id\":\"https:\\\/\\\/aconteceunovale.com.br\\\/portal\\\/?p=103198#article\",\"isPartOf\":{\"@id\":\"https:\\\/\\\/aconteceunovale.com.br\\\/portal\\\/?p=103198\"},\"author\":{\"name\":\"Aconteceu no Vale\",\"@id\":\"https:\\\/\\\/aconteceunovale.com.br\\\/portal\\\/#\\\/schema\\\/person\\\/633529146f2c94272bef50ac2953d589\"},\"headline\":\"IPVA 2017 pode ser pago a partir desta quinta-feira, informa Governo de Minas\",\"datePublished\":\"2016-12-01T14:35:12+00:00\",\"mainEntityOfPage\":{\"@id\":\"https:\\\/\\\/aconteceunovale.com.br\\\/portal\\\/?p=103198\"},\"wordCount\":884,\"commentCount\":0,\"image\":{\"@id\":\"https:\\\/\\\/aconteceunovale.com.br\\\/portal\\\/?p=103198#primaryimage\"},\"thumbnailUrl\":\"https:\\\/\\\/aconteceunovale.com.br\\\/portal\\\/wp-content\\\/uploads\\\/2015\\\/02\\\/mais-de-4-milhoes-de-proprietarios-de-veiculos-ja-pagaram-o-ipva-2015-em-minas.png\",\"keywords\":[\"Escala de pagamento do IPVA 2017\",\"Escala de pagamento do IPVA 2017 em Minas Gerais\",\"informa Governo de Minas\",\"Informa\u00e7\u00f5es IPVA 2017\",\"Informa\u00e7\u00f5es IPVA 2017 em Minas Gerais\",\"IPVA 2017\",\"IPVA 2017 em Minas Gerais\",\"IPVA 2017 pode ser pago a partir desta quinta-feira\",\"Pagamento IPVA 2017\",\"Pagamento IPVA 2017 em Minas Gerais\",\"Tabela IPVA 2017\",\"Tabela IPVA 2017 em Minas Gerais\",\"Vencimento IPVA 2017\",\"Vencimento IPVA 2017 em Minas Gerais\"],\"articleSection\":[\"Minas Gerais\"],\"inLanguage\":\"pt-BR\",\"potentialAction\":[{\"@type\":\"CommentAction\",\"name\":\"Comment\",\"target\":[\"https:\\\/\\\/aconteceunovale.com.br\\\/portal\\\/?p=103198#respond\"]}]},{\"@type\":\"WebPage\",\"@id\":\"https:\\\/\\\/aconteceunovale.com.br\\\/portal\\\/?p=103198\",\"url\":\"https:\\\/\\\/aconteceunovale.com.br\\\/portal\\\/?p=103198\",\"name\":\"IPVA 2017 pode ser pago a partir desta quinta-feira, informa Governo de Minas - Aconteceu no Vale\",\"isPartOf\":{\"@id\":\"https:\\\/\\\/aconteceunovale.com.br\\\/portal\\\/#website\"},\"primaryImageOfPage\":{\"@id\":\"https:\\\/\\\/aconteceunovale.com.br\\\/portal\\\/?p=103198#primaryimage\"},\"image\":{\"@id\":\"https:\\\/\\\/aconteceunovale.com.br\\\/portal\\\/?p=103198#primaryimage\"},\"thumbnailUrl\":\"https:\\\/\\\/aconteceunovale.com.br\\\/portal\\\/wp-content\\\/uploads\\\/2015\\\/02\\\/mais-de-4-milhoes-de-proprietarios-de-veiculos-ja-pagaram-o-ipva-2015-em-minas.png\",\"datePublished\":\"2016-12-01T14:35:12+00:00\",\"author\":{\"@id\":\"https:\\\/\\\/aconteceunovale.com.br\\\/portal\\\/#\\\/schema\\\/person\\\/633529146f2c94272bef50ac2953d589\"},\"breadcrumb\":{\"@id\":\"https:\\\/\\\/aconteceunovale.com.br\\\/portal\\\/?p=103198#breadcrumb\"},\"inLanguage\":\"pt-BR\",\"potentialAction\":[{\"@type\":\"ReadAction\",\"target\":[\"https:\\\/\\\/aconteceunovale.com.br\\\/portal\\\/?p=103198\"]}]},{\"@type\":\"ImageObject\",\"inLanguage\":\"pt-BR\",\"@id\":\"https:\\\/\\\/aconteceunovale.com.br\\\/portal\\\/?p=103198#primaryimage\",\"url\":\"https:\\\/\\\/aconteceunovale.com.br\\\/portal\\\/wp-content\\\/uploads\\\/2015\\\/02\\\/mais-de-4-milhoes-de-proprietarios-de-veiculos-ja-pagaram-o-ipva-2015-em-minas.png\",\"contentUrl\":\"https:\\\/\\\/aconteceunovale.com.br\\\/portal\\\/wp-content\\\/uploads\\\/2015\\\/02\\\/mais-de-4-milhoes-de-proprietarios-de-veiculos-ja-pagaram-o-ipva-2015-em-minas.png\",\"width\":663,\"height\":450},{\"@type\":\"BreadcrumbList\",\"@id\":\"https:\\\/\\\/aconteceunovale.com.br\\\/portal\\\/?p=103198#breadcrumb\",\"itemListElement\":[{\"@type\":\"ListItem\",\"position\":1,\"name\":\"In\u00edcio\",\"item\":\"https:\\\/\\\/aconteceunovale.com.br\\\/portal\\\/\"},{\"@type\":\"ListItem\",\"position\":2,\"name\":\"IPVA 2017 pode ser pago a partir desta quinta-feira, informa Governo de Minas\"}]},{\"@type\":\"WebSite\",\"@id\":\"https:\\\/\\\/aconteceunovale.com.br\\\/portal\\\/#website\",\"url\":\"https:\\\/\\\/aconteceunovale.com.br\\\/portal\\\/\",\"name\":\"Aconteceu no Vale\",\"description\":\"Portal de Not\u00edcias\",\"potentialAction\":[{\"@type\":\"SearchAction\",\"target\":{\"@type\":\"EntryPoint\",\"urlTemplate\":\"https:\\\/\\\/aconteceunovale.com.br\\\/portal\\\/?s={search_term_string}\"},\"query-input\":{\"@type\":\"PropertyValueSpecification\",\"valueRequired\":true,\"valueName\":\"search_term_string\"}}],\"inLanguage\":\"pt-BR\"},{\"@type\":\"Person\",\"@id\":\"https:\\\/\\\/aconteceunovale.com.br\\\/portal\\\/#\\\/schema\\\/person\\\/633529146f2c94272bef50ac2953d589\",\"name\":\"Aconteceu no Vale\",\"description\":\"Equipe de reportagem do Aconteceu no Vale, portal de not\u00edcias do Vale do Jequitinhonha, em Minas Gerais. Cobrimos as 51 cidades do Vale desde 2013. Sugest\u00f5es de pauta e pedidos de corre\u00e7\u00e3o: contato@aconteceunovale.com.br\",\"sameAs\":[\"http:\\\/\\\/www.aconteceunovale.com.br\"],\"url\":\"https:\\\/\\\/aconteceunovale.com.br\\\/portal\\\/?author=1\"}]}<\/script>\n<!-- \/ Yoast SEO plugin. -->","yoast_head_json":{"title":"IPVA 2017 pode ser pago a partir desta quinta-feira, informa Governo de Minas - Aconteceu no Vale","robots":{"index":"index","follow":"follow","max-snippet":"max-snippet:-1","max-image-preview":"max-image-preview:large","max-video-preview":"max-video-preview:-1"},"canonical":"https:\/\/aconteceunovale.com.br\/portal\/?p=103198","og_locale":"pt_BR","og_type":"article","og_title":"IPVA 2017 pode ser pago a partir desta quinta-feira, informa Governo de Minas - Aconteceu no Vale","og_description":"A escala de pagamento do Imposto sobre a Propriedade de Ve\u00edculos Automotores (IPVA) 2017 come\u00e7a no dia 9 de janeiro, em Minas Gerais, para os finais de placa 1 e 2. Os vencimentos da primeira parcela ou da cota \u00fanica (com desconto de 3%) seguem nos dias 10 (finais de placa 3 e 4), 11 [&hellip;]","og_url":"https:\/\/aconteceunovale.com.br\/portal\/?p=103198","og_site_name":"Aconteceu no Vale","article_publisher":"https:\/\/www.facebook.com\/aconteceunovale\/","article_published_time":"2016-12-01T14:35:12+00:00","og_image":[{"width":663,"height":450,"url":"https:\/\/aconteceunovale.com.br\/portal\/wp-content\/uploads\/2015\/02\/mais-de-4-milhoes-de-proprietarios-de-veiculos-ja-pagaram-o-ipva-2015-em-minas.png","type":"image\/png"}],"author":"Aconteceu no Vale","twitter_card":"summary_large_image","twitter_creator":"@noticiadosvales","twitter_site":"@noticiadosvales","twitter_misc":{"Escrito por":"Aconteceu no Vale","Est. tempo de leitura":"4 minutos"},"schema":{"@context":"https:\/\/schema.org","@graph":[{"@type":"Article","@id":"https:\/\/aconteceunovale.com.br\/portal\/?p=103198#article","isPartOf":{"@id":"https:\/\/aconteceunovale.com.br\/portal\/?p=103198"},"author":{"name":"Aconteceu no Vale","@id":"https:\/\/aconteceunovale.com.br\/portal\/#\/schema\/person\/633529146f2c94272bef50ac2953d589"},"headline":"IPVA 2017 pode ser pago a partir desta quinta-feira, informa Governo de Minas","datePublished":"2016-12-01T14:35:12+00:00","mainEntityOfPage":{"@id":"https:\/\/aconteceunovale.com.br\/portal\/?p=103198"},"wordCount":884,"commentCount":0,"image":{"@id":"https:\/\/aconteceunovale.com.br\/portal\/?p=103198#primaryimage"},"thumbnailUrl":"https:\/\/aconteceunovale.com.br\/portal\/wp-content\/uploads\/2015\/02\/mais-de-4-milhoes-de-proprietarios-de-veiculos-ja-pagaram-o-ipva-2015-em-minas.png","keywords":["Escala de pagamento do IPVA 2017","Escala de pagamento do IPVA 2017 em Minas Gerais","informa Governo de Minas","Informa\u00e7\u00f5es IPVA 2017","Informa\u00e7\u00f5es IPVA 2017 em Minas Gerais","IPVA 2017","IPVA 2017 em Minas Gerais","IPVA 2017 pode ser pago a partir desta quinta-feira","Pagamento IPVA 2017","Pagamento IPVA 2017 em Minas Gerais","Tabela IPVA 2017","Tabela IPVA 2017 em Minas Gerais","Vencimento IPVA 2017","Vencimento IPVA 2017 em Minas Gerais"],"articleSection":["Minas Gerais"],"inLanguage":"pt-BR","potentialAction":[{"@type":"CommentAction","name":"Comment","target":["https:\/\/aconteceunovale.com.br\/portal\/?p=103198#respond"]}]},{"@type":"WebPage","@id":"https:\/\/aconteceunovale.com.br\/portal\/?p=103198","url":"https:\/\/aconteceunovale.com.br\/portal\/?p=103198","name":"IPVA 2017 pode ser pago a partir desta quinta-feira, informa Governo de Minas - Aconteceu no Vale","isPartOf":{"@id":"https:\/\/aconteceunovale.com.br\/portal\/#website"},"primaryImageOfPage":{"@id":"https:\/\/aconteceunovale.com.br\/portal\/?p=103198#primaryimage"},"image":{"@id":"https:\/\/aconteceunovale.com.br\/portal\/?p=103198#primaryimage"},"thumbnailUrl":"https:\/\/aconteceunovale.com.br\/portal\/wp-content\/uploads\/2015\/02\/mais-de-4-milhoes-de-proprietarios-de-veiculos-ja-pagaram-o-ipva-2015-em-minas.png","datePublished":"2016-12-01T14:35:12+00:00","author":{"@id":"https:\/\/aconteceunovale.com.br\/portal\/#\/schema\/person\/633529146f2c94272bef50ac2953d589"},"breadcrumb":{"@id":"https:\/\/aconteceunovale.com.br\/portal\/?p=103198#breadcrumb"},"inLanguage":"pt-BR","potentialAction":[{"@type":"ReadAction","target":["https:\/\/aconteceunovale.com.br\/portal\/?p=103198"]}]},{"@type":"ImageObject","inLanguage":"pt-BR","@id":"https:\/\/aconteceunovale.com.br\/portal\/?p=103198#primaryimage","url":"https:\/\/aconteceunovale.com.br\/portal\/wp-content\/uploads\/2015\/02\/mais-de-4-milhoes-de-proprietarios-de-veiculos-ja-pagaram-o-ipva-2015-em-minas.png","contentUrl":"https:\/\/aconteceunovale.com.br\/portal\/wp-content\/uploads\/2015\/02\/mais-de-4-milhoes-de-proprietarios-de-veiculos-ja-pagaram-o-ipva-2015-em-minas.png","width":663,"height":450},{"@type":"BreadcrumbList","@id":"https:\/\/aconteceunovale.com.br\/portal\/?p=103198#breadcrumb","itemListElement":[{"@type":"ListItem","position":1,"name":"In\u00edcio","item":"https:\/\/aconteceunovale.com.br\/portal\/"},{"@type":"ListItem","position":2,"name":"IPVA 2017 pode ser pago a partir desta quinta-feira, informa Governo de Minas"}]},{"@type":"WebSite","@id":"https:\/\/aconteceunovale.com.br\/portal\/#website","url":"https:\/\/aconteceunovale.com.br\/portal\/","name":"Aconteceu no Vale","description":"Portal de Not\u00edcias","potentialAction":[{"@type":"SearchAction","target":{"@type":"EntryPoint","urlTemplate":"https:\/\/aconteceunovale.com.br\/portal\/?s={search_term_string}"},"query-input":{"@type":"PropertyValueSpecification","valueRequired":true,"valueName":"search_term_string"}}],"inLanguage":"pt-BR"},{"@type":"Person","@id":"https:\/\/aconteceunovale.com.br\/portal\/#\/schema\/person\/633529146f2c94272bef50ac2953d589","name":"Aconteceu no Vale","description":"Equipe de reportagem do Aconteceu no Vale, portal de not\u00edcias do Vale do Jequitinhonha, em Minas Gerais. Cobrimos as 51 cidades do Vale desde 2013. Sugest\u00f5es de pauta e pedidos de corre\u00e7\u00e3o: contato@aconteceunovale.com.br","sameAs":["http:\/\/www.aconteceunovale.com.br"],"url":"https:\/\/aconteceunovale.com.br\/portal\/?author=1"}]}},"_links":{"self":[{"href":"https:\/\/aconteceunovale.com.br\/portal\/index.php?rest_route=\/wp\/v2\/posts\/103198","targetHints":{"allow":["GET"]}}],"collection":[{"href":"https:\/\/aconteceunovale.com.br\/portal\/index.php?rest_route=\/wp\/v2\/posts"}],"about":[{"href":"https:\/\/aconteceunovale.com.br\/portal\/index.php?rest_route=\/wp\/v2\/types\/post"}],"author":[{"embeddable":true,"href":"https:\/\/aconteceunovale.com.br\/portal\/index.php?rest_route=\/wp\/v2\/users\/1"}],"replies":[{"embeddable":true,"href":"https:\/\/aconteceunovale.com.br\/portal\/index.php?rest_route=%2Fwp%2Fv2%2Fcomments&post=103198"}],"version-history":[{"count":0,"href":"https:\/\/aconteceunovale.com.br\/portal\/index.php?rest_route=\/wp\/v2\/posts\/103198\/revisions"}],"wp:featuredmedia":[{"embeddable":true,"href":"https:\/\/aconteceunovale.com.br\/portal\/index.php?rest_route=\/wp\/v2\/media\/52227"}],"wp:attachment":[{"href":"https:\/\/aconteceunovale.com.br\/portal\/index.php?rest_route=%2Fwp%2Fv2%2Fmedia&parent=103198"}],"wp:term":[{"taxonomy":"category","embeddable":true,"href":"https:\/\/aconteceunovale.com.br\/portal\/index.php?rest_route=%2Fwp%2Fv2%2Fcategories&post=103198"},{"taxonomy":"post_tag","embeddable":true,"href":"https:\/\/aconteceunovale.com.br\/portal\/index.php?rest_route=%2Fwp%2Fv2%2Ftags&post=103198"}],"curies":[{"name":"wp","href":"https:\/\/api.w.org\/{rel}","templated":true}]}}