{"id":103191,"date":"2016-12-01T10:51:38","date_gmt":"2016-12-01T12:51:38","guid":{"rendered":"http:\/\/aconteceunovale.com.br\/portal\/?p=103191"},"modified":"2016-12-01T10:51:38","modified_gmt":"2016-12-01T12:51:38","slug":"aviao-da-chapecoense-caiu-sem-uma-gota-de-combustivel-afirma-autoridade-colombiana","status":"publish","type":"post","link":"https:\/\/aconteceunovale.com.br\/portal\/?p=103191","title":{"rendered":"Avi\u00e3o da Chapecoense caiu sem &#8220;uma gota de combust\u00edvel&#8221;, afirma autoridade colombiana"},"content":{"rendered":"<p>As autoridades da Aeron\u00e1utica Civil da Col\u00f4mbia confirmaram que o avi\u00e3o que transportava a equipe da Chapecoense para Medell\u00edn caiu sem &#8220;uma gota de combust\u00edvel&#8221; no morro em Cerro Gordo e que agora ser\u00e3o investigadas as causas do que provocou a pane seca. O acidente matou 71 pessoas e deixou seis feridas.<\/p>\n<p>&#8220;Uma das hip\u00f3teses que trabalhamos \u00e9 que [o avi\u00e3o] n\u00e3o contava com combust\u00edvel e que, por isso, tenha apagado subitamente os motores. Motores s\u00e3o a fonte el\u00e9trica. Voc\u00ea pode ter uma turbina adicional, mas se n\u00e3o tinha combust\u00edvel, vai ter uma pane el\u00e9trica&#8221;, afirmou Fredy Bonilla, secret\u00e1rio de Seguran\u00e7a A\u00e9rea da Aeron\u00e1utica Civil.<\/p>\n<p>Segundo Bonilla, as normas internacionais exigem que uma aeronave precisa ter combust\u00edvel suficiente &#8220;para chegar ao aeroporto de destino, mais 30 minutos e ainda mais 5 minutos ou 5% da dist\u00e2ncia, que \u00e9 o combust\u00edvel reserva&#8221;.<\/p>\n<p>Outro ponto ressaltado pelo secret\u00e1rio foi o fato de o piloto, Miguel Luis Quiroga, n\u00e3o ter relatado imediatamente que estava em um situa\u00e7\u00e3o de emerg\u00eancia e que ele deveria ter alertado antes a Torre de Controle.<\/p>\n<p><strong>Escala para abastecer<\/strong><\/p>\n<p>O diretor geral da empresa a\u00e9rea LaMia, Gustavo Vargas, declarou ontem (30\/11\/2016) que o piloto deve ter avaliado que o combust\u00edvel era suficiente para chegar ao seu destino, pois existia a op\u00e7\u00e3o de fazer uma pausa em Bogot\u00e1 para abastecer, que foi descartada.<\/p>\n<p>&#8220;Temos alternativas, uma alternativa pr\u00f3xima era Bogot\u00e1 e se o piloto percebesse uma defici\u00eancia de combust\u00edvel, tinha toda a autoridade para pousar e reabastecer&#8221;, afirmou, em entrevista ao canal boliviano Unitel.<\/p>\n<p>Vargas afirmou que inicialmente estava previsto o reabastecimento em Cobija, no norte da Bol\u00edvia, mas que o plano foi descartado pelo hor\u00e1rio. &#8220;Infelizmente n\u00e3o pudemos reabastecer em Cobija, que era a ideia inicial, porque como n\u00e3o pudemos voar a partir do Brasil, tivemos que contratar outro avi\u00e3o fretado e ficou tarde, pois Cobija n\u00e3o trabalha \u00e0 noite&#8221;, afirmou.<\/p>\n<p>Ao jornal boliviano\u00a0<em>P\u00e1gina Siete,\u00a0<\/em>o diretor da Lamia declarou que\u00a0\u00a0o piloto &#8220;toma a decis\u00e3o de n\u00e3o entrar [em Bogot\u00e1] porque pensou que o combust\u00edvel era suficiente. Trata-se de um piloto com muita experi\u00eancia, treinado na Su\u00ed\u00e7a&#8221;.<\/p>\n<p><img decoding=\"async\" src=\"http:\/\/aconteceunovale.com.br\/portal\/wp-content\/uploads\/2016\/12\/aviao_lamia.jpeg\" alt=\"\" \/><em>Avi\u00e3o que levava Chapecoense era um Avro RJ85 (Foto: JetPhotos.net\/CACSPOTTER)<\/em><br \/>\n<\/br><\/p>\n<p><em>(Com informa\u00e7\u00f5es das ag\u00eancias Brasil e Ansa)<\/em><\/p>\n","protected":false},"excerpt":{"rendered":"<p>As autoridades da Aeron\u00e1utica Civil da Col\u00f4mbia confirmaram que o avi\u00e3o que transportava a equipe da Chapecoense para Medell\u00edn caiu sem &#8220;uma gota de combust\u00edvel&#8221; no morro em Cerro Gordo e que agora ser\u00e3o investigadas as causas do que provocou a pane seca. O acidente matou 71 pessoas e deixou seis feridas. &#8220;Uma das hip\u00f3teses [&hellip;]<\/p>\n","protected":false},"author":1,"featured_media":103192,"comment_status":"open","ping_status":"closed","sticky":false,"template":"","format":"standard","meta":{"amp_status":"","footnotes":""},"categories":[6,59,28848],"tags":[128014,128009,694,72438,128020,127999,127987,128381,128006,128049,128002,128015,128031,128005,128004,127986,128368,127975,127993,128099,128039,128040,127981,128050,128046,127979,128052,128045,27549,19787,128030,128019,128369,128367,128366,127985,127984,128379,128016,127972,127974,128018,128266,128010,128013,128380,4606,128001,127973,127982,128370,128378,127998,9083,13241,128029,15464,128022,956,128047,127980,128028,1018,127992,128242,19785,128377,62935,128051,128017,14190,15603,128374,21232,128003,127995,206,127988,127989,127983,128021,128026,35767,127994,80046,26352,128371,128373,128372,128012,128376,946,128048,18373,254,128098,128244,128025,127991,127996,128027,127978,127977,37778,128011,63041,127997,128008,128007,127976,128375,1532,65762,127990,65331,128000,128382,128243,128246,128245,128241,128023,128024,128041,128038],"class_list":["post-103191","post","type-post","status-publish","format-standard","has-post-thumbnail","hentry","category-br","category-esportes","category-mundo","tag-accidente-aereo-del-chapecoense","tag-accidente-del-avion-de-chapecoense","tag-acidente","tag-acidente-aereo","tag-acidente-aereo-com-a-delegacao-da-chapecoense","tag-acidente-aviao-cerro-gordo","tag-acidente-aviao-lamia-corporation","tag-acidente-avro-rj85","tag-acidente-chapecoense","tag-acidente-com-a-chapecoense","tag-acidente-com-aviao","tag-acidente-com-aviao-da-chapecoense","tag-acidente-com-aviao-que-transportava-delegacao-da-chapecoense-deixa-76-mortos","tag-acidente-com-o-aviao-da-chapecoense","tag-acidente-com-o-aviao-da-chapecoense-na-colombia","tag-acidente-lamia-corporation","tag-aeronautica-civil-da-colombia","tag-aeroporto-jose-maria-cordova","tag-alan-ruschel","tag-amigo-de-piraporense-que-estava-no-aviao-da-chapecoense","tag-anderson-boiao","tag-anderson-roberto-martins","tag-antioquia","tag-apos-acidente-com-chapecoense","tag-atletico-nacional","tag-atletico-nacional-da-colombia","tag-atletico-nacional-de-medelin","tag-atletico-nacional-de-medelin-propoe-que-titulo-da-copa-sul-americana-fique-com-chapecoense","tag-aviacao","tag-aviao","tag-aviao-com-a-chapecoense","tag-aviao-com-jogadores-da-chapecoense","tag-aviao-da-chapecoense","tag-aviao-da-chapecoense-caiu-sem-uma-gota-de-combustivel","tag-aviao-da-chapecoense-nao-respeitou-plano-de-voo","tag-aviao-lamia","tag-aviao-lamia-corporation","tag-aviao-que-levava-chapecoense-era-um-avro-rj85","tag-aviao-que-levava-chapecoense-para-final-da-sul-americana","tag-aviao-que-levava-o-time-da-chapecoense","tag-aviao-que-levava-o-time-da-chapecoense-caiu-na-colombia","tag-aviao-que-transportava-time-da-chapecoense","tag-avioes-da-fab-estao-de-prontidao-em-manaus-para-prestar-auxilio-na-colombia","tag-avion-de-chapecoense","tag-avion-que-transportaba-chapecoense","tag-avro-rj85","tag-brasilia","tag-british-aerospace-146","tag-caiu-na-colombia","tag-caiu-na-regiao-da-provincia-de-antioquia","tag-causa-da-queda-de-aviao-da-chapecoense","tag-causas","tag-cerro-gordo","tag-chapeco","tag-chapecoense","tag-chapecoense-distribui-nota-lamentando-tragedia","tag-colombia","tag-confira-a-lista-de-passageiros-no-aviao-da-chapecoense","tag-contagem","tag-copa-sul-americanaviao","tag-cp-2933","tag-delfim-peixoto-filho","tag-destaque","tag-elkin-ospina","tag-erwin-tumiri","tag-fab","tag-falta-de-combustivel-causou-queda-do-aviao-da-chapecoense","tag-feridos","tag-final-da-copa-do-brasil-e-remarcada-para-dia-7","tag-final-da-sul-americana","tag-flamengo","tag-fluminense","tag-fredy-bonilla","tag-futebol","tag-informacoes-sobre-o-acidente-com-o-aviao-da-chapecoense-na-colombia","tag-jackson-follmann","tag-juiz-de-fora","tag-la-ceja","tag-la-union","tag-lamia-corporation","tag-lista-de-passageiros-no-aviao-da-chapecoense","tag-luciano-buligon","tag-manifestacoes","tag-marcos-danilo-padilha","tag-medellin","tag-mortos","tag-motivo-da-queda-do-aviao-da-chapecoense","tag-o-que-derrubou-aviao-da-chapecoense","tag-o-que-motivou-queda-do-aviao-da-chapecoense","tag-oriente-antioqueno","tag-pane-seca-causou-queda-do-aviao-da-chapecoense","tag-papa-francisco","tag-papa-francisco-lamenta-acidente-com-chapecoense","tag-parana","tag-pirapora","tag-pirapora-futebol-clube","tag-posicao-fetal","tag-prefeito-de-chapeco","tag-prefeito-de-la-ceja","tag-prefeito-de-la-ceja-diz-que-dez-pessoas-foram-resgatadas","tag-presidente-da-federacao-catarinense-de-futebol","tag-primeira-partida-da-final-da-copa-sul-americana","tag-primeira-partida-da-final-da-copa-sul-americana-contra-o-atletico-nacional-da-colombia","tag-protesto-santa-cruz-de-la-sierra","tag-queda-avion-de-chapecoense","tag-queda-de-aviao","tag-queda-de-aviao-em-cerro-gordo","tag-queda-do-aviao-da-chapecoense","tag-queda-do-aviao-da-chapecoense-na-colombia","tag-rionegro","tag-secretario-de-seguranca-aerea-da-aeronautica-civil","tag-sete-lagoas","tag-sobreviventes","tag-time","tag-tragedia","tag-tragedia-com-aviao-que-levava-a-chapecoense","tag-tragedia-com-avro-rj85","tag-tripulante","tag-tripulante-de-aviao-da-chapecoense-diz-que-sobreviveu-gracas-a-posicao-fetal","tag-tripulante-de-aviao-da-chapecoense-revela-como-se-salvou","tag-tripulante-do-voo-da-chapecoense-diz-que-sobreviveu-gracas-a-posicao-fetal","tag-veja-a-lista-de-passageiros-no-aviao-da-chapecoense","tag-ver-lista-de-passageiros-no-aviao-da-chapecoense","tag-zagueiro-demerson-escapa-do-acidente","tag-zagueiro-marcelo-mathias"],"yoast_head":"<!-- This site is optimized with the Yoast SEO plugin v28.3 - https:\/\/yoast.com\/product\/yoast-seo-wordpress\/ -->\n<title>Avi\u00e3o da Chapecoense caiu sem &quot;uma gota de combust\u00edvel&quot;, afirma autoridade colombiana - Aconteceu no Vale<\/title>\n<meta name=\"robots\" content=\"index, follow, max-snippet:-1, max-image-preview:large, max-video-preview:-1\" \/>\n<link rel=\"canonical\" href=\"https:\/\/aconteceunovale.com.br\/portal\/?p=103191\" \/>\n<meta property=\"og:locale\" content=\"pt_BR\" \/>\n<meta property=\"og:type\" content=\"article\" \/>\n<meta property=\"og:title\" content=\"Avi\u00e3o da Chapecoense caiu sem &quot;uma gota de combust\u00edvel&quot;, afirma autoridade colombiana - Aconteceu no Vale\" \/>\n<meta property=\"og:description\" content=\"As autoridades da Aeron\u00e1utica Civil da Col\u00f4mbia confirmaram que o avi\u00e3o que transportava a equipe da Chapecoense para Medell\u00edn caiu sem &#8220;uma gota de combust\u00edvel&#8221; no morro em Cerro Gordo e que agora ser\u00e3o investigadas as causas do que provocou a pane seca. O acidente matou 71 pessoas e deixou seis feridas. &#8220;Uma das hip\u00f3teses [&hellip;]\" \/>\n<meta property=\"og:url\" content=\"https:\/\/aconteceunovale.com.br\/portal\/?p=103191\" \/>\n<meta property=\"og:site_name\" content=\"Aconteceu no Vale\" \/>\n<meta property=\"article:publisher\" content=\"https:\/\/www.facebook.com\/aconteceunovale\/\" \/>\n<meta property=\"article:published_time\" content=\"2016-12-01T12:51:38+00:00\" \/>\n<meta property=\"og:image\" content=\"https:\/\/aconteceunovale.com.br\/portal\/wp-content\/uploads\/2016\/12\/aviao_lamia.jpeg\" \/>\n\t<meta property=\"og:image:width\" content=\"660\" \/>\n\t<meta property=\"og:image:height\" content=\"360\" \/>\n\t<meta property=\"og:image:type\" content=\"image\/jpeg\" \/>\n<meta name=\"author\" content=\"Aconteceu no Vale\" \/>\n<meta name=\"twitter:card\" content=\"summary_large_image\" \/>\n<meta name=\"twitter:creator\" content=\"@noticiadosvales\" \/>\n<meta name=\"twitter:site\" content=\"@noticiadosvales\" \/>\n<meta name=\"twitter:label1\" content=\"Escrito por\" \/>\n\t<meta name=\"twitter:data1\" content=\"Aconteceu no Vale\" \/>\n\t<meta name=\"twitter:label2\" content=\"Est. tempo de leitura\" \/>\n\t<meta name=\"twitter:data2\" content=\"2 minutos\" \/>\n<script type=\"application\/ld+json\" class=\"yoast-schema-graph\">{\"@context\":\"https:\\\/\\\/schema.org\",\"@graph\":[{\"@type\":\"Article\",\"@id\":\"https:\\\/\\\/aconteceunovale.com.br\\\/portal\\\/?p=103191#article\",\"isPartOf\":{\"@id\":\"https:\\\/\\\/aconteceunovale.com.br\\\/portal\\\/?p=103191\"},\"author\":{\"name\":\"Aconteceu no Vale\",\"@id\":\"https:\\\/\\\/aconteceunovale.com.br\\\/portal\\\/#\\\/schema\\\/person\\\/633529146f2c94272bef50ac2953d589\"},\"headline\":\"Avi\u00e3o da Chapecoense caiu sem &#8220;uma gota de combust\u00edvel&#8221;, afirma autoridade colombiana\",\"datePublished\":\"2016-12-01T12:51:38+00:00\",\"mainEntityOfPage\":{\"@id\":\"https:\\\/\\\/aconteceunovale.com.br\\\/portal\\\/?p=103191\"},\"wordCount\":422,\"commentCount\":0,\"image\":{\"@id\":\"https:\\\/\\\/aconteceunovale.com.br\\\/portal\\\/?p=103191#primaryimage\"},\"thumbnailUrl\":\"https:\\\/\\\/aconteceunovale.com.br\\\/portal\\\/wp-content\\\/uploads\\\/2016\\\/12\\\/aviao_lamia.jpeg\",\"keywords\":[\"Accidente a\u00e9reo del Chapecoense\",\"Accidente del avi\u00f3n de Chapecoense\",\"Acidente\",\"acidente a\u00e9reo\",\"acidente a\u00e9reo com a delega\u00e7\u00e3o da Chapecoense\",\"Acidente avi\u00e3o Cerro Gordo\",\"Acidente avi\u00e3o Lamia Corporation\",\"Acidente Avro RJ85\",\"Acidente Chapecoense\",\"acidente com a Chapecoense\",\"Acidente com avi\u00e3o\",\"Acidente com avi\u00e3o da Chapecoense\",\"Acidente com avi\u00e3o que transportava delega\u00e7\u00e3o da Chapecoense deixa 76 mortos\",\"Acidente com o avi\u00e3o da Chapecoense\",\"Acidente com o avi\u00e3o da Chapecoense na Col\u00f4mbia\",\"Acidente Lamia Corporation\",\"Aeron\u00e1utica Civil da Col\u00f4mbia\",\"Aeroporto Jos\u00e9 Mar\u00eda C\u00f3rdova\",\"Alan Ruschel\",\"amigo de piraporense que estava no avi\u00e3o da Chapecoense\",\"Anderson Boi\u00e3o\",\"Anderson Roberto Martins\",\"Antioquia\",\"Ap\u00f3s acidente com Chapecoense\",\"Atl\u00e9tico Nacional\",\"Atl\u00e9tico Nacional da Col\u00f4mbia\",\"Atl\u00e9tico Nacional de Medel\u00edn\",\"Atl\u00e9tico Nacional de Medel\u00edn prop\u00f5e que t\u00edtulo da Copa Sul-Americana fique com Chapecoense\",\"Avia\u00e7\u00e3o\",\"avi\u00e3o\",\"avi\u00e3o com a Chapecoense\",\"Avi\u00e3o com jogadores da Chapecoense\",\"Avi\u00e3o da Chapecoense\",\"Avi\u00e3o da Chapecoense caiu sem uma gota de combust\u00edvel\",\"Avi\u00e3o da Chapecoense n\u00e3o respeitou plano de voo\",\"Avi\u00e3o Lamia\",\"Avi\u00e3o Lamia Corporation\",\"Avi\u00e3o que levava Chapecoense era um Avro RJ85\",\"Avi\u00e3o que levava Chapecoense para final da Sul-Americana\",\"avi\u00e3o que levava o time da Chapecoense\",\"avi\u00e3o que levava o time da Chapecoense caiu na Col\u00f4mbia\",\"Avi\u00e3o que transportava time da Chapecoense\",\"Avi\u00f5es da FAB est\u00e3o de prontid\u00e3o em Manaus para prestar aux\u00edlio na Col\u00f4mbia\",\"Avi\u00f3n de Chapecoense\",\"Avi\u00f3n que transportaba Chapecoense\",\"Avro RJ85\",\"Bras\u00edlia\",\"British Aerospace 146\",\"caiu na Col\u00f4mbia\",\"caiu na regi\u00e3o da prov\u00edncia de Antioquia\",\"Causa da queda de Avi\u00e3o da Chapecoense\",\"causas\",\"Cerro Gordo\",\"Chapec\u00f3\",\"chapecoense\",\"Chapecoense distribui nota lamentando trag\u00e9dia\",\"Col\u00f4mbia\",\"Confira a lista de passageiros no avi\u00e3o da Chapecoense\",\"Contagem\",\"Copa Sul-Americanavi\u00e3o\",\"CP 2933\",\"Delfim Peixoto Filho\",\"destaque\",\"Elkin Ospina\",\"Erwin Tumiri\",\"FAB\",\"Falta de combust\u00edvel causou queda do avi\u00e3o da Chapecoense\",\"feridos\",\"final da Copa do Brasil \u00e9 remarcada para dia 7\",\"Final da Sul-Americana\",\"Flamengo\",\"Fluminense\",\"Fredy Bonilla\",\"futebol\",\"Informa\u00e7\u00f5es sobre o acidente com o avi\u00e3o da Chapecoense na Col\u00f4mbia\",\"Jackson Follmann\",\"Juiz de Fora\",\"La Ceja\",\"La Uni\u00f3n\",\"Lamia Corporation\",\"Lista de passageiros no avi\u00e3o da Chapecoense\",\"Luciano Buligon\",\"manifesta\u00e7\u00f5es\",\"Marcos Danilo Padilha\",\"Medell\u00edn\",\"mortos\",\"Motivo da queda do Avi\u00e3o da Chapecoense\",\"O que derrubou Avi\u00e3o da Chapecoense\",\"O que motivou queda do Avi\u00e3o da Chapecoense\",\"Oriente antioque\u00f1o\",\"Pane seca causou queda do avi\u00e3o da Chapecoense\",\"papa francisco\",\"Papa Francisco lamenta acidente com chapecoense\",\"Paran\u00e1\",\"Pirapora\",\"Pirapora Futebol Clube\",\"posi\u00e7\u00e3o fetal\",\"prefeito de Chapec\u00f3\",\"prefeito de La Ceja\",\"Prefeito de La Ceja diz que dez pessoas foram resgatadas\",\"presidente da Federa\u00e7\u00e3o Catarinense de Futebol\",\"primeira partida da final da Copa Sul-Americana\",\"primeira partida da final da Copa Sul-Americana contra o Atl\u00e9tico Nacional da Col\u00f4mbia\",\"protesto santa cruz de la sierra\",\"Queda avi\u00f3n de Chapecoense\",\"queda de avi\u00e3o\",\"queda de avi\u00e3o em Cerro Gordo\",\"Queda do avi\u00e3o da Chapecoense\",\"Queda do avi\u00e3o da Chapecoense na Col\u00f4mbia\",\"Rionegro\",\"secret\u00e1rio de Seguran\u00e7a A\u00e9rea da Aeron\u00e1utica Civil\",\"Sete Lagoas\",\"sobreviventes\",\"time\",\"trag\u00e9dia\",\"Trag\u00e9dia com avi\u00e3o que levava a Chapecoense\",\"Trag\u00e9dia com Avro RJ85\",\"tripulante\",\"Tripulante de avi\u00e3o da Chapecoense diz que sobreviveu gra\u00e7as \u00e0 posi\u00e7\u00e3o fetal\",\"Tripulante de avi\u00e3o da Chapecoense revela como se salvou\",\"Tripulante do voo da Chapecoense diz que sobreviveu gra\u00e7as \u00e0 posi\u00e7\u00e3o fetal\",\"Veja a lista de passageiros no avi\u00e3o da Chapecoense\",\"Ver lista de passageiros no avi\u00e3o da Chapecoense\",\"Zagueiro Demerson escapa do acidente\",\"zagueiro Marcelo Mathias\"],\"articleSection\":[\"Brasil\",\"Esportes\",\"Mundo\"],\"inLanguage\":\"pt-BR\",\"potentialAction\":[{\"@type\":\"CommentAction\",\"name\":\"Comment\",\"target\":[\"https:\\\/\\\/aconteceunovale.com.br\\\/portal\\\/?p=103191#respond\"]}]},{\"@type\":\"WebPage\",\"@id\":\"https:\\\/\\\/aconteceunovale.com.br\\\/portal\\\/?p=103191\",\"url\":\"https:\\\/\\\/aconteceunovale.com.br\\\/portal\\\/?p=103191\",\"name\":\"Avi\u00e3o da Chapecoense caiu sem \\\"uma gota de combust\u00edvel\\\", afirma autoridade colombiana - Aconteceu no Vale\",\"isPartOf\":{\"@id\":\"https:\\\/\\\/aconteceunovale.com.br\\\/portal\\\/#website\"},\"primaryImageOfPage\":{\"@id\":\"https:\\\/\\\/aconteceunovale.com.br\\\/portal\\\/?p=103191#primaryimage\"},\"image\":{\"@id\":\"https:\\\/\\\/aconteceunovale.com.br\\\/portal\\\/?p=103191#primaryimage\"},\"thumbnailUrl\":\"https:\\\/\\\/aconteceunovale.com.br\\\/portal\\\/wp-content\\\/uploads\\\/2016\\\/12\\\/aviao_lamia.jpeg\",\"datePublished\":\"2016-12-01T12:51:38+00:00\",\"author\":{\"@id\":\"https:\\\/\\\/aconteceunovale.com.br\\\/portal\\\/#\\\/schema\\\/person\\\/633529146f2c94272bef50ac2953d589\"},\"breadcrumb\":{\"@id\":\"https:\\\/\\\/aconteceunovale.com.br\\\/portal\\\/?p=103191#breadcrumb\"},\"inLanguage\":\"pt-BR\",\"potentialAction\":[{\"@type\":\"ReadAction\",\"target\":[\"https:\\\/\\\/aconteceunovale.com.br\\\/portal\\\/?p=103191\"]}]},{\"@type\":\"ImageObject\",\"inLanguage\":\"pt-BR\",\"@id\":\"https:\\\/\\\/aconteceunovale.com.br\\\/portal\\\/?p=103191#primaryimage\",\"url\":\"https:\\\/\\\/aconteceunovale.com.br\\\/portal\\\/wp-content\\\/uploads\\\/2016\\\/12\\\/aviao_lamia.jpeg\",\"contentUrl\":\"https:\\\/\\\/aconteceunovale.com.br\\\/portal\\\/wp-content\\\/uploads\\\/2016\\\/12\\\/aviao_lamia.jpeg\",\"width\":660,\"height\":360},{\"@type\":\"BreadcrumbList\",\"@id\":\"https:\\\/\\\/aconteceunovale.com.br\\\/portal\\\/?p=103191#breadcrumb\",\"itemListElement\":[{\"@type\":\"ListItem\",\"position\":1,\"name\":\"In\u00edcio\",\"item\":\"https:\\\/\\\/aconteceunovale.com.br\\\/portal\\\/\"},{\"@type\":\"ListItem\",\"position\":2,\"name\":\"Avi\u00e3o da Chapecoense caiu sem &#8220;uma gota de combust\u00edvel&#8221;, afirma autoridade colombiana\"}]},{\"@type\":\"WebSite\",\"@id\":\"https:\\\/\\\/aconteceunovale.com.br\\\/portal\\\/#website\",\"url\":\"https:\\\/\\\/aconteceunovale.com.br\\\/portal\\\/\",\"name\":\"Aconteceu no Vale\",\"description\":\"Portal de Not\u00edcias\",\"potentialAction\":[{\"@type\":\"SearchAction\",\"target\":{\"@type\":\"EntryPoint\",\"urlTemplate\":\"https:\\\/\\\/aconteceunovale.com.br\\\/portal\\\/?s={search_term_string}\"},\"query-input\":{\"@type\":\"PropertyValueSpecification\",\"valueRequired\":true,\"valueName\":\"search_term_string\"}}],\"inLanguage\":\"pt-BR\"},{\"@type\":\"Person\",\"@id\":\"https:\\\/\\\/aconteceunovale.com.br\\\/portal\\\/#\\\/schema\\\/person\\\/633529146f2c94272bef50ac2953d589\",\"name\":\"Aconteceu no Vale\",\"description\":\"Equipe de reportagem do Aconteceu no Vale, portal de not\u00edcias do Vale do Jequitinhonha, em Minas Gerais. Cobrimos as 51 cidades do Vale desde 2013. Sugest\u00f5es de pauta e pedidos de corre\u00e7\u00e3o: contato@aconteceunovale.com.br\",\"sameAs\":[\"http:\\\/\\\/www.aconteceunovale.com.br\"],\"url\":\"https:\\\/\\\/aconteceunovale.com.br\\\/portal\\\/?author=1\"}]}<\/script>\n<!-- \/ Yoast SEO plugin. -->","yoast_head_json":{"title":"Avi\u00e3o da Chapecoense caiu sem \"uma gota de combust\u00edvel\", afirma autoridade colombiana - Aconteceu no Vale","robots":{"index":"index","follow":"follow","max-snippet":"max-snippet:-1","max-image-preview":"max-image-preview:large","max-video-preview":"max-video-preview:-1"},"canonical":"https:\/\/aconteceunovale.com.br\/portal\/?p=103191","og_locale":"pt_BR","og_type":"article","og_title":"Avi\u00e3o da Chapecoense caiu sem \"uma gota de combust\u00edvel\", afirma autoridade colombiana - Aconteceu no Vale","og_description":"As autoridades da Aeron\u00e1utica Civil da Col\u00f4mbia confirmaram que o avi\u00e3o que transportava a equipe da Chapecoense para Medell\u00edn caiu sem &#8220;uma gota de combust\u00edvel&#8221; no morro em Cerro Gordo e que agora ser\u00e3o investigadas as causas do que provocou a pane seca. O acidente matou 71 pessoas e deixou seis feridas. &#8220;Uma das hip\u00f3teses [&hellip;]","og_url":"https:\/\/aconteceunovale.com.br\/portal\/?p=103191","og_site_name":"Aconteceu no Vale","article_publisher":"https:\/\/www.facebook.com\/aconteceunovale\/","article_published_time":"2016-12-01T12:51:38+00:00","og_image":[{"width":660,"height":360,"url":"https:\/\/aconteceunovale.com.br\/portal\/wp-content\/uploads\/2016\/12\/aviao_lamia.jpeg","type":"image\/jpeg"}],"author":"Aconteceu no Vale","twitter_card":"summary_large_image","twitter_creator":"@noticiadosvales","twitter_site":"@noticiadosvales","twitter_misc":{"Escrito por":"Aconteceu no Vale","Est. tempo de leitura":"2 minutos"},"schema":{"@context":"https:\/\/schema.org","@graph":[{"@type":"Article","@id":"https:\/\/aconteceunovale.com.br\/portal\/?p=103191#article","isPartOf":{"@id":"https:\/\/aconteceunovale.com.br\/portal\/?p=103191"},"author":{"name":"Aconteceu no Vale","@id":"https:\/\/aconteceunovale.com.br\/portal\/#\/schema\/person\/633529146f2c94272bef50ac2953d589"},"headline":"Avi\u00e3o da Chapecoense caiu sem &#8220;uma gota de combust\u00edvel&#8221;, afirma autoridade colombiana","datePublished":"2016-12-01T12:51:38+00:00","mainEntityOfPage":{"@id":"https:\/\/aconteceunovale.com.br\/portal\/?p=103191"},"wordCount":422,"commentCount":0,"image":{"@id":"https:\/\/aconteceunovale.com.br\/portal\/?p=103191#primaryimage"},"thumbnailUrl":"https:\/\/aconteceunovale.com.br\/portal\/wp-content\/uploads\/2016\/12\/aviao_lamia.jpeg","keywords":["Accidente a\u00e9reo del Chapecoense","Accidente del avi\u00f3n de Chapecoense","Acidente","acidente a\u00e9reo","acidente a\u00e9reo com a delega\u00e7\u00e3o da Chapecoense","Acidente avi\u00e3o Cerro Gordo","Acidente avi\u00e3o Lamia Corporation","Acidente Avro RJ85","Acidente Chapecoense","acidente com a Chapecoense","Acidente com avi\u00e3o","Acidente com avi\u00e3o da Chapecoense","Acidente com avi\u00e3o que transportava delega\u00e7\u00e3o da Chapecoense deixa 76 mortos","Acidente com o avi\u00e3o da Chapecoense","Acidente com o avi\u00e3o da Chapecoense na Col\u00f4mbia","Acidente Lamia Corporation","Aeron\u00e1utica Civil da Col\u00f4mbia","Aeroporto Jos\u00e9 Mar\u00eda C\u00f3rdova","Alan Ruschel","amigo de piraporense que estava no avi\u00e3o da Chapecoense","Anderson Boi\u00e3o","Anderson Roberto Martins","Antioquia","Ap\u00f3s acidente com Chapecoense","Atl\u00e9tico Nacional","Atl\u00e9tico Nacional da Col\u00f4mbia","Atl\u00e9tico Nacional de Medel\u00edn","Atl\u00e9tico Nacional de Medel\u00edn prop\u00f5e que t\u00edtulo da Copa Sul-Americana fique com Chapecoense","Avia\u00e7\u00e3o","avi\u00e3o","avi\u00e3o com a Chapecoense","Avi\u00e3o com jogadores da Chapecoense","Avi\u00e3o da Chapecoense","Avi\u00e3o da Chapecoense caiu sem uma gota de combust\u00edvel","Avi\u00e3o da Chapecoense n\u00e3o respeitou plano de voo","Avi\u00e3o Lamia","Avi\u00e3o Lamia Corporation","Avi\u00e3o que levava Chapecoense era um Avro RJ85","Avi\u00e3o que levava Chapecoense para final da Sul-Americana","avi\u00e3o que levava o time da Chapecoense","avi\u00e3o que levava o time da Chapecoense caiu na Col\u00f4mbia","Avi\u00e3o que transportava time da Chapecoense","Avi\u00f5es da FAB est\u00e3o de prontid\u00e3o em Manaus para prestar aux\u00edlio na Col\u00f4mbia","Avi\u00f3n de Chapecoense","Avi\u00f3n que transportaba Chapecoense","Avro RJ85","Bras\u00edlia","British Aerospace 146","caiu na Col\u00f4mbia","caiu na regi\u00e3o da prov\u00edncia de Antioquia","Causa da queda de Avi\u00e3o da Chapecoense","causas","Cerro Gordo","Chapec\u00f3","chapecoense","Chapecoense distribui nota lamentando trag\u00e9dia","Col\u00f4mbia","Confira a lista de passageiros no avi\u00e3o da Chapecoense","Contagem","Copa Sul-Americanavi\u00e3o","CP 2933","Delfim Peixoto Filho","destaque","Elkin Ospina","Erwin Tumiri","FAB","Falta de combust\u00edvel causou queda do avi\u00e3o da Chapecoense","feridos","final da Copa do Brasil \u00e9 remarcada para dia 7","Final da Sul-Americana","Flamengo","Fluminense","Fredy Bonilla","futebol","Informa\u00e7\u00f5es sobre o acidente com o avi\u00e3o da Chapecoense na Col\u00f4mbia","Jackson Follmann","Juiz de Fora","La Ceja","La Uni\u00f3n","Lamia Corporation","Lista de passageiros no avi\u00e3o da Chapecoense","Luciano Buligon","manifesta\u00e7\u00f5es","Marcos Danilo Padilha","Medell\u00edn","mortos","Motivo da queda do Avi\u00e3o da Chapecoense","O que derrubou Avi\u00e3o da Chapecoense","O que motivou queda do Avi\u00e3o da Chapecoense","Oriente antioque\u00f1o","Pane seca causou queda do avi\u00e3o da Chapecoense","papa francisco","Papa Francisco lamenta acidente com chapecoense","Paran\u00e1","Pirapora","Pirapora Futebol Clube","posi\u00e7\u00e3o fetal","prefeito de Chapec\u00f3","prefeito de La Ceja","Prefeito de La Ceja diz que dez pessoas foram resgatadas","presidente da Federa\u00e7\u00e3o Catarinense de Futebol","primeira partida da final da Copa Sul-Americana","primeira partida da final da Copa Sul-Americana contra o Atl\u00e9tico Nacional da Col\u00f4mbia","protesto santa cruz de la sierra","Queda avi\u00f3n de Chapecoense","queda de avi\u00e3o","queda de avi\u00e3o em Cerro Gordo","Queda do avi\u00e3o da Chapecoense","Queda do avi\u00e3o da Chapecoense na Col\u00f4mbia","Rionegro","secret\u00e1rio de Seguran\u00e7a A\u00e9rea da Aeron\u00e1utica Civil","Sete Lagoas","sobreviventes","time","trag\u00e9dia","Trag\u00e9dia com avi\u00e3o que levava a Chapecoense","Trag\u00e9dia com Avro RJ85","tripulante","Tripulante de avi\u00e3o da Chapecoense diz que sobreviveu gra\u00e7as \u00e0 posi\u00e7\u00e3o fetal","Tripulante de avi\u00e3o da Chapecoense revela como se salvou","Tripulante do voo da Chapecoense diz que sobreviveu gra\u00e7as \u00e0 posi\u00e7\u00e3o fetal","Veja a lista de passageiros no avi\u00e3o da Chapecoense","Ver lista de passageiros no avi\u00e3o da Chapecoense","Zagueiro Demerson escapa do acidente","zagueiro Marcelo Mathias"],"articleSection":["Brasil","Esportes","Mundo"],"inLanguage":"pt-BR","potentialAction":[{"@type":"CommentAction","name":"Comment","target":["https:\/\/aconteceunovale.com.br\/portal\/?p=103191#respond"]}]},{"@type":"WebPage","@id":"https:\/\/aconteceunovale.com.br\/portal\/?p=103191","url":"https:\/\/aconteceunovale.com.br\/portal\/?p=103191","name":"Avi\u00e3o da Chapecoense caiu sem \"uma gota de combust\u00edvel\", afirma autoridade colombiana - Aconteceu no Vale","isPartOf":{"@id":"https:\/\/aconteceunovale.com.br\/portal\/#website"},"primaryImageOfPage":{"@id":"https:\/\/aconteceunovale.com.br\/portal\/?p=103191#primaryimage"},"image":{"@id":"https:\/\/aconteceunovale.com.br\/portal\/?p=103191#primaryimage"},"thumbnailUrl":"https:\/\/aconteceunovale.com.br\/portal\/wp-content\/uploads\/2016\/12\/aviao_lamia.jpeg","datePublished":"2016-12-01T12:51:38+00:00","author":{"@id":"https:\/\/aconteceunovale.com.br\/portal\/#\/schema\/person\/633529146f2c94272bef50ac2953d589"},"breadcrumb":{"@id":"https:\/\/aconteceunovale.com.br\/portal\/?p=103191#breadcrumb"},"inLanguage":"pt-BR","potentialAction":[{"@type":"ReadAction","target":["https:\/\/aconteceunovale.com.br\/portal\/?p=103191"]}]},{"@type":"ImageObject","inLanguage":"pt-BR","@id":"https:\/\/aconteceunovale.com.br\/portal\/?p=103191#primaryimage","url":"https:\/\/aconteceunovale.com.br\/portal\/wp-content\/uploads\/2016\/12\/aviao_lamia.jpeg","contentUrl":"https:\/\/aconteceunovale.com.br\/portal\/wp-content\/uploads\/2016\/12\/aviao_lamia.jpeg","width":660,"height":360},{"@type":"BreadcrumbList","@id":"https:\/\/aconteceunovale.com.br\/portal\/?p=103191#breadcrumb","itemListElement":[{"@type":"ListItem","position":1,"name":"In\u00edcio","item":"https:\/\/aconteceunovale.com.br\/portal\/"},{"@type":"ListItem","position":2,"name":"Avi\u00e3o da Chapecoense caiu sem &#8220;uma gota de combust\u00edvel&#8221;, afirma autoridade colombiana"}]},{"@type":"WebSite","@id":"https:\/\/aconteceunovale.com.br\/portal\/#website","url":"https:\/\/aconteceunovale.com.br\/portal\/","name":"Aconteceu no Vale","description":"Portal de Not\u00edcias","potentialAction":[{"@type":"SearchAction","target":{"@type":"EntryPoint","urlTemplate":"https:\/\/aconteceunovale.com.br\/portal\/?s={search_term_string}"},"query-input":{"@type":"PropertyValueSpecification","valueRequired":true,"valueName":"search_term_string"}}],"inLanguage":"pt-BR"},{"@type":"Person","@id":"https:\/\/aconteceunovale.com.br\/portal\/#\/schema\/person\/633529146f2c94272bef50ac2953d589","name":"Aconteceu no Vale","description":"Equipe de reportagem do Aconteceu no Vale, portal de not\u00edcias do Vale do Jequitinhonha, em Minas Gerais. Cobrimos as 51 cidades do Vale desde 2013. Sugest\u00f5es de pauta e pedidos de corre\u00e7\u00e3o: contato@aconteceunovale.com.br","sameAs":["http:\/\/www.aconteceunovale.com.br"],"url":"https:\/\/aconteceunovale.com.br\/portal\/?author=1"}]}},"_links":{"self":[{"href":"https:\/\/aconteceunovale.com.br\/portal\/index.php?rest_route=\/wp\/v2\/posts\/103191","targetHints":{"allow":["GET"]}}],"collection":[{"href":"https:\/\/aconteceunovale.com.br\/portal\/index.php?rest_route=\/wp\/v2\/posts"}],"about":[{"href":"https:\/\/aconteceunovale.com.br\/portal\/index.php?rest_route=\/wp\/v2\/types\/post"}],"author":[{"embeddable":true,"href":"https:\/\/aconteceunovale.com.br\/portal\/index.php?rest_route=\/wp\/v2\/users\/1"}],"replies":[{"embeddable":true,"href":"https:\/\/aconteceunovale.com.br\/portal\/index.php?rest_route=%2Fwp%2Fv2%2Fcomments&post=103191"}],"version-history":[{"count":0,"href":"https:\/\/aconteceunovale.com.br\/portal\/index.php?rest_route=\/wp\/v2\/posts\/103191\/revisions"}],"wp:featuredmedia":[{"embeddable":true,"href":"https:\/\/aconteceunovale.com.br\/portal\/index.php?rest_route=\/wp\/v2\/media\/103192"}],"wp:attachment":[{"href":"https:\/\/aconteceunovale.com.br\/portal\/index.php?rest_route=%2Fwp%2Fv2%2Fmedia&parent=103191"}],"wp:term":[{"taxonomy":"category","embeddable":true,"href":"https:\/\/aconteceunovale.com.br\/portal\/index.php?rest_route=%2Fwp%2Fv2%2Fcategories&post=103191"},{"taxonomy":"post_tag","embeddable":true,"href":"https:\/\/aconteceunovale.com.br\/portal\/index.php?rest_route=%2Fwp%2Fv2%2Ftags&post=103191"}],"curies":[{"name":"wp","href":"https:\/\/api.w.org\/{rel}","templated":true}]}}