{"id":103189,"date":"2016-12-01T09:51:53","date_gmt":"2016-12-01T11:51:53","guid":{"rendered":"http:\/\/aconteceunovale.com.br\/portal\/?p=103189"},"modified":"2016-12-01T09:51:53","modified_gmt":"2016-12-01T11:51:53","slug":"plantao-do-samu-no-norte-de-minas-quinta-feira-1o-de-dezembro-de-2016","status":"publish","type":"post","link":"https:\/\/aconteceunovale.com.br\/portal\/?p=103189","title":{"rendered":"Plant\u00e3o do Samu no Norte de Minas, quinta-feira, 1\u00ba de dezembro de 2016"},"content":{"rendered":"<h4><strong><em>Quinta-feira, 1\u00ba de dezembro de 2016 (6h do dia 30\/11 \u00e0s 6h do dia 01\/12)<\/em><\/strong><\/h4>\n<p>As unidades do SAMU realizaram 125 atendimentos em toda Macro Norte, 49 deles em Montes Claros. Foram 78 casos cl\u00ednicos, 30 acidentes de tr\u00e2nsito, 7 envolveram moto, 9 atendimentos psiqui\u00e1tricos, 10 atendimentos \u00e0 gestantes, 9 pessoas sofreram queda de pr\u00f3pria altura. <\/p>\n<p>Em Montes Claros foram 30 atendimentos cl\u00ednicos, 16 acidentes de tr\u00e2nsito, 4 envolvendo moto, 1 gestante atendida pelo SAMU, 3 pessoas sofreram queda de pr\u00f3pria altura e 2 atendimentos psiqui\u00e1tricos. At\u00e9 o momento do fechamento desse relat\u00f3rio nenhuma ocorr\u00eancia de tr\u00e2nsito em andamento. (Ascom Samu)<\/p>\n","protected":false},"excerpt":{"rendered":"<p>Quinta-feira, 1\u00ba de dezembro de 2016 (6h do dia 30\/11 \u00e0s 6h do dia 01\/12) As unidades do SAMU realizaram 125 atendimentos em toda Macro Norte, 49 deles em Montes Claros. Foram 78 casos cl\u00ednicos, 30 acidentes de tr\u00e2nsito, 7 envolveram moto, 9 atendimentos psiqui\u00e1tricos, 10 atendimentos \u00e0 gestantes, 9 pessoas sofreram queda de pr\u00f3pria [&hellip;]<\/p>\n","protected":false},"author":1,"featured_media":100947,"comment_status":"open","ping_status":"closed","sticky":false,"template":"","format":"standard","meta":{"amp_status":"","footnotes":""},"categories":[1236],"tags":[128362,13996,210,120003,19864,20605,128365,128364,128363,13995,83079],"class_list":["post-103189","post","type-post","status-publish","format-standard","has-post-thumbnail","hentry","category-norte_de_minas","tag-1o-de-dezembro-de-2016","tag-atendimentos-do-samu-em-montes-claros","tag-montes-claros","tag-ocorrencias-samu-montes-claros","tag-plantao-do-samu-em-montes-claros","tag-plantao-do-samu-no-norte-de-minas","tag-plantao-do-samu-no-norte-de-minas-1o-de-dezembro-de-2016","tag-plantao-do-samu-no-norte-de-minas-quinta-feira","tag-plantao-do-samu-no-norte-de-minas-quinta-feira-1o-de-dezembro-de-2016","tag-plantao-samu-macro-norte","tag-quinta-feira"],"yoast_head":"<!-- This site is optimized with the Yoast SEO plugin v28.3 - https:\/\/yoast.com\/product\/yoast-seo-wordpress\/ -->\n<title>Plant\u00e3o do Samu no Norte de Minas, quinta-feira, 1\u00ba de dezembro de 2016 - Aconteceu no Vale<\/title>\n<meta name=\"robots\" content=\"index, follow, max-snippet:-1, max-image-preview:large, max-video-preview:-1\" \/>\n<link rel=\"canonical\" href=\"https:\/\/aconteceunovale.com.br\/portal\/?p=103189\" \/>\n<meta property=\"og:locale\" content=\"pt_BR\" \/>\n<meta property=\"og:type\" content=\"article\" \/>\n<meta property=\"og:title\" content=\"Plant\u00e3o do Samu no Norte de Minas, quinta-feira, 1\u00ba de dezembro de 2016 - Aconteceu no Vale\" \/>\n<meta property=\"og:description\" content=\"Quinta-feira, 1\u00ba de dezembro de 2016 (6h do dia 30\/11 \u00e0s 6h do dia 01\/12) As unidades do SAMU realizaram 125 atendimentos em toda Macro Norte, 49 deles em Montes Claros. Foram 78 casos cl\u00ednicos, 30 acidentes de tr\u00e2nsito, 7 envolveram moto, 9 atendimentos psiqui\u00e1tricos, 10 atendimentos \u00e0 gestantes, 9 pessoas sofreram queda de pr\u00f3pria [&hellip;]\" \/>\n<meta property=\"og:url\" content=\"https:\/\/aconteceunovale.com.br\/portal\/?p=103189\" \/>\n<meta property=\"og:site_name\" content=\"Aconteceu no Vale\" \/>\n<meta property=\"article:publisher\" content=\"https:\/\/www.facebook.com\/aconteceunovale\/\" \/>\n<meta property=\"article:published_time\" content=\"2016-12-01T11:51:53+00:00\" \/>\n<meta property=\"og:image\" content=\"https:\/\/aconteceunovale.com.br\/portal\/wp-content\/uploads\/2016\/11\/plantao_samu.jpg\" \/>\n\t<meta property=\"og:image:width\" content=\"600\" \/>\n\t<meta property=\"og:image:height\" content=\"400\" \/>\n\t<meta property=\"og:image:type\" content=\"image\/jpeg\" \/>\n<meta name=\"author\" content=\"Aconteceu no Vale\" \/>\n<meta name=\"twitter:card\" content=\"summary_large_image\" \/>\n<meta name=\"twitter:creator\" content=\"@noticiadosvales\" \/>\n<meta name=\"twitter:site\" content=\"@noticiadosvales\" \/>\n<meta name=\"twitter:label1\" content=\"Escrito por\" \/>\n\t<meta name=\"twitter:data1\" content=\"Aconteceu no Vale\" \/>\n<script type=\"application\/ld+json\" class=\"yoast-schema-graph\">{\"@context\":\"https:\\\/\\\/schema.org\",\"@graph\":[{\"@type\":\"Article\",\"@id\":\"https:\\\/\\\/aconteceunovale.com.br\\\/portal\\\/?p=103189#article\",\"isPartOf\":{\"@id\":\"https:\\\/\\\/aconteceunovale.com.br\\\/portal\\\/?p=103189\"},\"author\":{\"name\":\"Aconteceu no Vale\",\"@id\":\"https:\\\/\\\/aconteceunovale.com.br\\\/portal\\\/#\\\/schema\\\/person\\\/633529146f2c94272bef50ac2953d589\"},\"headline\":\"Plant\u00e3o do Samu no Norte de Minas, quinta-feira, 1\u00ba de dezembro de 2016\",\"datePublished\":\"2016-12-01T11:51:53+00:00\",\"mainEntityOfPage\":{\"@id\":\"https:\\\/\\\/aconteceunovale.com.br\\\/portal\\\/?p=103189\"},\"wordCount\":105,\"commentCount\":0,\"image\":{\"@id\":\"https:\\\/\\\/aconteceunovale.com.br\\\/portal\\\/?p=103189#primaryimage\"},\"thumbnailUrl\":\"https:\\\/\\\/aconteceunovale.com.br\\\/portal\\\/wp-content\\\/uploads\\\/2016\\\/11\\\/plantao_samu.jpg\",\"keywords\":[\"1\u00ba de dezembro de 2016\",\"atendimentos do Samu em montes claros\",\"Montes Claros\",\"Ocorr\u00eancias SAMU Montes Claros\",\"plant\u00e3o do samu em montes claros\",\"plant\u00e3o do samu no norte de minas\",\"Plant\u00e3o do Samu no Norte de Minas 1\u00ba de dezembro de 2016\",\"Plant\u00e3o do Samu no Norte de Minas quinta-feira\",\"Plant\u00e3o do Samu no Norte de Minas quinta-feira 1\u00ba de dezembro de 2016\",\"Plant\u00e3o SAMU Macro Norte\",\"quinta-feira\"],\"articleSection\":[\"Norte de Minas\"],\"inLanguage\":\"pt-BR\",\"potentialAction\":[{\"@type\":\"CommentAction\",\"name\":\"Comment\",\"target\":[\"https:\\\/\\\/aconteceunovale.com.br\\\/portal\\\/?p=103189#respond\"]}]},{\"@type\":\"WebPage\",\"@id\":\"https:\\\/\\\/aconteceunovale.com.br\\\/portal\\\/?p=103189\",\"url\":\"https:\\\/\\\/aconteceunovale.com.br\\\/portal\\\/?p=103189\",\"name\":\"Plant\u00e3o do Samu no Norte de Minas, quinta-feira, 1\u00ba de dezembro de 2016 - Aconteceu no Vale\",\"isPartOf\":{\"@id\":\"https:\\\/\\\/aconteceunovale.com.br\\\/portal\\\/#website\"},\"primaryImageOfPage\":{\"@id\":\"https:\\\/\\\/aconteceunovale.com.br\\\/portal\\\/?p=103189#primaryimage\"},\"image\":{\"@id\":\"https:\\\/\\\/aconteceunovale.com.br\\\/portal\\\/?p=103189#primaryimage\"},\"thumbnailUrl\":\"https:\\\/\\\/aconteceunovale.com.br\\\/portal\\\/wp-content\\\/uploads\\\/2016\\\/11\\\/plantao_samu.jpg\",\"datePublished\":\"2016-12-01T11:51:53+00:00\",\"author\":{\"@id\":\"https:\\\/\\\/aconteceunovale.com.br\\\/portal\\\/#\\\/schema\\\/person\\\/633529146f2c94272bef50ac2953d589\"},\"breadcrumb\":{\"@id\":\"https:\\\/\\\/aconteceunovale.com.br\\\/portal\\\/?p=103189#breadcrumb\"},\"inLanguage\":\"pt-BR\",\"potentialAction\":[{\"@type\":\"ReadAction\",\"target\":[\"https:\\\/\\\/aconteceunovale.com.br\\\/portal\\\/?p=103189\"]}]},{\"@type\":\"ImageObject\",\"inLanguage\":\"pt-BR\",\"@id\":\"https:\\\/\\\/aconteceunovale.com.br\\\/portal\\\/?p=103189#primaryimage\",\"url\":\"https:\\\/\\\/aconteceunovale.com.br\\\/portal\\\/wp-content\\\/uploads\\\/2016\\\/11\\\/plantao_samu.jpg\",\"contentUrl\":\"https:\\\/\\\/aconteceunovale.com.br\\\/portal\\\/wp-content\\\/uploads\\\/2016\\\/11\\\/plantao_samu.jpg\",\"width\":600,\"height\":400},{\"@type\":\"BreadcrumbList\",\"@id\":\"https:\\\/\\\/aconteceunovale.com.br\\\/portal\\\/?p=103189#breadcrumb\",\"itemListElement\":[{\"@type\":\"ListItem\",\"position\":1,\"name\":\"In\u00edcio\",\"item\":\"https:\\\/\\\/aconteceunovale.com.br\\\/portal\\\/\"},{\"@type\":\"ListItem\",\"position\":2,\"name\":\"Plant\u00e3o do Samu no Norte de Minas, quinta-feira, 1\u00ba de dezembro de 2016\"}]},{\"@type\":\"WebSite\",\"@id\":\"https:\\\/\\\/aconteceunovale.com.br\\\/portal\\\/#website\",\"url\":\"https:\\\/\\\/aconteceunovale.com.br\\\/portal\\\/\",\"name\":\"Aconteceu no Vale\",\"description\":\"Portal de Not\u00edcias\",\"potentialAction\":[{\"@type\":\"SearchAction\",\"target\":{\"@type\":\"EntryPoint\",\"urlTemplate\":\"https:\\\/\\\/aconteceunovale.com.br\\\/portal\\\/?s={search_term_string}\"},\"query-input\":{\"@type\":\"PropertyValueSpecification\",\"valueRequired\":true,\"valueName\":\"search_term_string\"}}],\"inLanguage\":\"pt-BR\"},{\"@type\":\"Person\",\"@id\":\"https:\\\/\\\/aconteceunovale.com.br\\\/portal\\\/#\\\/schema\\\/person\\\/633529146f2c94272bef50ac2953d589\",\"name\":\"Aconteceu no Vale\",\"description\":\"Equipe de reportagem do Aconteceu no Vale, portal de not\u00edcias do Vale do Jequitinhonha, em Minas Gerais. Cobrimos as 51 cidades do Vale desde 2013. Sugest\u00f5es de pauta e pedidos de corre\u00e7\u00e3o: contato@aconteceunovale.com.br\",\"sameAs\":[\"http:\\\/\\\/www.aconteceunovale.com.br\"],\"url\":\"https:\\\/\\\/aconteceunovale.com.br\\\/portal\\\/?author=1\"}]}<\/script>\n<!-- \/ Yoast SEO plugin. -->","yoast_head_json":{"title":"Plant\u00e3o do Samu no Norte de Minas, quinta-feira, 1\u00ba de dezembro de 2016 - Aconteceu no Vale","robots":{"index":"index","follow":"follow","max-snippet":"max-snippet:-1","max-image-preview":"max-image-preview:large","max-video-preview":"max-video-preview:-1"},"canonical":"https:\/\/aconteceunovale.com.br\/portal\/?p=103189","og_locale":"pt_BR","og_type":"article","og_title":"Plant\u00e3o do Samu no Norte de Minas, quinta-feira, 1\u00ba de dezembro de 2016 - Aconteceu no Vale","og_description":"Quinta-feira, 1\u00ba de dezembro de 2016 (6h do dia 30\/11 \u00e0s 6h do dia 01\/12) As unidades do SAMU realizaram 125 atendimentos em toda Macro Norte, 49 deles em Montes Claros. Foram 78 casos cl\u00ednicos, 30 acidentes de tr\u00e2nsito, 7 envolveram moto, 9 atendimentos psiqui\u00e1tricos, 10 atendimentos \u00e0 gestantes, 9 pessoas sofreram queda de pr\u00f3pria [&hellip;]","og_url":"https:\/\/aconteceunovale.com.br\/portal\/?p=103189","og_site_name":"Aconteceu no Vale","article_publisher":"https:\/\/www.facebook.com\/aconteceunovale\/","article_published_time":"2016-12-01T11:51:53+00:00","og_image":[{"width":600,"height":400,"url":"https:\/\/aconteceunovale.com.br\/portal\/wp-content\/uploads\/2016\/11\/plantao_samu.jpg","type":"image\/jpeg"}],"author":"Aconteceu no Vale","twitter_card":"summary_large_image","twitter_creator":"@noticiadosvales","twitter_site":"@noticiadosvales","twitter_misc":{"Escrito por":"Aconteceu no Vale"},"schema":{"@context":"https:\/\/schema.org","@graph":[{"@type":"Article","@id":"https:\/\/aconteceunovale.com.br\/portal\/?p=103189#article","isPartOf":{"@id":"https:\/\/aconteceunovale.com.br\/portal\/?p=103189"},"author":{"name":"Aconteceu no Vale","@id":"https:\/\/aconteceunovale.com.br\/portal\/#\/schema\/person\/633529146f2c94272bef50ac2953d589"},"headline":"Plant\u00e3o do Samu no Norte de Minas, quinta-feira, 1\u00ba de dezembro de 2016","datePublished":"2016-12-01T11:51:53+00:00","mainEntityOfPage":{"@id":"https:\/\/aconteceunovale.com.br\/portal\/?p=103189"},"wordCount":105,"commentCount":0,"image":{"@id":"https:\/\/aconteceunovale.com.br\/portal\/?p=103189#primaryimage"},"thumbnailUrl":"https:\/\/aconteceunovale.com.br\/portal\/wp-content\/uploads\/2016\/11\/plantao_samu.jpg","keywords":["1\u00ba de dezembro de 2016","atendimentos do Samu em montes claros","Montes Claros","Ocorr\u00eancias SAMU Montes Claros","plant\u00e3o do samu em montes claros","plant\u00e3o do samu no norte de minas","Plant\u00e3o do Samu no Norte de Minas 1\u00ba de dezembro de 2016","Plant\u00e3o do Samu no Norte de Minas quinta-feira","Plant\u00e3o do Samu no Norte de Minas quinta-feira 1\u00ba de dezembro de 2016","Plant\u00e3o SAMU Macro Norte","quinta-feira"],"articleSection":["Norte de Minas"],"inLanguage":"pt-BR","potentialAction":[{"@type":"CommentAction","name":"Comment","target":["https:\/\/aconteceunovale.com.br\/portal\/?p=103189#respond"]}]},{"@type":"WebPage","@id":"https:\/\/aconteceunovale.com.br\/portal\/?p=103189","url":"https:\/\/aconteceunovale.com.br\/portal\/?p=103189","name":"Plant\u00e3o do Samu no Norte de Minas, quinta-feira, 1\u00ba de dezembro de 2016 - Aconteceu no Vale","isPartOf":{"@id":"https:\/\/aconteceunovale.com.br\/portal\/#website"},"primaryImageOfPage":{"@id":"https:\/\/aconteceunovale.com.br\/portal\/?p=103189#primaryimage"},"image":{"@id":"https:\/\/aconteceunovale.com.br\/portal\/?p=103189#primaryimage"},"thumbnailUrl":"https:\/\/aconteceunovale.com.br\/portal\/wp-content\/uploads\/2016\/11\/plantao_samu.jpg","datePublished":"2016-12-01T11:51:53+00:00","author":{"@id":"https:\/\/aconteceunovale.com.br\/portal\/#\/schema\/person\/633529146f2c94272bef50ac2953d589"},"breadcrumb":{"@id":"https:\/\/aconteceunovale.com.br\/portal\/?p=103189#breadcrumb"},"inLanguage":"pt-BR","potentialAction":[{"@type":"ReadAction","target":["https:\/\/aconteceunovale.com.br\/portal\/?p=103189"]}]},{"@type":"ImageObject","inLanguage":"pt-BR","@id":"https:\/\/aconteceunovale.com.br\/portal\/?p=103189#primaryimage","url":"https:\/\/aconteceunovale.com.br\/portal\/wp-content\/uploads\/2016\/11\/plantao_samu.jpg","contentUrl":"https:\/\/aconteceunovale.com.br\/portal\/wp-content\/uploads\/2016\/11\/plantao_samu.jpg","width":600,"height":400},{"@type":"BreadcrumbList","@id":"https:\/\/aconteceunovale.com.br\/portal\/?p=103189#breadcrumb","itemListElement":[{"@type":"ListItem","position":1,"name":"In\u00edcio","item":"https:\/\/aconteceunovale.com.br\/portal\/"},{"@type":"ListItem","position":2,"name":"Plant\u00e3o do Samu no Norte de Minas, quinta-feira, 1\u00ba de dezembro de 2016"}]},{"@type":"WebSite","@id":"https:\/\/aconteceunovale.com.br\/portal\/#website","url":"https:\/\/aconteceunovale.com.br\/portal\/","name":"Aconteceu no Vale","description":"Portal de Not\u00edcias","potentialAction":[{"@type":"SearchAction","target":{"@type":"EntryPoint","urlTemplate":"https:\/\/aconteceunovale.com.br\/portal\/?s={search_term_string}"},"query-input":{"@type":"PropertyValueSpecification","valueRequired":true,"valueName":"search_term_string"}}],"inLanguage":"pt-BR"},{"@type":"Person","@id":"https:\/\/aconteceunovale.com.br\/portal\/#\/schema\/person\/633529146f2c94272bef50ac2953d589","name":"Aconteceu no Vale","description":"Equipe de reportagem do Aconteceu no Vale, portal de not\u00edcias do Vale do Jequitinhonha, em Minas Gerais. Cobrimos as 51 cidades do Vale desde 2013. Sugest\u00f5es de pauta e pedidos de corre\u00e7\u00e3o: contato@aconteceunovale.com.br","sameAs":["http:\/\/www.aconteceunovale.com.br"],"url":"https:\/\/aconteceunovale.com.br\/portal\/?author=1"}]}},"_links":{"self":[{"href":"https:\/\/aconteceunovale.com.br\/portal\/index.php?rest_route=\/wp\/v2\/posts\/103189","targetHints":{"allow":["GET"]}}],"collection":[{"href":"https:\/\/aconteceunovale.com.br\/portal\/index.php?rest_route=\/wp\/v2\/posts"}],"about":[{"href":"https:\/\/aconteceunovale.com.br\/portal\/index.php?rest_route=\/wp\/v2\/types\/post"}],"author":[{"embeddable":true,"href":"https:\/\/aconteceunovale.com.br\/portal\/index.php?rest_route=\/wp\/v2\/users\/1"}],"replies":[{"embeddable":true,"href":"https:\/\/aconteceunovale.com.br\/portal\/index.php?rest_route=%2Fwp%2Fv2%2Fcomments&post=103189"}],"version-history":[{"count":0,"href":"https:\/\/aconteceunovale.com.br\/portal\/index.php?rest_route=\/wp\/v2\/posts\/103189\/revisions"}],"wp:featuredmedia":[{"embeddable":true,"href":"https:\/\/aconteceunovale.com.br\/portal\/index.php?rest_route=\/wp\/v2\/media\/100947"}],"wp:attachment":[{"href":"https:\/\/aconteceunovale.com.br\/portal\/index.php?rest_route=%2Fwp%2Fv2%2Fmedia&parent=103189"}],"wp:term":[{"taxonomy":"category","embeddable":true,"href":"https:\/\/aconteceunovale.com.br\/portal\/index.php?rest_route=%2Fwp%2Fv2%2Fcategories&post=103189"},{"taxonomy":"post_tag","embeddable":true,"href":"https:\/\/aconteceunovale.com.br\/portal\/index.php?rest_route=%2Fwp%2Fv2%2Ftags&post=103189"}],"curies":[{"name":"wp","href":"https:\/\/api.w.org\/{rel}","templated":true}]}}