{"id":103187,"date":"2016-12-01T09:44:53","date_gmt":"2016-12-01T11:44:53","guid":{"rendered":"http:\/\/aconteceunovale.com.br\/portal\/?p=103187"},"modified":"2016-12-01T09:44:53","modified_gmt":"2016-12-01T11:44:53","slug":"previsao-do-tempo-para-minas-gerais-nesta-quinta-feira-1o-de-dezembro","status":"publish","type":"post","link":"https:\/\/aconteceunovale.com.br\/portal\/?p=103187","title":{"rendered":"Previs\u00e3o do tempo para Minas Gerais, nesta quinta-feira, 1\u00ba de dezembro"},"content":{"rendered":"<h4><strong><em>A temperatura sofre um decl\u00ednio nos munic\u00edpios situados na \u00e1rea Central, Sul e Sudeste do estado.<\/em><\/strong><\/h4>\n<p>A frente fria perde for\u00e7a em Minas Gerais e a chuva deve ocorrer com menor intensidade nesta quinta-feira. Tempo ainda segue inst\u00e1vel com previs\u00e3o de chuva em todas as regi\u00f5es, sendo que no Tri\u00e2ngulo Mineiro ainda pode chover forte com raios e rajadas de vento. A temperatura sofre um decl\u00ednio nos munic\u00edpios situados na \u00e1rea Central, Sul e Sudeste do estado, por causa da chegada de um ar mais frio.<\/p>\n<p>No Sul de Minas temperatura m\u00ednima pela manh\u00e3 de 11\u00b0C. Na Regi\u00e3o Metropolitana de Belo Horizonte e na capital mineira, o dia ser\u00e1 de c\u00e9u encoberto com possibilidade de chuva a qualquer hora do dia. Temperatura m\u00ednima 15\u00b0C e m\u00e1xima 25\u00b0C, com umidade relativa do ar em torno de 60% \u00e0 tarde em BH.<\/p>\n","protected":false},"excerpt":{"rendered":"<p>A temperatura sofre um decl\u00ednio nos munic\u00edpios situados na \u00e1rea Central, Sul e Sudeste do estado. A frente fria perde for\u00e7a em Minas Gerais e a chuva deve ocorrer com menor intensidade nesta quinta-feira. Tempo ainda segue inst\u00e1vel com previs\u00e3o de chuva em todas as regi\u00f5es, sendo que no Tri\u00e2ngulo Mineiro ainda pode chover forte [&hellip;]<\/p>\n","protected":false},"author":1,"featured_media":101017,"comment_status":"open","ping_status":"closed","sticky":false,"template":"","format":"standard","meta":{"amp_status":"","footnotes":""},"categories":[123],"tags":[128356,194,131,37346,1956,27340,128361,86092,128360,1839,128358,29257,128357,128359],"class_list":["post-103187","post","type-post","status-publish","format-standard","has-post-thumbnail","hentry","category-gerais","tag-1o-de-dezembro","tag-belo-horizonte","tag-minas-gerais","tag-nesta-quinta-feira","tag-previsao-do-tempo","tag-previsao-do-tempo-para-belo-horizonte","tag-previsao-do-tempo-para-belo-horizonte-1o-de-dezembro","tag-previsao-do-tempo-para-belo-horizonte-nesta-quinta-feira","tag-previsao-do-tempo-para-belo-horizonte-nesta-quinta-feira-1o-de-dezembro","tag-previsao-do-tempo-para-minas-gerais","tag-previsao-do-tempo-para-minas-gerais-1o-de-dezembro","tag-previsao-do-tempo-para-minas-gerais-nesta-quinta-feira","tag-previsao-do-tempo-para-minas-gerais-nesta-quinta-feira-1o-de-dezembro","tag-quinta-feira-1o-de-dezembro"],"yoast_head":"<!-- This site is optimized with the Yoast SEO plugin v28.3 - https:\/\/yoast.com\/product\/yoast-seo-wordpress\/ -->\n<title>Previs\u00e3o do tempo para Minas Gerais, nesta quinta-feira, 1\u00ba de dezembro - Aconteceu no Vale<\/title>\n<meta name=\"robots\" content=\"index, follow, max-snippet:-1, max-image-preview:large, max-video-preview:-1\" \/>\n<link rel=\"canonical\" href=\"https:\/\/aconteceunovale.com.br\/portal\/?p=103187\" \/>\n<meta property=\"og:locale\" content=\"pt_BR\" \/>\n<meta property=\"og:type\" content=\"article\" \/>\n<meta property=\"og:title\" content=\"Previs\u00e3o do tempo para Minas Gerais, nesta quinta-feira, 1\u00ba de dezembro - Aconteceu no Vale\" \/>\n<meta property=\"og:description\" content=\"A temperatura sofre um decl\u00ednio nos munic\u00edpios situados na \u00e1rea Central, Sul e Sudeste do estado. A frente fria perde for\u00e7a em Minas Gerais e a chuva deve ocorrer com menor intensidade nesta quinta-feira. Tempo ainda segue inst\u00e1vel com previs\u00e3o de chuva em todas as regi\u00f5es, sendo que no Tri\u00e2ngulo Mineiro ainda pode chover forte [&hellip;]\" \/>\n<meta property=\"og:url\" content=\"https:\/\/aconteceunovale.com.br\/portal\/?p=103187\" \/>\n<meta property=\"og:site_name\" content=\"Aconteceu no Vale\" \/>\n<meta property=\"article:publisher\" content=\"https:\/\/www.facebook.com\/aconteceunovale\/\" \/>\n<meta property=\"article:published_time\" content=\"2016-12-01T11:44:53+00:00\" \/>\n<meta property=\"og:image\" content=\"https:\/\/aconteceunovale.com.br\/portal\/wp-content\/uploads\/2016\/11\/previsao_do_tempo.jpg\" \/>\n\t<meta property=\"og:image:width\" content=\"537\" \/>\n\t<meta property=\"og:image:height\" content=\"338\" \/>\n\t<meta property=\"og:image:type\" content=\"image\/jpeg\" \/>\n<meta name=\"author\" content=\"Aconteceu no Vale\" \/>\n<meta name=\"twitter:card\" content=\"summary_large_image\" \/>\n<meta name=\"twitter:creator\" content=\"@noticiadosvales\" \/>\n<meta name=\"twitter:site\" content=\"@noticiadosvales\" \/>\n<meta name=\"twitter:label1\" content=\"Escrito por\" \/>\n\t<meta name=\"twitter:data1\" content=\"Aconteceu no Vale\" \/>\n\t<meta name=\"twitter:label2\" content=\"Est. tempo de leitura\" \/>\n\t<meta name=\"twitter:data2\" content=\"1 minuto\" \/>\n<script type=\"application\/ld+json\" class=\"yoast-schema-graph\">{\"@context\":\"https:\\\/\\\/schema.org\",\"@graph\":[{\"@type\":\"Article\",\"@id\":\"https:\\\/\\\/aconteceunovale.com.br\\\/portal\\\/?p=103187#article\",\"isPartOf\":{\"@id\":\"https:\\\/\\\/aconteceunovale.com.br\\\/portal\\\/?p=103187\"},\"author\":{\"name\":\"Aconteceu no Vale\",\"@id\":\"https:\\\/\\\/aconteceunovale.com.br\\\/portal\\\/#\\\/schema\\\/person\\\/633529146f2c94272bef50ac2953d589\"},\"headline\":\"Previs\u00e3o do tempo para Minas Gerais, nesta quinta-feira, 1\u00ba de dezembro\",\"datePublished\":\"2016-12-01T11:44:53+00:00\",\"mainEntityOfPage\":{\"@id\":\"https:\\\/\\\/aconteceunovale.com.br\\\/portal\\\/?p=103187\"},\"wordCount\":163,\"commentCount\":0,\"image\":{\"@id\":\"https:\\\/\\\/aconteceunovale.com.br\\\/portal\\\/?p=103187#primaryimage\"},\"thumbnailUrl\":\"https:\\\/\\\/aconteceunovale.com.br\\\/portal\\\/wp-content\\\/uploads\\\/2016\\\/11\\\/previsao_do_tempo.jpg\",\"keywords\":[\"1\u00ba de dezembro\",\"Belo Horizonte\",\"Minas Gerais\",\"nesta quinta-feira\",\"previs\u00e3o do tempo\",\"Previs\u00e3o do tempo para belo horizonte\",\"Previs\u00e3o do tempo para Belo Horizonte 1\u00ba de dezembro\",\"Previs\u00e3o do tempo para Belo Horizonte nesta quinta-feira\",\"Previs\u00e3o do tempo para Belo Horizonte nesta quinta-feira 1\u00ba de dezembro\",\"previs\u00e3o do tempo para minas gerais\",\"Previs\u00e3o do tempo para Minas Gerais 1\u00ba de dezembro\",\"Previs\u00e3o do tempo para Minas Gerais nesta quinta-feira\",\"Previs\u00e3o do tempo para Minas Gerais nesta quinta-feira 1\u00ba de dezembro\",\"quinta-feira 1\u00ba de dezembro\"],\"articleSection\":[\"Minas Gerais\"],\"inLanguage\":\"pt-BR\",\"potentialAction\":[{\"@type\":\"CommentAction\",\"name\":\"Comment\",\"target\":[\"https:\\\/\\\/aconteceunovale.com.br\\\/portal\\\/?p=103187#respond\"]}]},{\"@type\":\"WebPage\",\"@id\":\"https:\\\/\\\/aconteceunovale.com.br\\\/portal\\\/?p=103187\",\"url\":\"https:\\\/\\\/aconteceunovale.com.br\\\/portal\\\/?p=103187\",\"name\":\"Previs\u00e3o do tempo para Minas Gerais, nesta quinta-feira, 1\u00ba de dezembro - Aconteceu no Vale\",\"isPartOf\":{\"@id\":\"https:\\\/\\\/aconteceunovale.com.br\\\/portal\\\/#website\"},\"primaryImageOfPage\":{\"@id\":\"https:\\\/\\\/aconteceunovale.com.br\\\/portal\\\/?p=103187#primaryimage\"},\"image\":{\"@id\":\"https:\\\/\\\/aconteceunovale.com.br\\\/portal\\\/?p=103187#primaryimage\"},\"thumbnailUrl\":\"https:\\\/\\\/aconteceunovale.com.br\\\/portal\\\/wp-content\\\/uploads\\\/2016\\\/11\\\/previsao_do_tempo.jpg\",\"datePublished\":\"2016-12-01T11:44:53+00:00\",\"author\":{\"@id\":\"https:\\\/\\\/aconteceunovale.com.br\\\/portal\\\/#\\\/schema\\\/person\\\/633529146f2c94272bef50ac2953d589\"},\"breadcrumb\":{\"@id\":\"https:\\\/\\\/aconteceunovale.com.br\\\/portal\\\/?p=103187#breadcrumb\"},\"inLanguage\":\"pt-BR\",\"potentialAction\":[{\"@type\":\"ReadAction\",\"target\":[\"https:\\\/\\\/aconteceunovale.com.br\\\/portal\\\/?p=103187\"]}]},{\"@type\":\"ImageObject\",\"inLanguage\":\"pt-BR\",\"@id\":\"https:\\\/\\\/aconteceunovale.com.br\\\/portal\\\/?p=103187#primaryimage\",\"url\":\"https:\\\/\\\/aconteceunovale.com.br\\\/portal\\\/wp-content\\\/uploads\\\/2016\\\/11\\\/previsao_do_tempo.jpg\",\"contentUrl\":\"https:\\\/\\\/aconteceunovale.com.br\\\/portal\\\/wp-content\\\/uploads\\\/2016\\\/11\\\/previsao_do_tempo.jpg\",\"width\":537,\"height\":338},{\"@type\":\"BreadcrumbList\",\"@id\":\"https:\\\/\\\/aconteceunovale.com.br\\\/portal\\\/?p=103187#breadcrumb\",\"itemListElement\":[{\"@type\":\"ListItem\",\"position\":1,\"name\":\"In\u00edcio\",\"item\":\"https:\\\/\\\/aconteceunovale.com.br\\\/portal\\\/\"},{\"@type\":\"ListItem\",\"position\":2,\"name\":\"Previs\u00e3o do tempo para Minas Gerais, nesta quinta-feira, 1\u00ba de dezembro\"}]},{\"@type\":\"WebSite\",\"@id\":\"https:\\\/\\\/aconteceunovale.com.br\\\/portal\\\/#website\",\"url\":\"https:\\\/\\\/aconteceunovale.com.br\\\/portal\\\/\",\"name\":\"Aconteceu no Vale\",\"description\":\"Portal de Not\u00edcias\",\"potentialAction\":[{\"@type\":\"SearchAction\",\"target\":{\"@type\":\"EntryPoint\",\"urlTemplate\":\"https:\\\/\\\/aconteceunovale.com.br\\\/portal\\\/?s={search_term_string}\"},\"query-input\":{\"@type\":\"PropertyValueSpecification\",\"valueRequired\":true,\"valueName\":\"search_term_string\"}}],\"inLanguage\":\"pt-BR\"},{\"@type\":\"Person\",\"@id\":\"https:\\\/\\\/aconteceunovale.com.br\\\/portal\\\/#\\\/schema\\\/person\\\/633529146f2c94272bef50ac2953d589\",\"name\":\"Aconteceu no Vale\",\"description\":\"Equipe de reportagem do Aconteceu no Vale, portal de not\u00edcias do Vale do Jequitinhonha, em Minas Gerais. Cobrimos as 51 cidades do Vale desde 2013. Sugest\u00f5es de pauta e pedidos de corre\u00e7\u00e3o: contato@aconteceunovale.com.br\",\"sameAs\":[\"http:\\\/\\\/www.aconteceunovale.com.br\"],\"url\":\"https:\\\/\\\/aconteceunovale.com.br\\\/portal\\\/?author=1\"}]}<\/script>\n<!-- \/ Yoast SEO plugin. -->","yoast_head_json":{"title":"Previs\u00e3o do tempo para Minas Gerais, nesta quinta-feira, 1\u00ba de dezembro - Aconteceu no Vale","robots":{"index":"index","follow":"follow","max-snippet":"max-snippet:-1","max-image-preview":"max-image-preview:large","max-video-preview":"max-video-preview:-1"},"canonical":"https:\/\/aconteceunovale.com.br\/portal\/?p=103187","og_locale":"pt_BR","og_type":"article","og_title":"Previs\u00e3o do tempo para Minas Gerais, nesta quinta-feira, 1\u00ba de dezembro - Aconteceu no Vale","og_description":"A temperatura sofre um decl\u00ednio nos munic\u00edpios situados na \u00e1rea Central, Sul e Sudeste do estado. A frente fria perde for\u00e7a em Minas Gerais e a chuva deve ocorrer com menor intensidade nesta quinta-feira. Tempo ainda segue inst\u00e1vel com previs\u00e3o de chuva em todas as regi\u00f5es, sendo que no Tri\u00e2ngulo Mineiro ainda pode chover forte [&hellip;]","og_url":"https:\/\/aconteceunovale.com.br\/portal\/?p=103187","og_site_name":"Aconteceu no Vale","article_publisher":"https:\/\/www.facebook.com\/aconteceunovale\/","article_published_time":"2016-12-01T11:44:53+00:00","og_image":[{"width":537,"height":338,"url":"https:\/\/aconteceunovale.com.br\/portal\/wp-content\/uploads\/2016\/11\/previsao_do_tempo.jpg","type":"image\/jpeg"}],"author":"Aconteceu no Vale","twitter_card":"summary_large_image","twitter_creator":"@noticiadosvales","twitter_site":"@noticiadosvales","twitter_misc":{"Escrito por":"Aconteceu no Vale","Est. tempo de leitura":"1 minuto"},"schema":{"@context":"https:\/\/schema.org","@graph":[{"@type":"Article","@id":"https:\/\/aconteceunovale.com.br\/portal\/?p=103187#article","isPartOf":{"@id":"https:\/\/aconteceunovale.com.br\/portal\/?p=103187"},"author":{"name":"Aconteceu no Vale","@id":"https:\/\/aconteceunovale.com.br\/portal\/#\/schema\/person\/633529146f2c94272bef50ac2953d589"},"headline":"Previs\u00e3o do tempo para Minas Gerais, nesta quinta-feira, 1\u00ba de dezembro","datePublished":"2016-12-01T11:44:53+00:00","mainEntityOfPage":{"@id":"https:\/\/aconteceunovale.com.br\/portal\/?p=103187"},"wordCount":163,"commentCount":0,"image":{"@id":"https:\/\/aconteceunovale.com.br\/portal\/?p=103187#primaryimage"},"thumbnailUrl":"https:\/\/aconteceunovale.com.br\/portal\/wp-content\/uploads\/2016\/11\/previsao_do_tempo.jpg","keywords":["1\u00ba de dezembro","Belo Horizonte","Minas Gerais","nesta quinta-feira","previs\u00e3o do tempo","Previs\u00e3o do tempo para belo horizonte","Previs\u00e3o do tempo para Belo Horizonte 1\u00ba de dezembro","Previs\u00e3o do tempo para Belo Horizonte nesta quinta-feira","Previs\u00e3o do tempo para Belo Horizonte nesta quinta-feira 1\u00ba de dezembro","previs\u00e3o do tempo para minas gerais","Previs\u00e3o do tempo para Minas Gerais 1\u00ba de dezembro","Previs\u00e3o do tempo para Minas Gerais nesta quinta-feira","Previs\u00e3o do tempo para Minas Gerais nesta quinta-feira 1\u00ba de dezembro","quinta-feira 1\u00ba de dezembro"],"articleSection":["Minas Gerais"],"inLanguage":"pt-BR","potentialAction":[{"@type":"CommentAction","name":"Comment","target":["https:\/\/aconteceunovale.com.br\/portal\/?p=103187#respond"]}]},{"@type":"WebPage","@id":"https:\/\/aconteceunovale.com.br\/portal\/?p=103187","url":"https:\/\/aconteceunovale.com.br\/portal\/?p=103187","name":"Previs\u00e3o do tempo para Minas Gerais, nesta quinta-feira, 1\u00ba de dezembro - Aconteceu no Vale","isPartOf":{"@id":"https:\/\/aconteceunovale.com.br\/portal\/#website"},"primaryImageOfPage":{"@id":"https:\/\/aconteceunovale.com.br\/portal\/?p=103187#primaryimage"},"image":{"@id":"https:\/\/aconteceunovale.com.br\/portal\/?p=103187#primaryimage"},"thumbnailUrl":"https:\/\/aconteceunovale.com.br\/portal\/wp-content\/uploads\/2016\/11\/previsao_do_tempo.jpg","datePublished":"2016-12-01T11:44:53+00:00","author":{"@id":"https:\/\/aconteceunovale.com.br\/portal\/#\/schema\/person\/633529146f2c94272bef50ac2953d589"},"breadcrumb":{"@id":"https:\/\/aconteceunovale.com.br\/portal\/?p=103187#breadcrumb"},"inLanguage":"pt-BR","potentialAction":[{"@type":"ReadAction","target":["https:\/\/aconteceunovale.com.br\/portal\/?p=103187"]}]},{"@type":"ImageObject","inLanguage":"pt-BR","@id":"https:\/\/aconteceunovale.com.br\/portal\/?p=103187#primaryimage","url":"https:\/\/aconteceunovale.com.br\/portal\/wp-content\/uploads\/2016\/11\/previsao_do_tempo.jpg","contentUrl":"https:\/\/aconteceunovale.com.br\/portal\/wp-content\/uploads\/2016\/11\/previsao_do_tempo.jpg","width":537,"height":338},{"@type":"BreadcrumbList","@id":"https:\/\/aconteceunovale.com.br\/portal\/?p=103187#breadcrumb","itemListElement":[{"@type":"ListItem","position":1,"name":"In\u00edcio","item":"https:\/\/aconteceunovale.com.br\/portal\/"},{"@type":"ListItem","position":2,"name":"Previs\u00e3o do tempo para Minas Gerais, nesta quinta-feira, 1\u00ba de dezembro"}]},{"@type":"WebSite","@id":"https:\/\/aconteceunovale.com.br\/portal\/#website","url":"https:\/\/aconteceunovale.com.br\/portal\/","name":"Aconteceu no Vale","description":"Portal de Not\u00edcias","potentialAction":[{"@type":"SearchAction","target":{"@type":"EntryPoint","urlTemplate":"https:\/\/aconteceunovale.com.br\/portal\/?s={search_term_string}"},"query-input":{"@type":"PropertyValueSpecification","valueRequired":true,"valueName":"search_term_string"}}],"inLanguage":"pt-BR"},{"@type":"Person","@id":"https:\/\/aconteceunovale.com.br\/portal\/#\/schema\/person\/633529146f2c94272bef50ac2953d589","name":"Aconteceu no Vale","description":"Equipe de reportagem do Aconteceu no Vale, portal de not\u00edcias do Vale do Jequitinhonha, em Minas Gerais. Cobrimos as 51 cidades do Vale desde 2013. Sugest\u00f5es de pauta e pedidos de corre\u00e7\u00e3o: contato@aconteceunovale.com.br","sameAs":["http:\/\/www.aconteceunovale.com.br"],"url":"https:\/\/aconteceunovale.com.br\/portal\/?author=1"}]}},"_links":{"self":[{"href":"https:\/\/aconteceunovale.com.br\/portal\/index.php?rest_route=\/wp\/v2\/posts\/103187","targetHints":{"allow":["GET"]}}],"collection":[{"href":"https:\/\/aconteceunovale.com.br\/portal\/index.php?rest_route=\/wp\/v2\/posts"}],"about":[{"href":"https:\/\/aconteceunovale.com.br\/portal\/index.php?rest_route=\/wp\/v2\/types\/post"}],"author":[{"embeddable":true,"href":"https:\/\/aconteceunovale.com.br\/portal\/index.php?rest_route=\/wp\/v2\/users\/1"}],"replies":[{"embeddable":true,"href":"https:\/\/aconteceunovale.com.br\/portal\/index.php?rest_route=%2Fwp%2Fv2%2Fcomments&post=103187"}],"version-history":[{"count":0,"href":"https:\/\/aconteceunovale.com.br\/portal\/index.php?rest_route=\/wp\/v2\/posts\/103187\/revisions"}],"wp:featuredmedia":[{"embeddable":true,"href":"https:\/\/aconteceunovale.com.br\/portal\/index.php?rest_route=\/wp\/v2\/media\/101017"}],"wp:attachment":[{"href":"https:\/\/aconteceunovale.com.br\/portal\/index.php?rest_route=%2Fwp%2Fv2%2Fmedia&parent=103187"}],"wp:term":[{"taxonomy":"category","embeddable":true,"href":"https:\/\/aconteceunovale.com.br\/portal\/index.php?rest_route=%2Fwp%2Fv2%2Fcategories&post=103187"},{"taxonomy":"post_tag","embeddable":true,"href":"https:\/\/aconteceunovale.com.br\/portal\/index.php?rest_route=%2Fwp%2Fv2%2Ftags&post=103187"}],"curies":[{"name":"wp","href":"https:\/\/api.w.org\/{rel}","templated":true}]}}