{"id":103176,"date":"2016-11-30T20:13:17","date_gmt":"2016-11-30T22:13:17","guid":{"rendered":"http:\/\/aconteceunovale.com.br\/portal\/?p=103176"},"modified":"2016-11-30T20:13:17","modified_gmt":"2016-11-30T22:13:17","slug":"grupo-e-preso-apos-roubar-carro-e-trocar-tiros-com-a-policia-militar-em-montes-claros","status":"publish","type":"post","link":"https:\/\/aconteceunovale.com.br\/portal\/?p=103176","title":{"rendered":"Grupo \u00e9 preso ap\u00f3s roubar carro e trocar tiros com a Pol\u00edcia Militar em Montes Claros"},"content":{"rendered":"<p>Tr\u00eas homens, de 19, 22 e 29 anos, foram presos depois de roubar um carro e trocar tiros com a Pol\u00edcia Militar (PM) em Montes Claros, no Norte de Minas, nessa ter\u00e7a-feira (29\/11\/2016). Uma submetralhadora e uma pistola foram apreendidas com eles. A PM ainda faz buscas por outros envolvidos nessa quarta-feira (30).<\/p>\n<p>Segundo as informa\u00e7\u00f5es da PM, os criminosos chegaram de moto na Rua Lagoa Baixa, no Carmelo, e roubaram um autom\u00f3vel. Durante as buscas os militares visualizaram os assaltantes fugindo em alta velocidade pela Rua Imperatriz Leopoldina, sentido ao Anel Rodovi\u00e1rio.<\/p>\n<p>De acordo com a PM, j\u00e1 na rodovia que d\u00e1 acesso a Pirapora, o grupo atirou contra os militares, que revidaram. Ningu\u00e9m ficou ferido. Depois de abandonar o carro roubado os criminosos fugiram por um matagal, mas acabaram presos. H\u00e1 informa\u00e7\u00f5es de que outro ve\u00edculo alugado iria dar fuga para o grupo.<\/p>\n<p><img decoding=\"async\" src=\"http:\/\/aconteceunovale.com.br\/portal\/wp-content\/uploads\/2016\/11\/assalto_moc_2.jpg\" alt=\"\" \/><em>Arma apreendida pelos policiais (Foto: Divulga\u00e7\u00e3o\/PM)<\/em><br \/>\n<\/br><\/p>\n<p><img decoding=\"async\" src=\"http:\/\/aconteceunovale.com.br\/portal\/wp-content\/uploads\/2016\/11\/assalto_moc_3.jpg\" alt=\"\" \/><em>Arma apreendida pelos policiais (Foto: Divulga\u00e7\u00e3o\/PM)<\/em><br \/>\n<\/br><\/p>\n<p><img decoding=\"async\" src=\"http:\/\/aconteceunovale.com.br\/portal\/wp-content\/uploads\/2016\/11\/assalto_moc_4.jpg\" alt=\"\" \/><em>Bandidos trocaram tiros com a PM (Foto: Divulga\u00e7\u00e3o\/PM)<\/em><br \/>\n<\/br><\/p>\n<p><img decoding=\"async\" src=\"http:\/\/aconteceunovale.com.br\/portal\/wp-content\/uploads\/2016\/11\/assalto_moc_5.jpg\" alt=\"\" \/><em>Bandidos trocaram tiros com a PM (Foto: Divulga\u00e7\u00e3o\/PM)<\/em><br \/>\n<\/br><\/p>\n<p><em>(Com informa\u00e7\u00f5es do G1 Grande Minas)<\/em><\/p>\n","protected":false},"excerpt":{"rendered":"<p>Tr\u00eas homens, de 19, 22 e 29 anos, foram presos depois de roubar um carro e trocar tiros com a Pol\u00edcia Militar (PM) em Montes Claros, no Norte de Minas, nessa ter\u00e7a-feira (29\/11\/2016). Uma submetralhadora e uma pistola foram apreendidas com eles. A PM ainda faz buscas por outros envolvidos nessa quarta-feira (30). Segundo as [&hellip;]<\/p>\n","protected":false},"author":1,"featured_media":103177,"comment_status":"open","ping_status":"closed","sticky":false,"template":"","format":"standard","meta":{"amp_status":"","footnotes":""},"categories":[1236],"tags":[104546,73279,128355,94926,210,61641,128354,128353],"class_list":["post-103176","post","type-post","status-publish","format-standard","has-post-thumbnail","hentry","category-norte_de_minas","tag-assaltantes-presos-em-montes-claros","tag-assalto-montes-claros","tag-grupo-e-preso-apos-roubar-carro-e-trocar-tiros-com-a-policia-militar-em-montes-claros","tag-ladroes-presos-montes-claros","tag-montes-claros","tag-roubo-montes-claros","tag-tiroteio-em-montes-claros","tag-troca-de-tiros-com-a-pm-em-montes-claros"],"yoast_head":"<!-- This site is optimized with the Yoast SEO plugin v28.3 - https:\/\/yoast.com\/product\/yoast-seo-wordpress\/ -->\n<title>Grupo \u00e9 preso ap\u00f3s roubar carro e trocar tiros com a Pol\u00edcia Militar em Montes Claros - Aconteceu no Vale<\/title>\n<meta name=\"robots\" content=\"index, follow, max-snippet:-1, max-image-preview:large, max-video-preview:-1\" \/>\n<link rel=\"canonical\" href=\"https:\/\/aconteceunovale.com.br\/portal\/?p=103176\" \/>\n<meta property=\"og:locale\" content=\"pt_BR\" \/>\n<meta property=\"og:type\" content=\"article\" \/>\n<meta property=\"og:title\" content=\"Grupo \u00e9 preso ap\u00f3s roubar carro e trocar tiros com a Pol\u00edcia Militar em Montes Claros - Aconteceu no Vale\" \/>\n<meta property=\"og:description\" content=\"Tr\u00eas homens, de 19, 22 e 29 anos, foram presos depois de roubar um carro e trocar tiros com a Pol\u00edcia Militar (PM) em Montes Claros, no Norte de Minas, nessa ter\u00e7a-feira (29\/11\/2016). Uma submetralhadora e uma pistola foram apreendidas com eles. A PM ainda faz buscas por outros envolvidos nessa quarta-feira (30). Segundo as [&hellip;]\" \/>\n<meta property=\"og:url\" content=\"https:\/\/aconteceunovale.com.br\/portal\/?p=103176\" \/>\n<meta property=\"og:site_name\" content=\"Aconteceu no Vale\" \/>\n<meta property=\"article:publisher\" content=\"https:\/\/www.facebook.com\/aconteceunovale\/\" \/>\n<meta property=\"article:published_time\" content=\"2016-11-30T22:13:17+00:00\" \/>\n<meta property=\"og:image\" content=\"https:\/\/aconteceunovale.com.br\/portal\/wp-content\/uploads\/2016\/11\/assalto_moc_1.jpg\" \/>\n\t<meta property=\"og:image:width\" content=\"602\" \/>\n\t<meta property=\"og:image:height\" content=\"450\" \/>\n\t<meta property=\"og:image:type\" content=\"image\/jpeg\" \/>\n<meta name=\"author\" content=\"Aconteceu no Vale\" \/>\n<meta name=\"twitter:card\" content=\"summary_large_image\" \/>\n<meta name=\"twitter:creator\" content=\"@noticiadosvales\" \/>\n<meta name=\"twitter:site\" content=\"@noticiadosvales\" \/>\n<meta name=\"twitter:label1\" content=\"Escrito por\" \/>\n\t<meta name=\"twitter:data1\" content=\"Aconteceu no Vale\" \/>\n\t<meta name=\"twitter:label2\" content=\"Est. tempo de leitura\" \/>\n\t<meta name=\"twitter:data2\" content=\"1 minuto\" \/>\n<script type=\"application\/ld+json\" class=\"yoast-schema-graph\">{\"@context\":\"https:\\\/\\\/schema.org\",\"@graph\":[{\"@type\":\"Article\",\"@id\":\"https:\\\/\\\/aconteceunovale.com.br\\\/portal\\\/?p=103176#article\",\"isPartOf\":{\"@id\":\"https:\\\/\\\/aconteceunovale.com.br\\\/portal\\\/?p=103176\"},\"author\":{\"name\":\"Aconteceu no Vale\",\"@id\":\"https:\\\/\\\/aconteceunovale.com.br\\\/portal\\\/#\\\/schema\\\/person\\\/633529146f2c94272bef50ac2953d589\"},\"headline\":\"Grupo \u00e9 preso ap\u00f3s roubar carro e trocar tiros com a Pol\u00edcia Militar em Montes Claros\",\"datePublished\":\"2016-11-30T22:13:17+00:00\",\"mainEntityOfPage\":{\"@id\":\"https:\\\/\\\/aconteceunovale.com.br\\\/portal\\\/?p=103176\"},\"wordCount\":209,\"commentCount\":0,\"image\":{\"@id\":\"https:\\\/\\\/aconteceunovale.com.br\\\/portal\\\/?p=103176#primaryimage\"},\"thumbnailUrl\":\"https:\\\/\\\/aconteceunovale.com.br\\\/portal\\\/wp-content\\\/uploads\\\/2016\\\/11\\\/assalto_moc_1.jpg\",\"keywords\":[\"assaltantes presos em Montes Claros\",\"assalto Montes Claros\",\"Grupo \u00e9 preso ap\u00f3s roubar carro e trocar tiros com a Pol\u00edcia Militar em Montes Claros\",\"ladr\u00f5es presos Montes Claros\",\"Montes Claros\",\"roubo Montes Claros\",\"Tiroteio em Montes Claros\",\"Troca de tiros com a pm em Montes Claros\"],\"articleSection\":[\"Norte de Minas\"],\"inLanguage\":\"pt-BR\",\"potentialAction\":[{\"@type\":\"CommentAction\",\"name\":\"Comment\",\"target\":[\"https:\\\/\\\/aconteceunovale.com.br\\\/portal\\\/?p=103176#respond\"]}]},{\"@type\":\"WebPage\",\"@id\":\"https:\\\/\\\/aconteceunovale.com.br\\\/portal\\\/?p=103176\",\"url\":\"https:\\\/\\\/aconteceunovale.com.br\\\/portal\\\/?p=103176\",\"name\":\"Grupo \u00e9 preso ap\u00f3s roubar carro e trocar tiros com a Pol\u00edcia Militar em Montes Claros - Aconteceu no Vale\",\"isPartOf\":{\"@id\":\"https:\\\/\\\/aconteceunovale.com.br\\\/portal\\\/#website\"},\"primaryImageOfPage\":{\"@id\":\"https:\\\/\\\/aconteceunovale.com.br\\\/portal\\\/?p=103176#primaryimage\"},\"image\":{\"@id\":\"https:\\\/\\\/aconteceunovale.com.br\\\/portal\\\/?p=103176#primaryimage\"},\"thumbnailUrl\":\"https:\\\/\\\/aconteceunovale.com.br\\\/portal\\\/wp-content\\\/uploads\\\/2016\\\/11\\\/assalto_moc_1.jpg\",\"datePublished\":\"2016-11-30T22:13:17+00:00\",\"author\":{\"@id\":\"https:\\\/\\\/aconteceunovale.com.br\\\/portal\\\/#\\\/schema\\\/person\\\/633529146f2c94272bef50ac2953d589\"},\"breadcrumb\":{\"@id\":\"https:\\\/\\\/aconteceunovale.com.br\\\/portal\\\/?p=103176#breadcrumb\"},\"inLanguage\":\"pt-BR\",\"potentialAction\":[{\"@type\":\"ReadAction\",\"target\":[\"https:\\\/\\\/aconteceunovale.com.br\\\/portal\\\/?p=103176\"]}]},{\"@type\":\"ImageObject\",\"inLanguage\":\"pt-BR\",\"@id\":\"https:\\\/\\\/aconteceunovale.com.br\\\/portal\\\/?p=103176#primaryimage\",\"url\":\"https:\\\/\\\/aconteceunovale.com.br\\\/portal\\\/wp-content\\\/uploads\\\/2016\\\/11\\\/assalto_moc_1.jpg\",\"contentUrl\":\"https:\\\/\\\/aconteceunovale.com.br\\\/portal\\\/wp-content\\\/uploads\\\/2016\\\/11\\\/assalto_moc_1.jpg\",\"width\":602,\"height\":450},{\"@type\":\"BreadcrumbList\",\"@id\":\"https:\\\/\\\/aconteceunovale.com.br\\\/portal\\\/?p=103176#breadcrumb\",\"itemListElement\":[{\"@type\":\"ListItem\",\"position\":1,\"name\":\"In\u00edcio\",\"item\":\"https:\\\/\\\/aconteceunovale.com.br\\\/portal\\\/\"},{\"@type\":\"ListItem\",\"position\":2,\"name\":\"Grupo \u00e9 preso ap\u00f3s roubar carro e trocar tiros com a Pol\u00edcia Militar em Montes Claros\"}]},{\"@type\":\"WebSite\",\"@id\":\"https:\\\/\\\/aconteceunovale.com.br\\\/portal\\\/#website\",\"url\":\"https:\\\/\\\/aconteceunovale.com.br\\\/portal\\\/\",\"name\":\"Aconteceu no Vale\",\"description\":\"Portal de Not\u00edcias\",\"potentialAction\":[{\"@type\":\"SearchAction\",\"target\":{\"@type\":\"EntryPoint\",\"urlTemplate\":\"https:\\\/\\\/aconteceunovale.com.br\\\/portal\\\/?s={search_term_string}\"},\"query-input\":{\"@type\":\"PropertyValueSpecification\",\"valueRequired\":true,\"valueName\":\"search_term_string\"}}],\"inLanguage\":\"pt-BR\"},{\"@type\":\"Person\",\"@id\":\"https:\\\/\\\/aconteceunovale.com.br\\\/portal\\\/#\\\/schema\\\/person\\\/633529146f2c94272bef50ac2953d589\",\"name\":\"Aconteceu no Vale\",\"description\":\"Equipe de reportagem do Aconteceu no Vale, portal de not\u00edcias do Vale do Jequitinhonha, em Minas Gerais. Cobrimos as 51 cidades do Vale desde 2013. Sugest\u00f5es de pauta e pedidos de corre\u00e7\u00e3o: contato@aconteceunovale.com.br\",\"sameAs\":[\"http:\\\/\\\/www.aconteceunovale.com.br\"],\"url\":\"https:\\\/\\\/aconteceunovale.com.br\\\/portal\\\/?author=1\"}]}<\/script>\n<!-- \/ Yoast SEO plugin. -->","yoast_head_json":{"title":"Grupo \u00e9 preso ap\u00f3s roubar carro e trocar tiros com a Pol\u00edcia Militar em Montes Claros - Aconteceu no Vale","robots":{"index":"index","follow":"follow","max-snippet":"max-snippet:-1","max-image-preview":"max-image-preview:large","max-video-preview":"max-video-preview:-1"},"canonical":"https:\/\/aconteceunovale.com.br\/portal\/?p=103176","og_locale":"pt_BR","og_type":"article","og_title":"Grupo \u00e9 preso ap\u00f3s roubar carro e trocar tiros com a Pol\u00edcia Militar em Montes Claros - Aconteceu no Vale","og_description":"Tr\u00eas homens, de 19, 22 e 29 anos, foram presos depois de roubar um carro e trocar tiros com a Pol\u00edcia Militar (PM) em Montes Claros, no Norte de Minas, nessa ter\u00e7a-feira (29\/11\/2016). Uma submetralhadora e uma pistola foram apreendidas com eles. A PM ainda faz buscas por outros envolvidos nessa quarta-feira (30). Segundo as [&hellip;]","og_url":"https:\/\/aconteceunovale.com.br\/portal\/?p=103176","og_site_name":"Aconteceu no Vale","article_publisher":"https:\/\/www.facebook.com\/aconteceunovale\/","article_published_time":"2016-11-30T22:13:17+00:00","og_image":[{"width":602,"height":450,"url":"https:\/\/aconteceunovale.com.br\/portal\/wp-content\/uploads\/2016\/11\/assalto_moc_1.jpg","type":"image\/jpeg"}],"author":"Aconteceu no Vale","twitter_card":"summary_large_image","twitter_creator":"@noticiadosvales","twitter_site":"@noticiadosvales","twitter_misc":{"Escrito por":"Aconteceu no Vale","Est. tempo de leitura":"1 minuto"},"schema":{"@context":"https:\/\/schema.org","@graph":[{"@type":"Article","@id":"https:\/\/aconteceunovale.com.br\/portal\/?p=103176#article","isPartOf":{"@id":"https:\/\/aconteceunovale.com.br\/portal\/?p=103176"},"author":{"name":"Aconteceu no Vale","@id":"https:\/\/aconteceunovale.com.br\/portal\/#\/schema\/person\/633529146f2c94272bef50ac2953d589"},"headline":"Grupo \u00e9 preso ap\u00f3s roubar carro e trocar tiros com a Pol\u00edcia Militar em Montes Claros","datePublished":"2016-11-30T22:13:17+00:00","mainEntityOfPage":{"@id":"https:\/\/aconteceunovale.com.br\/portal\/?p=103176"},"wordCount":209,"commentCount":0,"image":{"@id":"https:\/\/aconteceunovale.com.br\/portal\/?p=103176#primaryimage"},"thumbnailUrl":"https:\/\/aconteceunovale.com.br\/portal\/wp-content\/uploads\/2016\/11\/assalto_moc_1.jpg","keywords":["assaltantes presos em Montes Claros","assalto Montes Claros","Grupo \u00e9 preso ap\u00f3s roubar carro e trocar tiros com a Pol\u00edcia Militar em Montes Claros","ladr\u00f5es presos Montes Claros","Montes Claros","roubo Montes Claros","Tiroteio em Montes Claros","Troca de tiros com a pm em Montes Claros"],"articleSection":["Norte de Minas"],"inLanguage":"pt-BR","potentialAction":[{"@type":"CommentAction","name":"Comment","target":["https:\/\/aconteceunovale.com.br\/portal\/?p=103176#respond"]}]},{"@type":"WebPage","@id":"https:\/\/aconteceunovale.com.br\/portal\/?p=103176","url":"https:\/\/aconteceunovale.com.br\/portal\/?p=103176","name":"Grupo \u00e9 preso ap\u00f3s roubar carro e trocar tiros com a Pol\u00edcia Militar em Montes Claros - Aconteceu no Vale","isPartOf":{"@id":"https:\/\/aconteceunovale.com.br\/portal\/#website"},"primaryImageOfPage":{"@id":"https:\/\/aconteceunovale.com.br\/portal\/?p=103176#primaryimage"},"image":{"@id":"https:\/\/aconteceunovale.com.br\/portal\/?p=103176#primaryimage"},"thumbnailUrl":"https:\/\/aconteceunovale.com.br\/portal\/wp-content\/uploads\/2016\/11\/assalto_moc_1.jpg","datePublished":"2016-11-30T22:13:17+00:00","author":{"@id":"https:\/\/aconteceunovale.com.br\/portal\/#\/schema\/person\/633529146f2c94272bef50ac2953d589"},"breadcrumb":{"@id":"https:\/\/aconteceunovale.com.br\/portal\/?p=103176#breadcrumb"},"inLanguage":"pt-BR","potentialAction":[{"@type":"ReadAction","target":["https:\/\/aconteceunovale.com.br\/portal\/?p=103176"]}]},{"@type":"ImageObject","inLanguage":"pt-BR","@id":"https:\/\/aconteceunovale.com.br\/portal\/?p=103176#primaryimage","url":"https:\/\/aconteceunovale.com.br\/portal\/wp-content\/uploads\/2016\/11\/assalto_moc_1.jpg","contentUrl":"https:\/\/aconteceunovale.com.br\/portal\/wp-content\/uploads\/2016\/11\/assalto_moc_1.jpg","width":602,"height":450},{"@type":"BreadcrumbList","@id":"https:\/\/aconteceunovale.com.br\/portal\/?p=103176#breadcrumb","itemListElement":[{"@type":"ListItem","position":1,"name":"In\u00edcio","item":"https:\/\/aconteceunovale.com.br\/portal\/"},{"@type":"ListItem","position":2,"name":"Grupo \u00e9 preso ap\u00f3s roubar carro e trocar tiros com a Pol\u00edcia Militar em Montes Claros"}]},{"@type":"WebSite","@id":"https:\/\/aconteceunovale.com.br\/portal\/#website","url":"https:\/\/aconteceunovale.com.br\/portal\/","name":"Aconteceu no Vale","description":"Portal de Not\u00edcias","potentialAction":[{"@type":"SearchAction","target":{"@type":"EntryPoint","urlTemplate":"https:\/\/aconteceunovale.com.br\/portal\/?s={search_term_string}"},"query-input":{"@type":"PropertyValueSpecification","valueRequired":true,"valueName":"search_term_string"}}],"inLanguage":"pt-BR"},{"@type":"Person","@id":"https:\/\/aconteceunovale.com.br\/portal\/#\/schema\/person\/633529146f2c94272bef50ac2953d589","name":"Aconteceu no Vale","description":"Equipe de reportagem do Aconteceu no Vale, portal de not\u00edcias do Vale do Jequitinhonha, em Minas Gerais. Cobrimos as 51 cidades do Vale desde 2013. Sugest\u00f5es de pauta e pedidos de corre\u00e7\u00e3o: contato@aconteceunovale.com.br","sameAs":["http:\/\/www.aconteceunovale.com.br"],"url":"https:\/\/aconteceunovale.com.br\/portal\/?author=1"}]}},"_links":{"self":[{"href":"https:\/\/aconteceunovale.com.br\/portal\/index.php?rest_route=\/wp\/v2\/posts\/103176","targetHints":{"allow":["GET"]}}],"collection":[{"href":"https:\/\/aconteceunovale.com.br\/portal\/index.php?rest_route=\/wp\/v2\/posts"}],"about":[{"href":"https:\/\/aconteceunovale.com.br\/portal\/index.php?rest_route=\/wp\/v2\/types\/post"}],"author":[{"embeddable":true,"href":"https:\/\/aconteceunovale.com.br\/portal\/index.php?rest_route=\/wp\/v2\/users\/1"}],"replies":[{"embeddable":true,"href":"https:\/\/aconteceunovale.com.br\/portal\/index.php?rest_route=%2Fwp%2Fv2%2Fcomments&post=103176"}],"version-history":[{"count":0,"href":"https:\/\/aconteceunovale.com.br\/portal\/index.php?rest_route=\/wp\/v2\/posts\/103176\/revisions"}],"wp:featuredmedia":[{"embeddable":true,"href":"https:\/\/aconteceunovale.com.br\/portal\/index.php?rest_route=\/wp\/v2\/media\/103177"}],"wp:attachment":[{"href":"https:\/\/aconteceunovale.com.br\/portal\/index.php?rest_route=%2Fwp%2Fv2%2Fmedia&parent=103176"}],"wp:term":[{"taxonomy":"category","embeddable":true,"href":"https:\/\/aconteceunovale.com.br\/portal\/index.php?rest_route=%2Fwp%2Fv2%2Fcategories&post=103176"},{"taxonomy":"post_tag","embeddable":true,"href":"https:\/\/aconteceunovale.com.br\/portal\/index.php?rest_route=%2Fwp%2Fv2%2Ftags&post=103176"}],"curies":[{"name":"wp","href":"https:\/\/api.w.org\/{rel}","templated":true}]}}