{"id":103171,"date":"2016-11-30T19:37:09","date_gmt":"2016-11-30T21:37:09","guid":{"rendered":"http:\/\/aconteceunovale.com.br\/portal\/?p=103171"},"modified":"2016-11-30T19:38:46","modified_gmt":"2016-11-30T21:38:46","slug":"colisao-entre-carro-e-onibus-deixa-um-morto-na-br-458-no-leste-de-minas","status":"publish","type":"post","link":"https:\/\/aconteceunovale.com.br\/portal\/?p=103171","title":{"rendered":"Colis\u00e3o entre carro e \u00f4nibus deixa um morto na BR-458, no Leste de Minas"},"content":{"rendered":"<p>Um homem de 27 anos morreu na madrugada desta quarta-feira (30\/11\/2016) em um acidente entre um \u00f4nibus e um carro na altura do quil\u00f4metro 106 da BR-458, pr\u00f3ximo a cidade de Iapu, no Leste de Minas Gerais. De acordo com a Pol\u00edcia Militar Rodovi\u00e1ria (PMRv), a v\u00edtima Wagner Macedo Silva, que residia em Governador Valadares, ficou presas \u00e0s ferragens e veio a \u00f3bito no local. Os passageiros do ve\u00edculo coletivo, da empresa P\u00e1ssaro Verde, sa\u00edram ilesos. J\u00e1 o motorista teve ferimentos leves, que foram provocados por estilha\u00e7os de vidro do para-brisa.<\/p>\n<p>Ainda segundo a Pol\u00edcia Rodovi\u00e1ria, o motorista do carro teria perdido o controle da dire\u00e7\u00e3o, em decorr\u00eancia da lama que desceu de um barranco at\u00e9 a rodovia. O ve\u00edculo rodou na pista e bateu na lateral de um \u00f4nibus que seguia de Belo Horizonte para Tarumirim.<\/p>\n<p>A Per\u00edcia T\u00e9cnica da Pol\u00edcia Civil foi acionada e ap\u00f3s os trabalhos de praxe, o corpo de Wagner Macedo foi encaminhado para o Instituto M\u00e9dico Legal (IML) em Ipatinga. As causas do acidente ser\u00e3o apuradas.<\/p>\n<p><img decoding=\"async\" src=\"http:\/\/aconteceunovale.com.br\/portal\/wp-content\/uploads\/2016\/11\/acidente_458_1.jpg\" alt=\"\" \/><em>Carro bateu na lateral do \u00f4nibus (Foto: Cedida por Plant\u00e3o Policial Ipatinga)<\/em><br \/>\n<\/br><\/p>\n<p><em>(Com informa\u00e7\u00f5es da PM e G1)<\/em><\/p>\n","protected":false},"excerpt":{"rendered":"<p>Um homem de 27 anos morreu na madrugada desta quarta-feira (30\/11\/2016) em um acidente entre um \u00f4nibus e um carro na altura do quil\u00f4metro 106 da BR-458, pr\u00f3ximo a cidade de Iapu, no Leste de Minas Gerais. De acordo com a Pol\u00edcia Militar Rodovi\u00e1ria (PMRv), a v\u00edtima Wagner Macedo Silva, que residia em Governador Valadares, [&hellip;]<\/p>\n","protected":false},"author":1,"featured_media":103172,"comment_status":"open","ping_status":"closed","sticky":false,"template":"","format":"standard","meta":{"amp_status":"","footnotes":""},"categories":[121],"tags":[128337,128346,128338,128342,128345,128336,128339,128343,128344,194,128340,128334,128335,247,1722,63813,128341],"class_list":["post-103171","post","type-post","status-publish","format-standard","has-post-thumbnail","hentry","category-leste","tag-acidente-acougueiro","tag-acidente-br-458","tag-acidente-com-acougueiro-de-governador-valadares","tag-acidente-corola-de-governador-valadares","tag-acidente-entre-carro-e-onibus-da-passaro-verde","tag-acidente-iapu","tag-acidente-morador-de-governador-valadares","tag-acidente-onibus-da-passaro-verde","tag-acidente-passaro-verde","tag-belo-horizonte","tag-bernardino-sena-alves","tag-colisao-entre-carro-e-onibus-deixa-um-morto-na-br-458","tag-colisao-entre-carro-e-onibus-deixa-um-morto-na-br-458-em-iapu","tag-governador-valadares","tag-iapu","tag-tarumirin","tag-wagner-macedo-silva"],"_links":{"self":[{"href":"https:\/\/aconteceunovale.com.br\/portal\/index.php?rest_route=\/wp\/v2\/posts\/103171","targetHints":{"allow":["GET"]}}],"collection":[{"href":"https:\/\/aconteceunovale.com.br\/portal\/index.php?rest_route=\/wp\/v2\/posts"}],"about":[{"href":"https:\/\/aconteceunovale.com.br\/portal\/index.php?rest_route=\/wp\/v2\/types\/post"}],"author":[{"embeddable":true,"href":"https:\/\/aconteceunovale.com.br\/portal\/index.php?rest_route=\/wp\/v2\/users\/1"}],"replies":[{"embeddable":true,"href":"https:\/\/aconteceunovale.com.br\/portal\/index.php?rest_route=%2Fwp%2Fv2%2Fcomments&post=103171"}],"version-history":[{"count":0,"href":"https:\/\/aconteceunovale.com.br\/portal\/index.php?rest_route=\/wp\/v2\/posts\/103171\/revisions"}],"wp:featuredmedia":[{"embeddable":true,"href":"https:\/\/aconteceunovale.com.br\/portal\/index.php?rest_route=\/wp\/v2\/media\/103172"}],"wp:attachment":[{"href":"https:\/\/aconteceunovale.com.br\/portal\/index.php?rest_route=%2Fwp%2Fv2%2Fmedia&parent=103171"}],"wp:term":[{"taxonomy":"category","embeddable":true,"href":"https:\/\/aconteceunovale.com.br\/portal\/index.php?rest_route=%2Fwp%2Fv2%2Fcategories&post=103171"},{"taxonomy":"post_tag","embeddable":true,"href":"https:\/\/aconteceunovale.com.br\/portal\/index.php?rest_route=%2Fwp%2Fv2%2Ftags&post=103171"}],"curies":[{"name":"wp","href":"https:\/\/api.w.org\/{rel}","templated":true}]}}