{"id":103154,"date":"2016-11-30T16:46:29","date_gmt":"2016-11-30T18:46:29","guid":{"rendered":"http:\/\/aconteceunovale.com.br\/portal\/?p=103154"},"modified":"2016-11-30T16:46:29","modified_gmt":"2016-11-30T18:46:29","slug":"projeto-visa-recuperacao-e-preservacao-da-sub-bacia-do-corrego-sao-joao-no-vale-do-jequitinhonha","status":"publish","type":"post","link":"https:\/\/aconteceunovale.com.br\/portal\/?p=103154","title":{"rendered":"Projeto visa recupera\u00e7\u00e3o e preserva\u00e7\u00e3o da sub-bacia do C\u00f3rrego S\u00e3o Jo\u00e3o, no Vale do Jequitinhonha"},"content":{"rendered":"<p>Diminui\u00e7\u00e3o do volume de \u00e1gua e assoreamento. Esses s\u00e3o alguns dos problemas enfrentados pela sub-bacia hidrogr\u00e1fica do C\u00f3rrego S\u00e3o Jo\u00e3o, que banha os munic\u00edpios de Padre Para\u00edso, Ponto dos Volantes e Itaobim, no Vale do Jequitinhonha. Visando a recupera\u00e7\u00e3o do espa\u00e7o, os munic\u00edpios, em parceria com a Emater-MG e outras institui\u00e7\u00f5es, implantaram o Projeto de Revitaliza\u00e7\u00e3o da Sub-bacia do C\u00f3rrego S\u00e3o Jo\u00e3o. Entre as a\u00e7\u00f5es est\u00e3o a constru\u00e7\u00e3o de bacias de capta\u00e7\u00e3o de \u00e1gua de chuva, prote\u00e7\u00e3o de nascentes e educa\u00e7\u00e3o ambiental.<\/p>\n<p>O c\u00f3rrego S\u00e3o Jo\u00e3o exerce uma fun\u00e7\u00e3o importante para a agropecu\u00e1ria da regi\u00e3o, principalmente para a produ\u00e7\u00e3o de banana, hortali\u00e7as e piscicultura. A implanta\u00e7\u00e3o do projeto foi motivada pela redu\u00e7\u00e3o da vaz\u00e3o do c\u00f3rrego e problemas, como assoreamento, desmatamento da mata ciliar, nascentes desprotegidas e o lan\u00e7amento de esgoto dom\u00e9stico na sub-bacia.<\/p>\n<p><img decoding=\"async\" src=\"http:\/\/aconteceunovale.com.br\/portal\/wp-content\/uploads\/2016\/11\/projeto_corrego_sj_2.jpg\" alt=\"\" \/><em>Recupera\u00e7\u00e3o da sub-bacia do C\u00f3rrego S\u00e3o Jo\u00e3o (Divulga\u00e7\u00e3o\/Emater-MG)<\/em><br \/>\n<\/br><\/p>\n<p>A revitaliza\u00e7\u00e3o do S\u00e3o Jo\u00e3o come\u00e7ou no ano passado. At\u00e9 agora foram constru\u00eddas 270 bacias de capta\u00e7\u00e3o de \u00e1gua de chuva, protegidas 11 nascentes e realizado o plantio de cerca de 300 mudas nativas para a recupera\u00e7\u00e3o da mata ciliar. Tamb\u00e9m foi feita a adequa\u00e7\u00e3o de 50 quil\u00f4metros de estradas. Essas a\u00e7\u00f5es t\u00eam como objetivo melhorar a infiltra\u00e7\u00e3o de \u00e1gua no solo e combate \u00e0 eros\u00e3o.<\/p>\n<p>De acordo com a coordenadora t\u00e9cnica regional da Emater-MG, Joselaine Lopes, essas a\u00e7\u00f5es contribuem de maneira impactante para a preserva\u00e7\u00e3o e recupera\u00e7\u00e3o da sub-bacia do c\u00f3rrego, que integra a bacia hidrogr\u00e1fica do Rio Jequitinhonha. \u201c\u00c9 uma forma de aumentar a disponibilidade de \u00e1gua em quantidade e qualidade. Al\u00e9m disso, melhorar a gest\u00e3o ambiental garante o desenvolvimento sustent\u00e1vel nas comunidades\u201d, afirma.<\/p>\n<p>O projeto ainda visa a conscientiza\u00e7\u00e3o de estudantes e agricultores sobre a import\u00e2ncia de preserva\u00e7\u00e3o do c\u00f3rrego S\u00e3o Jo\u00e3o e do meio ambiente. Nesse primeiro ano de projeto, foram realizadas palestras em escolas e reuni\u00f5es com produtores de todos os munic\u00edpios beneficiados pela sub-bacia hidrogr\u00e1fica.<\/p>\n<p>\u201cComo ponto fundamental para o \u00eaxito do programa, prev\u00ea-se a conscientiza\u00e7\u00e3o e sensibiliza\u00e7\u00e3o dos atores locais atrav\u00e9s de a\u00e7\u00f5es educativas nas escolas e comunidades para que eles atuem como multiplicadores nas comunidades e munic\u00edpios\u201d, diz a coordenadora.<\/p>\n<p>Para este ano est\u00e1 previsto a constru\u00e7\u00e3o de mais 80 bacias de capta\u00e7\u00e3o de \u00e1gua de chuva, o cercamento de 5 nascentes, a adequa\u00e7\u00e3o de 10 quil\u00f4metros de estradas, o plantio de mudas e a implanta\u00e7\u00e3o de fossas s\u00e9pticas biodigestoras para evitar que o esgoto dom\u00e9stico seja lan\u00e7ado no rio.<\/p>\n<p>\u201cApesar de ser poss\u00edvel notar uma melhora no volume de \u00e1gua, \u00e9 preciso continuar com os trabalhos para que o c\u00f3rrego volte \u00e0 sua vaz\u00e3o normal\u201d, lembra Joselaine Lopes.<\/p>\n<p><img decoding=\"async\" src=\"http:\/\/aconteceunovale.com.br\/portal\/wp-content\/uploads\/2016\/11\/projeto_corrego_sj_1.jpg\" alt=\"\" \/><em>Recupera\u00e7\u00e3o da sub-bacia do C\u00f3rrego S\u00e3o Jo\u00e3o (Divulga\u00e7\u00e3o\/Emater-MG)<\/em><br \/>\n<\/br><\/p>\n<p><em>(Com Emater-MG)<\/em><\/p>\n","protected":false},"excerpt":{"rendered":"<p>Diminui\u00e7\u00e3o do volume de \u00e1gua e assoreamento. Esses s\u00e3o alguns dos problemas enfrentados pela sub-bacia hidrogr\u00e1fica do C\u00f3rrego S\u00e3o Jo\u00e3o, que banha os munic\u00edpios de Padre Para\u00edso, Ponto dos Volantes e Itaobim, no Vale do Jequitinhonha. Visando a recupera\u00e7\u00e3o do espa\u00e7o, os munic\u00edpios, em parceria com a Emater-MG e outras institui\u00e7\u00f5es, implantaram o Projeto de [&hellip;]<\/p>\n","protected":false},"author":1,"featured_media":103156,"comment_status":"open","ping_status":"closed","sticky":false,"template":"","format":"standard","meta":{"amp_status":"","footnotes":""},"categories":[120],"tags":[128306,25775,391,128308,572,444,128307,128309,128305],"class_list":["post-103154","post","type-post","status-publish","format-standard","has-post-thumbnail","hentry","category-jequi","tag-corrego-sao-joao","tag-emater-mg","tag-itaobim","tag-joselaine-lopes","tag-padre-paraiso","tag-ponto-dos-volantes","tag-projeto-de-revitalizacao-da-sub-bacia-do-corrego-sao-joao","tag-projeto-visa-recuperacao-e-preservacao-da-sub-bacia-do-corrego-sao-joao","tag-sub-bacia-hidrografica-do-corrego-sao-joao"],"_links":{"self":[{"href":"https:\/\/aconteceunovale.com.br\/portal\/index.php?rest_route=\/wp\/v2\/posts\/103154","targetHints":{"allow":["GET"]}}],"collection":[{"href":"https:\/\/aconteceunovale.com.br\/portal\/index.php?rest_route=\/wp\/v2\/posts"}],"about":[{"href":"https:\/\/aconteceunovale.com.br\/portal\/index.php?rest_route=\/wp\/v2\/types\/post"}],"author":[{"embeddable":true,"href":"https:\/\/aconteceunovale.com.br\/portal\/index.php?rest_route=\/wp\/v2\/users\/1"}],"replies":[{"embeddable":true,"href":"https:\/\/aconteceunovale.com.br\/portal\/index.php?rest_route=%2Fwp%2Fv2%2Fcomments&post=103154"}],"version-history":[{"count":0,"href":"https:\/\/aconteceunovale.com.br\/portal\/index.php?rest_route=\/wp\/v2\/posts\/103154\/revisions"}],"wp:featuredmedia":[{"embeddable":true,"href":"https:\/\/aconteceunovale.com.br\/portal\/index.php?rest_route=\/wp\/v2\/media\/103156"}],"wp:attachment":[{"href":"https:\/\/aconteceunovale.com.br\/portal\/index.php?rest_route=%2Fwp%2Fv2%2Fmedia&parent=103154"}],"wp:term":[{"taxonomy":"category","embeddable":true,"href":"https:\/\/aconteceunovale.com.br\/portal\/index.php?rest_route=%2Fwp%2Fv2%2Fcategories&post=103154"},{"taxonomy":"post_tag","embeddable":true,"href":"https:\/\/aconteceunovale.com.br\/portal\/index.php?rest_route=%2Fwp%2Fv2%2Ftags&post=103154"}],"curies":[{"name":"wp","href":"https:\/\/api.w.org\/{rel}","templated":true}]}}