{"id":103143,"date":"2016-11-30T16:17:32","date_gmt":"2016-11-30T18:17:32","guid":{"rendered":"http:\/\/aconteceunovale.com.br\/portal\/?p=103143"},"modified":"2026-09-02T13:57:16","modified_gmt":"2026-09-02T16:57:16","slug":"transicao-em-virgem-da-lapa-sera-tranquila-garante-atual-prefeito","status":"publish","type":"post","link":"https:\/\/aconteceunovale.com.br\/portal\/?p=103143","title":{"rendered":"Transi\u00e7\u00e3o em Virgem da Lapa ser\u00e1 tranquila, garante atual prefeito"},"content":{"rendered":"<p>O atual prefeito de Virgem da Lapa, no Vale do Jequitinhonha, Harley Lopes (PT), garante que vai disponibilizar at\u00e9 o dia 6 de dezembro todos os dados fiscais e financeiros da administra\u00e7\u00e3o para a Comiss\u00e3o de Transi\u00e7\u00e3o do futuro governo.<\/p>\n<p>\u201cN\u00e3o haver\u00e1 nenhum empecilho. Faremos uma transi\u00e7\u00e3o democr\u00e1tica e transparente. \u00c9 uma seguran\u00e7a para mim, e para quem vai entrar, e quem ganha com isso \u00e9 a popula\u00e7\u00e3o\u201d, destaca o prefeito.<\/p>\n<p>\u201cVamos entregar tamb\u00e9m a rela\u00e7\u00e3o de todos os bens patrimoniais e a devida situa\u00e7\u00e3o de cada um\u201d, garante.<\/p>\n<p>Harley Lopes se elegeu prefeito em 2012 e n\u00e3o foi candidato \u00e0 reelei\u00e7\u00e3o.<\/p>\n<p><img decoding=\"async\" src=\"http:\/\/aconteceunovale.com.br\/portal\/wp-content\/uploads\/2016\/11\/transicao_vdl_1.jpg\" alt=\"\" \/><em>Prefeito Harlei com o futuro vice-prefeito Jeferson Barroso (Foto: Jo\u00e3o Lopes\/portal VDL)<\/em><br \/>\n<\/br><\/p>\n<p>No dia 21 de novembro, o chefe do Executivo ressaltou durante entrevista em seu gabinete, que dever\u00e1 entregar ao seu sucessor, um munic\u00edpio organizado e com boas perspectivas futuras, sobretudo, com rela\u00e7\u00e3o ao ingresso de recursos.<\/p>\n<p>Ele citou como exemplo o aumento no ano que vem, do \u00cdndice de Participa\u00e7\u00e3o dos Munic\u00edpios (FPM), a distribui\u00e7\u00e3o do Imposto sobre Circula\u00e7\u00e3o de Mercadorias e Servi\u00e7os (ICMS), e ainda um incremento na arrecada\u00e7\u00e3o do ISS \u2013 Imposto sobre Servi\u00e7os, devido a obra de asfaltamento do trecho Ijicatu\/Virgem da Lapa.<\/p>\n<p>\u201cAl\u00e9m de verbas que dever\u00e3o ser aportadas oriundas de conv\u00eanios j\u00e1 assinados, como um, na ordem de R$ 250 mil, do governo federal, para obras de cal\u00e7amento de ruas\u201d, observou o prefeito.<\/p>\n<p>\u201cEm janeiro n\u00e3o haver\u00e1 saldo nas contas mas tamb\u00e9m n\u00e3o haver\u00e1 d\u00edvidas, al\u00e9m obviamente daquelas j\u00e1 existentes. Estamos cumprindo o que determina a Lei de Responsabilidade Fiscal\u201d, afirma Harley Lopes.<\/p>\n<p><strong>Transi\u00e7\u00e3o<\/strong><\/p>\n<p>A comiss\u00e3o de transi\u00e7\u00e3o, coordenada pelo futuro vice-prefeito Jeferson Barroso, o Fefa (PSDB), j\u00e1 requereu oficialmente, todos os editais de licita\u00e7\u00e3o, c\u00f3pias de conv\u00eanios, rela\u00e7\u00e3o de precat\u00f3rios, saldos financeiros, restos a pagar, Estatuto de Servidores, C\u00f3digo Tribut\u00e1rio, Plano Plurianual e leis que regulamentam a estrutura administrativa.<\/p>\n<p><img decoding=\"async\" src=\"http:\/\/aconteceunovale.com.br\/portal\/wp-content\/uploads\/2016\/11\/transicao_vdl_2.jpg\" alt=\"\" \/><em>UBS do bairro Novo Horizonte est\u00e1 em fase de constru\u00e7\u00e3o (Divulga\u00e7\u00e3o)<\/em><br \/>\n<\/br><\/p>\n<p>Nos \u00faltimos 4 anos, foram feitas cerca de 200 licita\u00e7\u00f5es para compras diversas. H\u00e1 v\u00e1rias obras que est\u00e3o sendo conclu\u00eddas como a UBS do bairro Novo Horizonte e a Esta\u00e7\u00e3o de Tratamento de Esgotos (ETE); tamb\u00e9m existe a obra da Rodovi\u00e1ria que foi interrompida devido a problemas burocr\u00e1ticos e principalmente pelo corte de despesas do Governo Federal.<\/p>\n<p>\u201cVamos receber tudo com ressalva, j\u00e1 que n\u00e3o temos neste momento, condi\u00e7\u00f5es t\u00e9cnicas de fazer uma avalia\u00e7\u00e3o da situa\u00e7\u00e3o\u201d, salientou Jeferson Barroso.<\/p>\n<p>Tanto ele, como o prefeito eleito, Di\u00f3genes Timo (PSDB), elogiaram a decis\u00e3o de Harley Lopes de fazer uma transi\u00e7\u00e3o tranquila.<\/p>\n<p>Os integrantes das comiss\u00f5es, tanto do atual governo, quanto do futuro, j\u00e1 deram in\u00edcio \u00e0 troca de informa\u00e7\u00f5es, de forma a agilizar os processos considerados priorit\u00e1rios \u00e0 continuidade dos servi\u00e7os da municipalidade e \u00e0 governabilidade. <\/p>\n<p>O munic\u00edpio de Virgem da Lapa, no Vale do Jequitinhonha, tem 67 anos de funda\u00e7\u00e3o e cerca de 14.047 habitantes, de acordo com o \u00faltimo censo demogr\u00e1fico de 2010, do IBGE.<\/p>\n<p>\u00c9 reconhecido por sua tradicional Festa de Nossa Senhora da Lapa, realizada anualmente em agosto, quando milhares de romeiros se deslocam para a cidade.<\/p>\n<p>A festa dura duas semanas e a principal avenida e pra\u00e7a da cidade, ficam apinhadas de gente e de  barracas dos camel\u00f4s de diversas partes do pa\u00eds, com suas bugingangas, que j\u00e1 fazem parte do cen\u00e1rio. Este ano a prefeitura arrecadou perto de R$  110 mil somente com aluguel de espa\u00e7o para as barracas. \u201cDeu para pagar parte das despesas da festa que ficou em torno de R$ 330 mil\u201d, diz o prefeito.<\/p>\n<p>O \u00cdndice de Desenvolvimento Humano (IDH)  de Virgem da Lapa, \u00e9 de 0,664, considerado m\u00e9dio, pelo Programa das Na\u00e7\u00f5es Unidas para o Desenvolvimento (PNUD).<\/p>\n<p>O IDH Municipal varia de 0 a 1 considerando indicadores de sa\u00fade, renda e educa\u00e7\u00e3o. Quanto mais pr\u00f3ximo de 0, pior \u00e9 o desenvolvimento humano do munic\u00edpio. Quanto mais pr\u00f3ximo de 1, mais alto \u00e9 o desenvolvimento.<\/p>\n<p>Conforme o IBGE, Virgem da Lapa arrecada anualmente cerca de  R$ 49 milh\u00f5es referentes ao Produto Interno Bruto (PIB) que representa a medida do valor dos bens e servi\u00e7os que a regi\u00e3o produz, na agropecu\u00e1ria, ind\u00fastria e servi\u00e7os.<\/p>\n<p><strong>Desemprego, o grande desafio<\/strong><\/p>\n<p>Ocupando uma \u00e1rea de 868,914 km,  conforme o IBGE,  Virgem da Lapa, assim como a maioria dos  munic\u00edpios do Vale do Jequitinhonha,  n\u00e3o possui ind\u00fastrias  ou grandes empresas, que possam gerar emprego e renda. O \u00edndice de desemprego \u00e9 grande e atinge principalmente os jovens.<\/p>\n<p>Desde 2005, o munic\u00edpio vinha sendo administrado pelo PT. Gerar emprego e renda para a popula\u00e7\u00e3o \u00e9 um dos grandes desafios para os pr\u00f3ximos gestores.<\/p>\n<p><strong>Arrecada\u00e7\u00f5es e despesas<\/strong><\/p>\n<p>A administra\u00e7\u00e3o municipal depende de recursos federais e do Estado para manter seus programas e servi\u00e7os b\u00e1sicos.<\/p>\n<p>O Fundo de Participa\u00e7\u00e3o dos Munic\u00edpios (FPM), repassado mensalmente em tr\u00eas parcelas pela Uni\u00e3o, est\u00e1 em torno de R$ 1 milh\u00e3o. Deste total, a prefeitura usa R$ 900 mil para pagamento de pessoal. O restante \u00e9 usado para pagamento de aluguel de 16 im\u00f3veis, totalizando R$ 16.500,00, sendo R$ 3.500, da Casa de Apoio, no bairro Floresta em Belo Horizonte, entre outras despesas correntes.<\/p>\n<p>Do total da arrecada\u00e7\u00e3o  de todos os impostos estaduais e federais,  que s\u00e3o repassados ao munic\u00edpio, como FPM, ICMS,IPVA, IPI e ITR,  15%  devem ser aplicados na Sa\u00fade, conforme estabelecido por lei.<\/p>\n<p>Atualmente, a prefeitura tem 235 funcion\u00e1rios efetivos, al\u00e9m de 29 entre inativos e pensionistas.<\/p>\n<p>At\u00e9 outubro, eram 105 contratados, que j\u00e1 foram dispensados, 25 comissionados (cargos de confian\u00e7a) e 10 ocupando cargos eletivos, a exemplo dos Conselheiros Tutelares.<\/p>\n<p>\u201cAproveito a oportunidade para agradecer imensamente todos os contratados e comissionados que nos ajudaram a transformar Virgem da Lapa para melhor\u201d, destaca o prefeito.<\/p>\n<p><img decoding=\"async\" src=\"http:\/\/aconteceunovale.com.br\/portal\/wp-content\/uploads\/2016\/11\/transicao_vdl_3.jpg\" alt=\"\" \/><em>Caminhonete adquirida em meados de 2016 (Divulga\u00e7\u00e3o)<\/em><br \/>\n<\/br><\/p>\n<p>A repatria\u00e7\u00e3o de recursos do exterior, que \u00e9 o dinheiro que estava depositado de forma irregular em outros pa\u00edses e que passaram a ser declarados para a Receita Federal, gerou renda extra para os munic\u00edpios brasileiros, entre eles, Virgem da Lapa.<\/p>\n<p>J\u00e1 entraram nos cofres da prefeitura R$ 530 mil, dos R$ 830 mil prometidos pelo governo. O recurso  servir\u00e1  para quitar a fatura do restante do  13\u00ba sal\u00e1rio,  pagar as rescis\u00f5es contratuais e a folha de novembro e dezembro do funcionalismo.<\/p>\n<p>Al\u00e9m do FPM, o munic\u00edpio conta com recursos do ICM S- que \u00e9 o imposto sobre a circula\u00e7\u00e3o de Mercadorias e Servi\u00e7os &#8211; cobrado em opera\u00e7\u00f5es relativas \u00e0 circula\u00e7\u00e3o de mercadorias, inclusive o fornecimento de alimenta\u00e7\u00e3o e bebidas em bares, restaurantes e estabelecimentos similares; presta\u00e7\u00f5es de servi\u00e7os de transporte interestadual e intermunicipal, por qualquer via, de pessoas, bens, mercadorias ou valores.<\/p>\n<p>Os valores s\u00e3o calculados  e repassados pelo Estado, de acordo com uma determinada pontua\u00e7\u00e3o que o munic\u00edpio recebe.  <\/p>\n<p>Em julho desse ano, a prefeitura fez um leil\u00e3o de toda a sucata de m\u00e1quinas, ve\u00edculos e m\u00f3veis. Arrecadou R$ 110 mil que foram usados em contrapartida de conv\u00eanios para calcamentos na \u00e1rea urbana, na Comunidade do Tum Tum e reforma da ponte sobre o C\u00f3rrego S\u00e3o Domingos.<\/p>\n<p>O IPTU &#8211; Imposto Predial e Territorial Urbano &#8211;  arrecada anualmente R$ 20.300,00 reais. Um miser\u00ea que, no fritar dos ovos, corresponde a R$ 4,00 reais para cada contribuinte. Apesar do Lan\u00e7amento normal em torno de R$ 130 mil e das diversas campanhas de isen\u00e7\u00e3o de juros e multas. Para os moradores do lugar, muita gente sonega. \u201c S\u00f3 pagam quando precisam de alguma certid\u00e3o da prefeitura\u201d, lamenta o contador Jackson Costa.<\/p>\n<p>A cidade possui cerca de 4 mil domic\u00edlios. N\u00e3o foi informado quantos lotes.<\/p>\n<p>Afora isso, o restante das arrecada\u00e7\u00f5es s\u00e3o provenientes de parcerias e conv\u00eanios com o Estado e a Uni\u00e3o, para a manuten\u00e7\u00e3o da Sa\u00fade, Educa\u00e7\u00e3o e Assist\u00eancia Social. Estes recursos s\u00e3o vari\u00e1veis.<\/p>\n<p><img decoding=\"async\" src=\"http:\/\/aconteceunovale.com.br\/portal\/wp-content\/uploads\/2016\/11\/transicao_vdl_4.jpg\" alt=\"\" \/><em>Transporte escolar \u00e9 o setor que mais consome recursos (Divulga\u00e7\u00e3o)<\/em><br \/>\n<\/br><\/p>\n<p>O transporte escolar \u00e9 o que mais consome. \u201c\u00c9 um presente de grego. Recebemos do governo R$ 800 mil e o munic\u00edpio precisa complementar com mais R$ 700 mil para garantir o transporte de pelo menos 1.200 alunos da rede p\u00fablica, sendo que, mais de 90% destes alunos s\u00e3o de responsabilidade do Estado\u201d, destaca Harley Lopes e acrescenta: \u201cmesmo com toda dificuldade estamos garantindo o transporte escolar para nossos alunos e o pagamento em dia para os motoristas terceirizados\u201d.<\/p>\n<p>H\u00e1 ainda as despesas para custeio e  financiamento das a\u00e7\u00f5es e servi\u00e7os p\u00fablicos de sa\u00fade, como por exemplo , das 5 Unidades B\u00e1sicas de Sa\u00fade (UBS) do munic\u00edpio e do Hospital S\u00e3o Domingos. A Lei de Responsabilidade Fiscal &#8211; LRF &#8211; prev\u00ea um m\u00ednimo de 15% de aplica\u00e7\u00e3o em Sa\u00fade, mas hoje investimos em torno de 22% \u201c Somente as despesas com o hospital est\u00e3o em torno de R$ 200 mil\u201d, afirma o prefeito.<\/p>\n<p><strong>Obras<\/strong><\/p>\n<p>Mesmo diante da crise econ\u00f4mica que atingiu as prefeituras de pequenos munic\u00edpios, com queda nas arrecada\u00e7\u00f5es  de impostos e no FPM, Virgem da Lapa tocou obras e conseguiu manter o pagamento de servidores e fornecedores em dia.<\/p>\n<p><img decoding=\"async\" src=\"http:\/\/aconteceunovale.com.br\/portal\/wp-content\/uploads\/2016\/11\/transicao_vdl_5.jpg\" alt=\"\" \/><em>Obra de esgotamento sanit\u00e1rio est\u00e1 sendo feita na cidade (Divulga\u00e7\u00e3o)<\/em><br \/>\n<\/br><\/p>\n<p>\u201cInvestimos cerca de R$ 30 milh\u00f5es em obras nestes \u00faltimos 4 anos, incluindo os valores da Esta\u00e7\u00e3o de Tratamento de Esgotos \u2013 ETE.  Nos orgulhamos de ter realizado uma das melhores capta\u00e7\u00f5es de recursos do Vale do Jequitinhonha\u201d, comemora o prefeito.<\/p>\n<p>Ele destaca que a grande conquista foi mesmo a constru\u00e7\u00e3o da ETE &#8211; cujas obras est\u00e3o  sendo  tocadas pela empresa  R Fonseca, de Belo Horizonte, com recursos na ordem de R$ 13,5 milh\u00f5es da Funasa. O munic\u00edpio fez a doa\u00e7\u00e3o do terreno.<\/p>\n<p>\u201cA obra j\u00e1 est\u00e1 pr\u00f3xima de ser conclu\u00edda e vai atender mais de 70% da popula\u00e7\u00e3o. Algo em torno de 5 mil liga\u00e7\u00f5es\u201d, diz o prefeito  que deseja ver a ETE sendo entregue para a Copasa administrar. \u201c Ela vai ganhar esta obra. Minha proposta \u00e9 que  ela (Copasa) pague em investimentos  no munic\u00edpio, o valor que  a obra custou\u201d, defende Harley Lopes, garantindo que a proposta conta com amparo legal.<\/p>\n<p>Harley Lopes salienta que outro grande desafio do pr\u00f3ximo prefeito \u00e9 com rela\u00e7\u00e3o \u00e0 crise da \u00e1gua e o enfrentamento \u00e0 seca. \u201c Constru\u00edmos perto de 4 mil pequenas barragens em parceria com as comunidades rurais. A prefeitura cedeu as m\u00e1quinas e os operadores,  e a comunidade contribuiu com o pagamento do combust\u00edvel, al\u00e9m da contrata\u00e7\u00e3o de horas-m\u00e1quinas terceirizada\u201d, disse o prefeito.<\/p>\n<p>Ele acrescentou que conseguiu um caminh\u00e3o-pipa atrav\u00e9s do Minist\u00e9rio do Desenvolvimento Agr\u00e1rio e adquiriu outro com recursos pr\u00f3prios, para ajudar no abastecimento de \u00e1gua das comunidades rurais em per\u00edodos de estiagem.<\/p>\n<p><img decoding=\"async\" src=\"http:\/\/aconteceunovale.com.br\/portal\/wp-content\/uploads\/2016\/11\/transicao_vdl_6.jpg\" alt=\"\" \/><em>Constru\u00e7\u00e3o da Esta\u00e7\u00e3o de Tratamento de Esgotos (Divulga\u00e7\u00e3o)<\/em><br \/>\n<\/br><\/p>\n<p><strong>Lei Or\u00e7ament\u00e1ria<\/strong><\/p>\n<p>Em agosto, o Executivo enviou para aprova\u00e7\u00e3o da  C\u00e2mara de Vereadores o Projeto de Lei Or\u00e7ament\u00e1ria  para o exerc\u00edcio de 2017. A lei   \u00e9  o instrumento de planejamento utilizado pelos governantes para gerenciar as receitas e despesas p\u00fablicas em cada exerc\u00edcio financeiro. A previs\u00e3o or\u00e7ament\u00e1ria foi de R$ 38,6 milh\u00f5es.<\/p>\n<p>A arrecada\u00e7\u00e3o de Virgem da Lapa est\u00e1 em torno de R$ 22 milh\u00f5es, sendo que R$ 6,7 milh\u00f5es de  reais s\u00e3o provenientes de recursos vinculados para pagamento das parcelas da ETE e outras obras. A receita corrente gira em torno de R$ 16 milh\u00f5es.<\/p>\n<p>\u201cAs receitas or\u00e7ament\u00e1rias  s\u00e3o menores do que as despesas, o que gera um d\u00e9ficit  em torno de R$ 200 mil mensais, baseado em dados do m\u00eas de  setembro\u201d, informou o tesoureiro.<\/p>\n<p>Na \u00faltima presta\u00e7\u00e3o de contas, a d\u00edvida fundada tinha um saldo acumulado de R$ 2.795.689,39, sendo que mais de 78% desse valor refere-se a um precat\u00f3rio do BDMG e uma d\u00edvida junto ao IPSEMG herdadas do exerc\u00edcio de 2004. O empr\u00e9stimo n\u00e3o foi pago. O governo entrou na Justi\u00e7a contra o munic\u00edpio e  gerou precat\u00f3rios da ordem de R$ 10 milh\u00f5es.<\/p>\n<p>\u201cNegociamos a retirada dos juros sobre juros e desde ent\u00e3o passamos a depositar R$ 15 mil mensais&#8221;, garante Harley .<\/p>\n<p>S\u00e3o dados como esses  que o prefeito  e seus auxiliares diretos, garantem repassar para os futuros gestores do munic\u00edpio  entre os dias 5 e 6 de dezembro.<\/p>\n<p>O prefeito assinalou que a Cidade tem problemas, inclusive econ\u00f4micos, relacionados a finan\u00e7as, referindo-se \u00e0s d\u00edvidas fundadas, que v\u00eam sendo pagas ao longo dos \u00faltimos quatro anos. Ele finalizou garantindo que estar\u00e1 \u00e0 disposi\u00e7\u00e3o do futuro governo para qualquer esclarecimento de d\u00favidas.<\/p>\n<p><img decoding=\"async\" src=\"http:\/\/aconteceunovale.com.br\/portal\/wp-content\/uploads\/2016\/11\/transicao_vdl_7.jpg\" alt=\"\" \/><em>Constru\u00e7\u00e3o da Esta\u00e7\u00e3o de Tratamento de Esgotos (Divulga\u00e7\u00e3o)<\/em><br \/>\n<\/br><\/p>\n<p><em>(Via Gazeta de Ara\u00e7ua\u00ed)<\/em><\/p>\n","protected":false},"excerpt":{"rendered":"<p>O atual prefeito de Virgem da Lapa, no Vale do Jequitinhonha, Harley Lopes (PT), garante que vai disponibilizar at\u00e9 o dia 6 de dezembro todos os dados fiscais e financeiros da administra\u00e7\u00e3o para a Comiss\u00e3o de Transi\u00e7\u00e3o do futuro governo. \u201cN\u00e3o haver\u00e1 nenhum empecilho. Faremos uma transi\u00e7\u00e3o democr\u00e1tica e transparente. \u00c9 uma seguran\u00e7a para mim, [&hellip;]<\/p>\n","protected":false},"author":1,"featured_media":103144,"comment_status":"open","ping_status":"closed","sticky":false,"template":"","format":"standard","meta":{"amp_status":"","footnotes":""},"categories":[40240,120,272578],"tags":[128299,128296,128302,128301,111250,45375,3172,128300,128298,128297,128295,128294,128303,482],"class_list":["post-103143","post","type-post","status-publish","format-standard","has-post-thumbnail","hentry","category-politica","category-jequi","category-virgem-da-lapa","tag-asfaltamento-do-trecho-ijicatuvirgem-da-lapa","tag-atual-prefeito-de-virgem-da-lapa","tag-diogenes-timo","tag-fefa","tag-festa-de-nossa-senhora-da-lapa","tag-harley-lopes","tag-ijicatu","tag-jeferson-barroso","tag-mudanca-de-prefeito-em-virgem-da-lapa","tag-novo-prefeito-de-virgem-da-lapa","tag-transicao-de-prefeito-em-virgem-da-lapa","tag-transicao-em-virgem-da-lapa","tag-transicao-em-virgem-da-lapa-sera-tranquila","tag-virgem-da-lapa"],"yoast_head":"<!-- This site is optimized with the Yoast SEO plugin v28.3 - https:\/\/yoast.com\/product\/yoast-seo-wordpress\/ -->\n<title>Transi\u00e7\u00e3o em Virgem da Lapa ser\u00e1 tranquila, garante atual prefeito - Aconteceu no Vale<\/title>\n<meta name=\"robots\" content=\"index, follow, max-snippet:-1, max-image-preview:large, max-video-preview:-1\" \/>\n<link rel=\"canonical\" href=\"https:\/\/aconteceunovale.com.br\/portal\/?p=103143\" \/>\n<meta property=\"og:locale\" content=\"pt_BR\" \/>\n<meta property=\"og:type\" content=\"article\" \/>\n<meta property=\"og:title\" content=\"Transi\u00e7\u00e3o em Virgem da Lapa ser\u00e1 tranquila, garante atual prefeito - Aconteceu no Vale\" \/>\n<meta property=\"og:description\" content=\"O atual prefeito de Virgem da Lapa, no Vale do Jequitinhonha, Harley Lopes (PT), garante que vai disponibilizar at\u00e9 o dia 6 de dezembro todos os dados fiscais e financeiros da administra\u00e7\u00e3o para a Comiss\u00e3o de Transi\u00e7\u00e3o do futuro governo. \u201cN\u00e3o haver\u00e1 nenhum empecilho. Faremos uma transi\u00e7\u00e3o democr\u00e1tica e transparente. \u00c9 uma seguran\u00e7a para mim, [&hellip;]\" \/>\n<meta property=\"og:url\" content=\"https:\/\/aconteceunovale.com.br\/portal\/?p=103143\" \/>\n<meta property=\"og:site_name\" content=\"Aconteceu no Vale\" \/>\n<meta property=\"article:publisher\" content=\"https:\/\/www.facebook.com\/aconteceunovale\/\" \/>\n<meta property=\"article:published_time\" content=\"2016-11-30T18:17:32+00:00\" \/>\n<meta property=\"article:modified_time\" content=\"2026-09-02T16:57:16+00:00\" \/>\n<meta property=\"og:image\" content=\"https:\/\/aconteceunovale.com.br\/portal\/wp-content\/uploads\/2016\/11\/transicao_vdl_1.jpg\" \/>\n\t<meta property=\"og:image:width\" content=\"625\" \/>\n\t<meta property=\"og:image:height\" content=\"378\" \/>\n\t<meta property=\"og:image:type\" content=\"image\/jpeg\" \/>\n<meta name=\"author\" content=\"Aconteceu no Vale\" \/>\n<meta name=\"twitter:card\" content=\"summary_large_image\" \/>\n<meta name=\"twitter:creator\" content=\"@noticiadosvales\" \/>\n<meta name=\"twitter:site\" content=\"@noticiadosvales\" \/>\n<meta name=\"twitter:label1\" content=\"Escrito por\" \/>\n\t<meta name=\"twitter:data1\" content=\"Aconteceu no Vale\" \/>\n\t<meta name=\"twitter:label2\" content=\"Est. tempo de leitura\" \/>\n\t<meta name=\"twitter:data2\" content=\"11 minutos\" \/>\n<script type=\"application\/ld+json\" class=\"yoast-schema-graph\">{\"@context\":\"https:\\\/\\\/schema.org\",\"@graph\":[{\"@type\":\"Article\",\"@id\":\"https:\\\/\\\/aconteceunovale.com.br\\\/portal\\\/?p=103143#article\",\"isPartOf\":{\"@id\":\"https:\\\/\\\/aconteceunovale.com.br\\\/portal\\\/?p=103143\"},\"author\":{\"name\":\"Aconteceu no Vale\",\"@id\":\"https:\\\/\\\/aconteceunovale.com.br\\\/portal\\\/#\\\/schema\\\/person\\\/633529146f2c94272bef50ac2953d589\"},\"headline\":\"Transi\u00e7\u00e3o em Virgem da Lapa ser\u00e1 tranquila, garante atual prefeito\",\"datePublished\":\"2016-11-30T18:17:32+00:00\",\"dateModified\":\"2026-09-02T16:57:16+00:00\",\"mainEntityOfPage\":{\"@id\":\"https:\\\/\\\/aconteceunovale.com.br\\\/portal\\\/?p=103143\"},\"wordCount\":2182,\"commentCount\":0,\"image\":{\"@id\":\"https:\\\/\\\/aconteceunovale.com.br\\\/portal\\\/?p=103143#primaryimage\"},\"thumbnailUrl\":\"https:\\\/\\\/aconteceunovale.com.br\\\/portal\\\/wp-content\\\/uploads\\\/2016\\\/11\\\/transicao_vdl_1.jpg\",\"keywords\":[\"asfaltamento do trecho Ijicatu\\\/Virgem da Lapa\",\"Atual prefeito de Virgem da Lapa\",\"Di\u00f3genes Timo\",\"Fefa\",\"festa de Nossa Senhora da Lapa\",\"Harley Lopes\",\"Ijicatu\",\"Jeferson Barroso\",\"Mudan\u00e7a de prefeito em Virgem da Lapa\",\"Novo prefeito de Virgem da Lapa\",\"Transi\u00e7\u00e3o de prefeito em Virgem da Lapa\",\"Transi\u00e7\u00e3o em Virgem da Lapa\",\"Transi\u00e7\u00e3o em Virgem da Lapa ser\u00e1 tranquila\",\"Virgem da Lapa\"],\"articleSection\":[\"Pol\u00edtica\",\"Vale do Jequitinhonha\",\"Virgem da Lapa\"],\"inLanguage\":\"pt-BR\",\"potentialAction\":[{\"@type\":\"CommentAction\",\"name\":\"Comment\",\"target\":[\"https:\\\/\\\/aconteceunovale.com.br\\\/portal\\\/?p=103143#respond\"]}]},{\"@type\":\"WebPage\",\"@id\":\"https:\\\/\\\/aconteceunovale.com.br\\\/portal\\\/?p=103143\",\"url\":\"https:\\\/\\\/aconteceunovale.com.br\\\/portal\\\/?p=103143\",\"name\":\"Transi\u00e7\u00e3o em Virgem da Lapa ser\u00e1 tranquila, garante atual prefeito - Aconteceu no Vale\",\"isPartOf\":{\"@id\":\"https:\\\/\\\/aconteceunovale.com.br\\\/portal\\\/#website\"},\"primaryImageOfPage\":{\"@id\":\"https:\\\/\\\/aconteceunovale.com.br\\\/portal\\\/?p=103143#primaryimage\"},\"image\":{\"@id\":\"https:\\\/\\\/aconteceunovale.com.br\\\/portal\\\/?p=103143#primaryimage\"},\"thumbnailUrl\":\"https:\\\/\\\/aconteceunovale.com.br\\\/portal\\\/wp-content\\\/uploads\\\/2016\\\/11\\\/transicao_vdl_1.jpg\",\"datePublished\":\"2016-11-30T18:17:32+00:00\",\"dateModified\":\"2026-09-02T16:57:16+00:00\",\"author\":{\"@id\":\"https:\\\/\\\/aconteceunovale.com.br\\\/portal\\\/#\\\/schema\\\/person\\\/633529146f2c94272bef50ac2953d589\"},\"breadcrumb\":{\"@id\":\"https:\\\/\\\/aconteceunovale.com.br\\\/portal\\\/?p=103143#breadcrumb\"},\"inLanguage\":\"pt-BR\",\"potentialAction\":[{\"@type\":\"ReadAction\",\"target\":[\"https:\\\/\\\/aconteceunovale.com.br\\\/portal\\\/?p=103143\"]}]},{\"@type\":\"ImageObject\",\"inLanguage\":\"pt-BR\",\"@id\":\"https:\\\/\\\/aconteceunovale.com.br\\\/portal\\\/?p=103143#primaryimage\",\"url\":\"https:\\\/\\\/aconteceunovale.com.br\\\/portal\\\/wp-content\\\/uploads\\\/2016\\\/11\\\/transicao_vdl_1.jpg\",\"contentUrl\":\"https:\\\/\\\/aconteceunovale.com.br\\\/portal\\\/wp-content\\\/uploads\\\/2016\\\/11\\\/transicao_vdl_1.jpg\",\"width\":625,\"height\":378},{\"@type\":\"BreadcrumbList\",\"@id\":\"https:\\\/\\\/aconteceunovale.com.br\\\/portal\\\/?p=103143#breadcrumb\",\"itemListElement\":[{\"@type\":\"ListItem\",\"position\":1,\"name\":\"In\u00edcio\",\"item\":\"https:\\\/\\\/aconteceunovale.com.br\\\/portal\\\/\"},{\"@type\":\"ListItem\",\"position\":2,\"name\":\"Transi\u00e7\u00e3o em Virgem da Lapa ser\u00e1 tranquila, garante atual prefeito\"}]},{\"@type\":\"WebSite\",\"@id\":\"https:\\\/\\\/aconteceunovale.com.br\\\/portal\\\/#website\",\"url\":\"https:\\\/\\\/aconteceunovale.com.br\\\/portal\\\/\",\"name\":\"Aconteceu no Vale\",\"description\":\"Portal de Not\u00edcias\",\"potentialAction\":[{\"@type\":\"SearchAction\",\"target\":{\"@type\":\"EntryPoint\",\"urlTemplate\":\"https:\\\/\\\/aconteceunovale.com.br\\\/portal\\\/?s={search_term_string}\"},\"query-input\":{\"@type\":\"PropertyValueSpecification\",\"valueRequired\":true,\"valueName\":\"search_term_string\"}}],\"inLanguage\":\"pt-BR\"},{\"@type\":\"Person\",\"@id\":\"https:\\\/\\\/aconteceunovale.com.br\\\/portal\\\/#\\\/schema\\\/person\\\/633529146f2c94272bef50ac2953d589\",\"name\":\"Aconteceu no Vale\",\"description\":\"Equipe de reportagem do Aconteceu no Vale, portal de not\u00edcias do Vale do Jequitinhonha, em Minas Gerais. Cobrimos as 51 cidades do Vale desde 2013. Sugest\u00f5es de pauta e pedidos de corre\u00e7\u00e3o: contato@aconteceunovale.com.br\",\"sameAs\":[\"http:\\\/\\\/www.aconteceunovale.com.br\"],\"url\":\"https:\\\/\\\/aconteceunovale.com.br\\\/portal\\\/?author=1\"}]}<\/script>\n<!-- \/ Yoast SEO plugin. -->","yoast_head_json":{"title":"Transi\u00e7\u00e3o em Virgem da Lapa ser\u00e1 tranquila, garante atual prefeito - Aconteceu no Vale","robots":{"index":"index","follow":"follow","max-snippet":"max-snippet:-1","max-image-preview":"max-image-preview:large","max-video-preview":"max-video-preview:-1"},"canonical":"https:\/\/aconteceunovale.com.br\/portal\/?p=103143","og_locale":"pt_BR","og_type":"article","og_title":"Transi\u00e7\u00e3o em Virgem da Lapa ser\u00e1 tranquila, garante atual prefeito - Aconteceu no Vale","og_description":"O atual prefeito de Virgem da Lapa, no Vale do Jequitinhonha, Harley Lopes (PT), garante que vai disponibilizar at\u00e9 o dia 6 de dezembro todos os dados fiscais e financeiros da administra\u00e7\u00e3o para a Comiss\u00e3o de Transi\u00e7\u00e3o do futuro governo. \u201cN\u00e3o haver\u00e1 nenhum empecilho. Faremos uma transi\u00e7\u00e3o democr\u00e1tica e transparente. \u00c9 uma seguran\u00e7a para mim, [&hellip;]","og_url":"https:\/\/aconteceunovale.com.br\/portal\/?p=103143","og_site_name":"Aconteceu no Vale","article_publisher":"https:\/\/www.facebook.com\/aconteceunovale\/","article_published_time":"2016-11-30T18:17:32+00:00","article_modified_time":"2026-09-02T16:57:16+00:00","og_image":[{"width":625,"height":378,"url":"https:\/\/aconteceunovale.com.br\/portal\/wp-content\/uploads\/2016\/11\/transicao_vdl_1.jpg","type":"image\/jpeg"}],"author":"Aconteceu no Vale","twitter_card":"summary_large_image","twitter_creator":"@noticiadosvales","twitter_site":"@noticiadosvales","twitter_misc":{"Escrito por":"Aconteceu no Vale","Est. tempo de leitura":"11 minutos"},"schema":{"@context":"https:\/\/schema.org","@graph":[{"@type":"Article","@id":"https:\/\/aconteceunovale.com.br\/portal\/?p=103143#article","isPartOf":{"@id":"https:\/\/aconteceunovale.com.br\/portal\/?p=103143"},"author":{"name":"Aconteceu no Vale","@id":"https:\/\/aconteceunovale.com.br\/portal\/#\/schema\/person\/633529146f2c94272bef50ac2953d589"},"headline":"Transi\u00e7\u00e3o em Virgem da Lapa ser\u00e1 tranquila, garante atual prefeito","datePublished":"2016-11-30T18:17:32+00:00","dateModified":"2026-09-02T16:57:16+00:00","mainEntityOfPage":{"@id":"https:\/\/aconteceunovale.com.br\/portal\/?p=103143"},"wordCount":2182,"commentCount":0,"image":{"@id":"https:\/\/aconteceunovale.com.br\/portal\/?p=103143#primaryimage"},"thumbnailUrl":"https:\/\/aconteceunovale.com.br\/portal\/wp-content\/uploads\/2016\/11\/transicao_vdl_1.jpg","keywords":["asfaltamento do trecho Ijicatu\/Virgem da Lapa","Atual prefeito de Virgem da Lapa","Di\u00f3genes Timo","Fefa","festa de Nossa Senhora da Lapa","Harley Lopes","Ijicatu","Jeferson Barroso","Mudan\u00e7a de prefeito em Virgem da Lapa","Novo prefeito de Virgem da Lapa","Transi\u00e7\u00e3o de prefeito em Virgem da Lapa","Transi\u00e7\u00e3o em Virgem da Lapa","Transi\u00e7\u00e3o em Virgem da Lapa ser\u00e1 tranquila","Virgem da Lapa"],"articleSection":["Pol\u00edtica","Vale do Jequitinhonha","Virgem da Lapa"],"inLanguage":"pt-BR","potentialAction":[{"@type":"CommentAction","name":"Comment","target":["https:\/\/aconteceunovale.com.br\/portal\/?p=103143#respond"]}]},{"@type":"WebPage","@id":"https:\/\/aconteceunovale.com.br\/portal\/?p=103143","url":"https:\/\/aconteceunovale.com.br\/portal\/?p=103143","name":"Transi\u00e7\u00e3o em Virgem da Lapa ser\u00e1 tranquila, garante atual prefeito - Aconteceu no Vale","isPartOf":{"@id":"https:\/\/aconteceunovale.com.br\/portal\/#website"},"primaryImageOfPage":{"@id":"https:\/\/aconteceunovale.com.br\/portal\/?p=103143#primaryimage"},"image":{"@id":"https:\/\/aconteceunovale.com.br\/portal\/?p=103143#primaryimage"},"thumbnailUrl":"https:\/\/aconteceunovale.com.br\/portal\/wp-content\/uploads\/2016\/11\/transicao_vdl_1.jpg","datePublished":"2016-11-30T18:17:32+00:00","dateModified":"2026-09-02T16:57:16+00:00","author":{"@id":"https:\/\/aconteceunovale.com.br\/portal\/#\/schema\/person\/633529146f2c94272bef50ac2953d589"},"breadcrumb":{"@id":"https:\/\/aconteceunovale.com.br\/portal\/?p=103143#breadcrumb"},"inLanguage":"pt-BR","potentialAction":[{"@type":"ReadAction","target":["https:\/\/aconteceunovale.com.br\/portal\/?p=103143"]}]},{"@type":"ImageObject","inLanguage":"pt-BR","@id":"https:\/\/aconteceunovale.com.br\/portal\/?p=103143#primaryimage","url":"https:\/\/aconteceunovale.com.br\/portal\/wp-content\/uploads\/2016\/11\/transicao_vdl_1.jpg","contentUrl":"https:\/\/aconteceunovale.com.br\/portal\/wp-content\/uploads\/2016\/11\/transicao_vdl_1.jpg","width":625,"height":378},{"@type":"BreadcrumbList","@id":"https:\/\/aconteceunovale.com.br\/portal\/?p=103143#breadcrumb","itemListElement":[{"@type":"ListItem","position":1,"name":"In\u00edcio","item":"https:\/\/aconteceunovale.com.br\/portal\/"},{"@type":"ListItem","position":2,"name":"Transi\u00e7\u00e3o em Virgem da Lapa ser\u00e1 tranquila, garante atual prefeito"}]},{"@type":"WebSite","@id":"https:\/\/aconteceunovale.com.br\/portal\/#website","url":"https:\/\/aconteceunovale.com.br\/portal\/","name":"Aconteceu no Vale","description":"Portal de Not\u00edcias","potentialAction":[{"@type":"SearchAction","target":{"@type":"EntryPoint","urlTemplate":"https:\/\/aconteceunovale.com.br\/portal\/?s={search_term_string}"},"query-input":{"@type":"PropertyValueSpecification","valueRequired":true,"valueName":"search_term_string"}}],"inLanguage":"pt-BR"},{"@type":"Person","@id":"https:\/\/aconteceunovale.com.br\/portal\/#\/schema\/person\/633529146f2c94272bef50ac2953d589","name":"Aconteceu no Vale","description":"Equipe de reportagem do Aconteceu no Vale, portal de not\u00edcias do Vale do Jequitinhonha, em Minas Gerais. Cobrimos as 51 cidades do Vale desde 2013. Sugest\u00f5es de pauta e pedidos de corre\u00e7\u00e3o: contato@aconteceunovale.com.br","sameAs":["http:\/\/www.aconteceunovale.com.br"],"url":"https:\/\/aconteceunovale.com.br\/portal\/?author=1"}]}},"_links":{"self":[{"href":"https:\/\/aconteceunovale.com.br\/portal\/index.php?rest_route=\/wp\/v2\/posts\/103143","targetHints":{"allow":["GET"]}}],"collection":[{"href":"https:\/\/aconteceunovale.com.br\/portal\/index.php?rest_route=\/wp\/v2\/posts"}],"about":[{"href":"https:\/\/aconteceunovale.com.br\/portal\/index.php?rest_route=\/wp\/v2\/types\/post"}],"author":[{"embeddable":true,"href":"https:\/\/aconteceunovale.com.br\/portal\/index.php?rest_route=\/wp\/v2\/users\/1"}],"replies":[{"embeddable":true,"href":"https:\/\/aconteceunovale.com.br\/portal\/index.php?rest_route=%2Fwp%2Fv2%2Fcomments&post=103143"}],"version-history":[{"count":1,"href":"https:\/\/aconteceunovale.com.br\/portal\/index.php?rest_route=\/wp\/v2\/posts\/103143\/revisions"}],"predecessor-version":[{"id":202020,"href":"https:\/\/aconteceunovale.com.br\/portal\/index.php?rest_route=\/wp\/v2\/posts\/103143\/revisions\/202020"}],"wp:featuredmedia":[{"embeddable":true,"href":"https:\/\/aconteceunovale.com.br\/portal\/index.php?rest_route=\/wp\/v2\/media\/103144"}],"wp:attachment":[{"href":"https:\/\/aconteceunovale.com.br\/portal\/index.php?rest_route=%2Fwp%2Fv2%2Fmedia&parent=103143"}],"wp:term":[{"taxonomy":"category","embeddable":true,"href":"https:\/\/aconteceunovale.com.br\/portal\/index.php?rest_route=%2Fwp%2Fv2%2Fcategories&post=103143"},{"taxonomy":"post_tag","embeddable":true,"href":"https:\/\/aconteceunovale.com.br\/portal\/index.php?rest_route=%2Fwp%2Fv2%2Ftags&post=103143"}],"curies":[{"name":"wp","href":"https:\/\/api.w.org\/{rel}","templated":true}]}}