{"id":103141,"date":"2016-11-30T15:57:36","date_gmt":"2016-11-30T17:57:36","guid":{"rendered":"http:\/\/aconteceunovale.com.br\/portal\/?p=103141"},"modified":"2016-11-30T15:57:36","modified_gmt":"2016-11-30T17:57:36","slug":"farmacia-e-assaltada-por-bandido-armado-em-padre-paraiso-no-vale-do-jequitinhonha","status":"publish","type":"post","link":"https:\/\/aconteceunovale.com.br\/portal\/?p=103141","title":{"rendered":"Farm\u00e1cia \u00e9 assaltada por bandido armado em Padre Para\u00edso, no Vale do Jequitinhonha"},"content":{"rendered":"<p>Um homem armado com uma garrucha assaltou uma farm\u00e1cia localizada na Avenida Minas Gerais, regi\u00e3o central de Padre Para\u00edso, no Vale do Jequitinhonha, na noite de segunda-feira (28\/11\/2016). Duas funcion\u00e1rias, de 21 e 24 anos de idade, informaram que o criminoso usava uma camisa polo, bermuda preta e bon\u00e9. Ao entrar no estabelecimento, ele foi direto para o caixa, anunciou o assalto, passou para o lado de dentro e roubou cerca de R$ 500 em dinheiro.<\/p>\n<p>Ap\u00f3s recolher a quantia, o assaltante amea\u00e7ou as funcion\u00e1rias e em seguida fugiu a p\u00e9, em desabalada carreira sentido o bairro Vila Vieira.<\/p>\n<p>Ap\u00f3s as informa\u00e7\u00f5es, a pol\u00edcia militar fez rastreamentos por v\u00e1rios bairros da cidade, foi at\u00e9 \u00e0 casa de um suspeito que \u00e9 conhecido pela pr\u00e1tica de roubos, por\u00e9m ningu\u00e9m foi localizado.<\/p>\n<p>Foi registrado o fato e a v\u00edtimas orientadas a procurar a Delegacia de Pol\u00edcia para demais provid\u00eancias contra o autor por elas identificado. At\u00e9 o momento, ningu\u00e9m foi preso.<\/p>\n<p><img decoding=\"async\" src=\"http:\/\/aconteceunovale.com.br\/portal\/wp-content\/uploads\/2015\/05\/padre_paraiso.jpg\" alt=\"\" \/><em>Padre Para\u00edso, no Jequitinhonha (Foto: Divulga\u00e7\u00e3o)<\/em><br \/>\n<\/br><\/p>\n<p><em>(Fonte: Gazeta de Ara\u00e7ua\u00ed)<\/em><\/p>\n","protected":false},"excerpt":{"rendered":"<p>Um homem armado com uma garrucha assaltou uma farm\u00e1cia localizada na Avenida Minas Gerais, regi\u00e3o central de Padre Para\u00edso, no Vale do Jequitinhonha, na noite de segunda-feira (28\/11\/2016). Duas funcion\u00e1rias, de 21 e 24 anos de idade, informaram que o criminoso usava uma camisa polo, bermuda preta e bon\u00e9. Ao entrar no estabelecimento, ele foi [&hellip;]<\/p>\n","protected":false},"author":1,"featured_media":60134,"comment_status":"open","ping_status":"closed","sticky":false,"template":"","format":"standard","meta":{"amp_status":"","footnotes":""},"categories":[120],"tags":[128292,74766,128291,572,128293,74767],"class_list":["post-103141","post","type-post","status-publish","format-standard","has-post-thumbnail","hentry","category-jequi","tag-assalto-farmacia-padre-paraiso","tag-assalto-padre-paraiso","tag-farmacia-e-assaltada-por-bandido-armado-em-padre-paraiso","tag-padre-paraiso","tag-roubo-farmacia-padre-paraiso","tag-roubo-padre-paraiso"],"_links":{"self":[{"href":"https:\/\/aconteceunovale.com.br\/portal\/index.php?rest_route=\/wp\/v2\/posts\/103141","targetHints":{"allow":["GET"]}}],"collection":[{"href":"https:\/\/aconteceunovale.com.br\/portal\/index.php?rest_route=\/wp\/v2\/posts"}],"about":[{"href":"https:\/\/aconteceunovale.com.br\/portal\/index.php?rest_route=\/wp\/v2\/types\/post"}],"author":[{"embeddable":true,"href":"https:\/\/aconteceunovale.com.br\/portal\/index.php?rest_route=\/wp\/v2\/users\/1"}],"replies":[{"embeddable":true,"href":"https:\/\/aconteceunovale.com.br\/portal\/index.php?rest_route=%2Fwp%2Fv2%2Fcomments&post=103141"}],"version-history":[{"count":0,"href":"https:\/\/aconteceunovale.com.br\/portal\/index.php?rest_route=\/wp\/v2\/posts\/103141\/revisions"}],"wp:featuredmedia":[{"embeddable":true,"href":"https:\/\/aconteceunovale.com.br\/portal\/index.php?rest_route=\/wp\/v2\/media\/60134"}],"wp:attachment":[{"href":"https:\/\/aconteceunovale.com.br\/portal\/index.php?rest_route=%2Fwp%2Fv2%2Fmedia&parent=103141"}],"wp:term":[{"taxonomy":"category","embeddable":true,"href":"https:\/\/aconteceunovale.com.br\/portal\/index.php?rest_route=%2Fwp%2Fv2%2Fcategories&post=103141"},{"taxonomy":"post_tag","embeddable":true,"href":"https:\/\/aconteceunovale.com.br\/portal\/index.php?rest_route=%2Fwp%2Fv2%2Ftags&post=103141"}],"curies":[{"name":"wp","href":"https:\/\/api.w.org\/{rel}","templated":true}]}}