{"id":103135,"date":"2016-11-30T15:43:21","date_gmt":"2016-11-30T17:43:21","guid":{"rendered":"http:\/\/aconteceunovale.com.br\/portal\/?p=103135"},"modified":"2016-11-30T15:43:21","modified_gmt":"2016-11-30T17:43:21","slug":"homem-que-matou-esposa-na-presenca-da-filha-em-aracuai-e-condenado-a-21-anos-de-prisao","status":"publish","type":"post","link":"https:\/\/aconteceunovale.com.br\/portal\/?p=103135","title":{"rendered":"Homem que matou esposa na presen\u00e7a da filha em Ara\u00e7ua\u00ed \u00e9 condenado a 21 anos de pris\u00e3o"},"content":{"rendered":"<p>O motorista Jos\u00e9 Fernando Almeida Silva, de 54 anos, foi condenado nesta ter\u00e7a-feira (29\/11\/2016) a 21 anos e 10 meses de pris\u00e3o por ter matado a esposa a pauladas, sem dar a ela, chance de defesa. Ele vai cumprir a pena em regime fechado.<\/p>\n<p>O crime aconteceu na tarde de 22 de setembro de 2014, na casa onde o casal morava, na Pra\u00e7a Oleg\u00e1rio Maciel, regi\u00e3o central de Ara\u00e7ua\u00ed, no Vale do Jequitinhonha. A motiva\u00e7\u00e3o seria uma crise de ci\u00fames. O casal estava em processo de separa\u00e7\u00e3o. <\/p>\n<p>Uma crian\u00e7a, filha do casal, presenciou o crime. Clarisse Neves de Lima, de 47 anos, teria procurado a  pol\u00edcia h\u00e1 alguns meses, reclamando dos ci\u00fames exagerados do  marido.  Contra  Jos\u00e9 Fernando  j\u00e1 havia  uma medida protetiva determinando o afastamento dele da companheira que sofria viol\u00eancia dom\u00e9stica.<\/p>\n<p>A mulher procurou a pol\u00edcia pelo menos tr\u00eas vezes at\u00e9 tomar coragem de representar criminalmente contra o marido. No dia do crime, Clarisse  chegou a ser socorrida por policiais militares, mas faleceu horas depois de dar entrada  no hospital da cidade.<\/p>\n<p>Ap\u00f3s o crime, Jos\u00e9 Fernando, que \u00e9 natural de Te\u00f3filo Otoni, fugiu, mas foi capturado dias depois.<\/p>\n<p><strong>Regime fechado<\/strong><\/p>\n<p>A sess\u00e3o do J\u00fari que o condenou durou cerca de 9 horas.  De acordo com o juiz Carlos Juncken Rodrigues, a decis\u00e3o dos jurados pela condena\u00e7\u00e3o est\u00e1 de acordo com as provas apresentadas durante o processo.<\/p>\n<p>O motorista, que j\u00e1 estava preso, dever\u00e1 cumprir a senten\u00e7a em regime fechado.<\/p>\n<p>Durante a realiza\u00e7\u00e3o do j\u00fari, familiares e amigos foram para a porta do f\u00f3rum. Eles afixaram uma faixa em frente ao pr\u00e9dio, exigindo justi\u00e7a.<\/p>\n<p><img decoding=\"async\" src=\"http:\/\/aconteceunovale.com.br\/portal\/wp-content\/uploads\/2016\/11\/condenacao_aracuai.jpg\" alt=\"\" \/><em>Faixa foi colocada em frente ao pr\u00e9dio do F\u00f3rum (Foto: Gazeta de Ara\u00e7ua\u00ed)<\/em><br \/>\n<\/br><\/p>\n<p><em>(Fonte: Gazeta de Ara\u00e7ua\u00ed)<\/em><\/p>\n","protected":false},"excerpt":{"rendered":"<p>O motorista Jos\u00e9 Fernando Almeida Silva, de 54 anos, foi condenado nesta ter\u00e7a-feira (29\/11\/2016) a 21 anos e 10 meses de pris\u00e3o por ter matado a esposa a pauladas, sem dar a ela, chance de defesa. Ele vai cumprir a pena em regime fechado. O crime aconteceu na tarde de 22 de setembro de 2014, [&hellip;]<\/p>\n","protected":false},"author":1,"featured_media":103136,"comment_status":"open","ping_status":"closed","sticky":false,"template":"","format":"standard","meta":{"amp_status":"","footnotes":""},"categories":[120],"tags":[186,16551,128284,128285,16553,128286,391,16552,19821,19822,19820,19823,164],"class_list":["post-103135","post","type-post","status-publish","format-standard","has-post-thumbnail","hentry","category-jequi","tag-aracuai","tag-clarisse-neves-lima","tag-condenado-em-aracuai","tag-condenado-por-homicidio-em-aracuai","tag-homem-mata-esposa-a-pauladas-durante-crise-de-ciumes-em-aracuai","tag-homem-que-matou-esposa-na-presenca-da-filha-em-aracuai-e-condenado-a-21-anos-de-prisao","tag-itaobim","tag-jose-fernando-almeida-silva","tag-jose-ferreira-dos-santos","tag-lionara-goncalves-dos-santos","tag-mulheres-protestam-contra-a-violencia-durante-passeata-em-aracuai","tag-mulheres-protestam-contra-a-violencia-em-aracuai","tag-teofilo-otoni"],"_links":{"self":[{"href":"https:\/\/aconteceunovale.com.br\/portal\/index.php?rest_route=\/wp\/v2\/posts\/103135","targetHints":{"allow":["GET"]}}],"collection":[{"href":"https:\/\/aconteceunovale.com.br\/portal\/index.php?rest_route=\/wp\/v2\/posts"}],"about":[{"href":"https:\/\/aconteceunovale.com.br\/portal\/index.php?rest_route=\/wp\/v2\/types\/post"}],"author":[{"embeddable":true,"href":"https:\/\/aconteceunovale.com.br\/portal\/index.php?rest_route=\/wp\/v2\/users\/1"}],"replies":[{"embeddable":true,"href":"https:\/\/aconteceunovale.com.br\/portal\/index.php?rest_route=%2Fwp%2Fv2%2Fcomments&post=103135"}],"version-history":[{"count":0,"href":"https:\/\/aconteceunovale.com.br\/portal\/index.php?rest_route=\/wp\/v2\/posts\/103135\/revisions"}],"wp:featuredmedia":[{"embeddable":true,"href":"https:\/\/aconteceunovale.com.br\/portal\/index.php?rest_route=\/wp\/v2\/media\/103136"}],"wp:attachment":[{"href":"https:\/\/aconteceunovale.com.br\/portal\/index.php?rest_route=%2Fwp%2Fv2%2Fmedia&parent=103135"}],"wp:term":[{"taxonomy":"category","embeddable":true,"href":"https:\/\/aconteceunovale.com.br\/portal\/index.php?rest_route=%2Fwp%2Fv2%2Fcategories&post=103135"},{"taxonomy":"post_tag","embeddable":true,"href":"https:\/\/aconteceunovale.com.br\/portal\/index.php?rest_route=%2Fwp%2Fv2%2Ftags&post=103135"}],"curies":[{"name":"wp","href":"https:\/\/api.w.org\/{rel}","templated":true}]}}